{"id":11352,"date":"2018-11-15T14:04:16","date_gmt":"2018-11-15T13:04:16","guid":{"rendered":"https:\/\/www.amag-group.ch\/blog\/?p=11352"},"modified":"2025-03-11T14:30:40","modified_gmt":"2025-03-11T13:30:40","slug":"auto-zuerich-2018","status":"publish","type":"post","link":"https:\/\/www.amag-group.ch\/blog\/auto-zuerich-2018\/","title":{"rendered":"Das war die Auto Z\u00fcrich 2018 \u2013 Video"},"content":{"rendered":"<p style=\"text-align: left;\"><span style=\"font-weight: 400;\">Die 32. Ausgabe der <a href=\"http:\/\/www.auto-zuerich.ch\/\" target=\"_blank\" rel=\"noopener\">Auto Z\u00fcrich Car Show<\/a> ist Geschichte. Sie war wie jedes Jahr ein Highlight f\u00fcr die AMAG.\u00a0<\/span><span style=\"font-weight: 400;\">Wir haben im Video ein paar Eindr\u00fccke und Stimmen f\u00fcr Sie eingefangen.<\/span><\/p>\n<p><iframe src=\"https:\/\/media10.simplex.tv\/content\/800\/919\/109873\/?embed=1\" width=\"560\" height=\"315\" frameborder=\"0\" scrolling=\"no\" allowfullscreen=\"allowfullscreen\"><\/iframe><\/p>\n<p><sup>01:02: Lorena Majoleth,\u00a0Fachspezialistin Vertriebssteuerung &amp; Marketing bei AMAG Leasing\u00a0<\/sup><\/p>\n<p><span style=\"font-weight: 400;\">Ein erlebnisreiches Rahmenprogramm sorgte an der diesj\u00e4hrigen Auto Z\u00fcrich Car Show f\u00fcr einen grossen Besucheraufmarsch: Vom 8. bis 11. November 2018 sind insgesamt 56\u2019110 Personen durch die sieben Ausstellungshallen in der Messe Z\u00fcrich geschlendert. Die einzige Europapremiere an der Messe, der <\/span><a href=\"https:\/\/www.volkswagen.ch\/de\/modelle\/t-cross.html\" target=\"_blank\" rel=\"noopener\"><span style=\"font-weight: 400;\"><span style=\"text-decoration: underline;\">VW T-Cross<\/span>, <\/span><\/a><span style=\"font-weight: 400;\">entwickelte sich zum Publikumsmagnet. Die AMAG war in der Halle 7 mit ihren Marken, zahlreichen Neuheiten und einer Bar vertreten. Wer auf einen Drink vorbei kam, konnte sich beim Online Game \u00ab<\/span><span style=\"text-decoration: underline;\"><a href=\"http:\/\/amag.opten.ch\/game_preview\/game_leasingplus_v2017-11-14\/index.html\" target=\"_blank\" rel=\"noopener\"><span style=\"font-weight: 400;\">Z\u00fcriCup<\/span><\/a><\/span><span style=\"font-weight: 400;\">\u00bb im virtuellen Rennen durch die Stadt Z\u00fcrich mit anderen messen und dabei tolle Preise gewinnen. <\/span><\/p>\n<p><span style=\"font-weight: 400;\">Ein besonderes Highlight an der Auto Z\u00fcrich Car Show waren die \u00abFire-ups\u00bb des Alfa Romeo Sauber F1-Teams aus Hinwil. Dieses startete den Hochleistungsmotor und liess ihn durch die Messehallen heulen \u2013 so laut, dass vorher Ohrst\u00f6psel an die Zuschauer verteilt wurden. Im Kontrast dazu zeigte sich die Messe aber vor allem auch im Zeichen der elektrischen und digitalen Zukunft<\/span><span style=\"font-weight: 400;\">: Di<\/span><span style=\"font-weight: 400;\">e elektrische Rennserie Formel E lockte mit ihren Simulatoren viele Neugierige an. In Halle sechs konnten Besucher bei \u00abUrban Street Mobility\u00bb Elektrofahrzeuge wie Scooter, Velos oder Rollbretter Probefahren. Ebenso waren einige Start-ups mit innovativen L\u00f6sungen f\u00fcr die Zukunft der Automobilit\u00e4t vertreten \u2013 zum Beispiel <\/span><span style=\"text-decoration: underline;\"><a href=\"https:\/\/autosense.ch\/\" target=\"_blank\" rel=\"noopener\"><span style=\"font-weight: 400;\">autoSense<\/span><\/a><\/span><span style=\"font-weight: 400;\">, ein digitaler Assistent, der das Auto intelligent vernetzt. Die Zusammenarbeit zwischen autoSense und der AMAG Leasing hat vor Kurzem begonnen und erste Angebote werden in K\u00fcrze auf den Markt kommen. Man darf also gespannt sein. <\/span><\/p>\n<p>&nbsp;<\/p>\n","protected":false},"excerpt":{"rendered":"<p>Ein herzliches Danke an die tausenden begeisterten Besucher in unserer AMAG Halle 7. <\/p>\n","protected":false},"author":54,"featured_media":11361,"comment_status":"open","ping_status":"open","sticky":false,"template":"","format":"standard","meta":{"_acf_changed":false,"inline_featured_image":false,"footnotes":""},"categories":[8119],"tags":[],"class_list":["post-11352","post","type-post","status-publish","format-standard","has-post-thumbnail","hentry","category-auto-technik"],"acf":[],"_links":{"self":[{"href":"https:\/\/www.amag-group.ch\/blog\/wp-json\/wp\/v2\/posts\/11352","targetHints":{"allow":["GET"]}}],"collection":[{"href":"https:\/\/www.amag-group.ch\/blog\/wp-json\/wp\/v2\/posts"}],"about":[{"href":"https:\/\/www.amag-group.ch\/blog\/wp-json\/wp\/v2\/types\/post"}],"author":[{"embeddable":true,"href":"https:\/\/www.amag-group.ch\/blog\/wp-json\/wp\/v2\/users\/54"}],"replies":[{"embeddable":true,"href":"https:\/\/www.amag-group.ch\/blog\/wp-json\/wp\/v2\/comments?post=11352"}],"version-history":[{"count":1,"href":"https:\/\/www.amag-group.ch\/blog\/wp-json\/wp\/v2\/posts\/11352\/revisions"}],"predecessor-version":[{"id":31668,"href":"https:\/\/www.amag-group.ch\/blog\/wp-json\/wp\/v2\/posts\/11352\/revisions\/31668"}],"wp:featuredmedia":[{"embeddable":true,"href":"https:\/\/www.amag-group.ch\/blog\/wp-json\/wp\/v2\/media\/11361"}],"wp:attachment":[{"href":"https:\/\/www.amag-group.ch\/blog\/wp-json\/wp\/v2\/media?parent=11352"}],"wp:term":[{"taxonomy":"category","embeddable":true,"href":"https:\/\/www.amag-group.ch\/blog\/wp-json\/wp\/v2\/categories?post=11352"},{"taxonomy":"post_tag","embeddable":true,"href":"https:\/\/www.amag-group.ch\/blog\/wp-json\/wp\/v2\/tags?post=11352"}],"curies":[{"name":"wp","href":"https:\/\/api.w.org\/{rel}","templated":true}]}}