{"id":1128,"date":"2015-06-19T14:02:06","date_gmt":"2015-06-19T12:02:06","guid":{"rendered":"http:\/\/www.amag-group.ch\/blog\/?p=1128"},"modified":"2020-04-23T09:33:26","modified_gmt":"2020-04-23T07:33:26","slug":"mitarbeitende-im-fokus-marc-gugelmann","status":"publish","type":"post","link":"https:\/\/www.amag-group.ch\/blog\/mitarbeitende-im-fokus-marc-gugelmann\/","title":{"rendered":"Mitarbeitende im Fokus: Marc Gugelmann"},"content":{"rendered":"<p><strong>Was sind deine zwei Ratschl\u00e4ge an dein 14-j\u00e4hriges Ich?<\/strong><\/p>\n<p>Erstens, dass ich mir nicht bei jedem kleinen Fehler gleich den Kopf zerbreche. Heute weiss ich, dass jeder Fehler macht und Fehler zum Leben dazugeh\u00f6ren. Ich habe gelernt, lockerer zu werden und dar\u00fcber hinwegzuschauen. In meiner Lehrzeit war dies noch anders. Ausserdem w\u00fcrde ich nun w\u00e4hrend meiner Schulzeit mehr Zeit in das Erlernen von Fremdsprachen, insbesondere Englisch investieren. Auf Reisen ist es von grossem Vorteil, wenn man die englische Sprache beherrscht.<\/p>\n<p><strong>Was macht man als Automobildiagnostiker?<\/strong><\/p>\n<p>Ich k\u00fcmmere mich um s\u00e4mtliche Probleme von Autos. Der Beruf des\u00a0 Automobildiagnostikers ist sehr umfangreich und vielseitig. Die T\u00e4tigkeiten reichen vom Radwechsel \u00fcber Diagnosen bis hin zu einem Service. Haupts\u00e4chlich bin ich jedoch auf der Suche nach Fehlern und schaue, dass das Auto wieder einwandfrei l\u00e4uft, wenn es unsere Garage verl\u00e4sst. Dazu geh\u00f6rt auch das Zerlegen und wieder Zusammenbauen von Motoren und Getrieben. Zudem helfe ich bei der Lehrlingsausbildung mit. In themenbezogenen Kursen bereite ich die Lernenden bestm\u00f6glich auf die bevorstehenden Lehrabschlusspr\u00fcfungen vor. Ausserdem machen wir bei uns in der Garage einen Probelauf f\u00fcr die praktische Pr\u00fcfung, damit die Lernenden die Pr\u00fcfungssituation kennenlernen und wir ihnen bei Schwachstellen nochmals unser Wissen und unsere Erfahrungen vermitteln k\u00f6nnen.<\/p>\n<div id=\"attachment_1131\" style=\"width: 810px\" class=\"wp-caption alignnone\"><img decoding=\"async\" aria-describedby=\"caption-attachment-1131\" class=\"size-full wp-multi-image wp-image-1131\" src=\"https:\/\/www.amag-group.ch\/blog\/wp-content\/uploads\/2015\/06\/IMG_5827.jpg\" alt=\"Marc Gugelmann, Automobildiagnostiker, bei der Arbeit.\" width=\"800\" height=\"475\" srcset=\"https:\/\/www.amag-group.ch\/blog\/wp-content\/uploads\/2015\/06\/IMG_5827.jpg 800w, https:\/\/www.amag-group.ch\/blog\/wp-content\/uploads\/2015\/06\/IMG_5827-620x368.jpg 620w, https:\/\/www.amag-group.ch\/blog\/wp-content\/uploads\/2015\/06\/IMG_5827-768x456.jpg 768w\" sizes=\"(max-width: 800px) 100vw, 800px\" \/><p id=\"caption-attachment-1131\" class=\"wp-caption-text\">Marc Gugelmann, Automobildiagnostiker, bei der Arbeit.<\/p><\/div>\n<p><strong>Was gef\u00e4llt dir an deiner Arbeit am besten?<\/strong><\/p>\n<p>Die grosse Abwechslung, welche meine T\u00e4tigkeit mit sich bringt. Ich werde immer wieder mit neuen Problemen konfrontiert und versuche, diese zu l\u00f6sen. Wenn mir dies in einer angemessenen Zeit gelingt, gibt mir das ein sehr gutes Gef\u00fchl und ich bin\u00a0 stolz auf mich. Auch der Gedanke, dass ich wieder einen Kunden gl\u00fccklich gemacht habe, bereitet mir Freude.\u00a0 Nat\u00fcrlich gef\u00e4llt mir auch die Zusammenarbeit mit den Teamkollegen und den Lernenden. Hier im Betrieb herrscht eine lockere und gute Atmosph\u00e4re im Team.<\/p>\n<p><strong>Wie sieht deine bisherige Berufslaufbahn aus?<\/strong><\/p>\n<p>Nach meiner Schulzeit habe ich eine Lehre als Automobilmechatroniker bei der AMAG in Schinznach-Bad bei Audi\/\u0160KODA begonnen. Nach meinem Lehrabschluss im Jahr 2011 bekam ich von meinem Vorgesetzten die Chance, berufsbegleitend die Ausbildung als Automobildiagnostiker zu machen. Diese habe ich mittlerweile erfolgreich abgeschlossen.\u00a0 Anfang dieses Jahres habe ich mir eine dreimonatige Auszeit in Australien geg\u00f6nnt, um meine Sprachkenntnisse zu verbessern und um das Land zu bereisen. Nun bin ich bereits wieder im Arbeitsalltag angekommen und plane meine n\u00e4chste Weiterbildung zum Automobil-Betriebswirt.<\/p>\n<p><strong>Was w\u00fcrdest du deinem besten Freund \u00fcber die AMAG erz\u00e4hlen?<\/strong><\/p>\n<p>Bei der AMAG durfte ich eine sehr gute Ausbildung geniessen. Die Ausbildung ist auf einem sehr hohen Niveau und man bekommt als Lernender sehr viel Unterst\u00fctzung. Ich wurde stets gut behandelt und man gab mir immer die M\u00f6glichkeit, mich weiterzuentwickeln. Wenn man Einsatz zeigt, wird man gef\u00f6rdert und kann\u00a0 auch einmal unbezahlten Urlaub nehmen oder das Pensum aufgrund einer Weiterbildung reduzieren. Die AMAG ist\u00a0 ein sicherer Arbeitgeber und es wird hier stets in die Infrastruktur investiert, so dass wir bestm\u00f6glich arbeiten k\u00f6nnen.<\/p>\n<p><strong>Was tust du, wenn du nicht arbeitest?<\/strong><\/p>\n<p>In meiner Freizeit treffe ich mich gerne mit meinen Kollegen, um etwas mit ihnen zu unternehmen. Seit Kurzem fahre ich auch Motorrad. Um meinen Kopf abzuschalten, gehe ich auch regelm\u00e4ssig ins Fitness-Studio. Es gibt bei mir kaum Momente, in denen ich nichts mache.<\/p>\n<p><strong>Was ich sonst noch sagen wollte<\/strong><\/p>\n<p>W\u00e4hrend meines Auslandsaufenthalts ist mir nochmals bewusst geworden, dass wir unser Leben mehr geniessen sollten. Wir Schweizer leben oftmals zum Arbeiten und nicht zum Leben. Das finde ich schade, denn das Leben ist doch zum Leben da und nicht nur zum Arbeiten. Nichtsdestotrotz sch\u00e4tze ich den hohen Lebensstandard in der Schweiz und dass jeder den Beruf aus\u00fcben kann, den er m\u00f6chte, sofern er das notwendige Engagement zeigt.<\/p>\n<div id=\"attachment_1130\" style=\"width: 809px\" class=\"wp-caption alignnone\"><img decoding=\"async\" aria-describedby=\"caption-attachment-1130\" class=\"size-full wp-multi-image wp-image-1130\" src=\"https:\/\/www.amag-group.ch\/blog\/wp-content\/uploads\/2015\/06\/IMG_5821.jpg\" alt=\"Marc Gugelmann mit einem Lernenden. \" width=\"799\" height=\"468\" srcset=\"https:\/\/www.amag-group.ch\/blog\/wp-content\/uploads\/2015\/06\/IMG_5821.jpg 799w, https:\/\/www.amag-group.ch\/blog\/wp-content\/uploads\/2015\/06\/IMG_5821-620x363.jpg 620w, https:\/\/www.amag-group.ch\/blog\/wp-content\/uploads\/2015\/06\/IMG_5821-768x450.jpg 768w\" sizes=\"(max-width: 799px) 100vw, 799px\" \/><p id=\"caption-attachment-1130\" class=\"wp-caption-text\">Marc Gugelmann mit einem Lernenden.<\/p><\/div>\n<p>&nbsp;<\/p>\n<p><a href=\"http:\/\/www.amag.ch\/content\/amagch\/corp\/de\/newsletter\/anmeldeformular_Blog.html\">Aktuelles und Hintergr\u00fcnde aus der Welt des Autos.\u00a0<\/a><span style=\"text-decoration: underline;\"><strong><a href=\"http:\/\/www.amag.ch\/content\/amagch\/corp\/de\/newsletter\/anmeldeformular_Blog.html\">Jetzt abonnieren.<\/a><\/strong><\/span><\/p>\n","protected":false},"excerpt":{"rendered":"<p>Heute im Interview: Marc Gugelmann, Automobildiagnostiker. Der junge und lebensfrohe Mitarbeitende ermittelt t\u00e4glich St\u00f6rungen an Personenwagen und betreut zudem die Lernenden. Welche Aus- und Weiterbildungen er in seiner kurzen Berufslaufbahn bereits absolviert hat und was ihm am besten an seinem Beruf gef\u00e4llt, erz\u00e4hlt er im Interview. <\/p>\n","protected":false},"author":27,"featured_media":1186,"comment_status":"closed","ping_status":"open","sticky":false,"template":"","format":"standard","meta":{"_acf_changed":false,"inline_featured_image":false,"footnotes":""},"categories":[1230],"tags":[],"class_list":["post-1128","post","type-post","status-publish","format-standard","has-post-thumbnail","hentry","category-jobs-karriere"],"acf":[],"_links":{"self":[{"href":"https:\/\/www.amag-group.ch\/blog\/wp-json\/wp\/v2\/posts\/1128","targetHints":{"allow":["GET"]}}],"collection":[{"href":"https:\/\/www.amag-group.ch\/blog\/wp-json\/wp\/v2\/posts"}],"about":[{"href":"https:\/\/www.amag-group.ch\/blog\/wp-json\/wp\/v2\/types\/post"}],"author":[{"embeddable":true,"href":"https:\/\/www.amag-group.ch\/blog\/wp-json\/wp\/v2\/users\/27"}],"replies":[{"embeddable":true,"href":"https:\/\/www.amag-group.ch\/blog\/wp-json\/wp\/v2\/comments?post=1128"}],"version-history":[{"count":0,"href":"https:\/\/www.amag-group.ch\/blog\/wp-json\/wp\/v2\/posts\/1128\/revisions"}],"wp:featuredmedia":[{"embeddable":true,"href":"https:\/\/www.amag-group.ch\/blog\/wp-json\/wp\/v2\/media\/1186"}],"wp:attachment":[{"href":"https:\/\/www.amag-group.ch\/blog\/wp-json\/wp\/v2\/media?parent=1128"}],"wp:term":[{"taxonomy":"category","embeddable":true,"href":"https:\/\/www.amag-group.ch\/blog\/wp-json\/wp\/v2\/categories?post=1128"},{"taxonomy":"post_tag","embeddable":true,"href":"https:\/\/www.amag-group.ch\/blog\/wp-json\/wp\/v2\/tags?post=1128"}],"curies":[{"name":"wp","href":"https:\/\/api.w.org\/{rel}","templated":true}]}}