{"id":10567,"date":"2018-09-28T08:25:26","date_gmt":"2018-09-28T06:25:26","guid":{"rendered":"https:\/\/www.amag-group.ch\/blog\/?p=10567"},"modified":"2018-10-11T13:21:07","modified_gmt":"2018-10-11T11:21:07","slug":"wir-sagen-danke-fritz-jegge-fuer-38-%c2%bd-jahre-bei-der-amag","status":"publish","type":"post","link":"https:\/\/www.amag-group.ch\/blog\/wir-sagen-danke-fritz-jegge-fuer-38-%c2%bd-jahre-bei-der-amag\/","title":{"rendered":"Wir sagen DANKE Fritz Jegge f\u00fcr 38 \u00bd Jahre bei der AMAG"},"content":{"rendered":"<p>Die Liebe zum Automobil hat Fritz Jegge seine gesamte Berufskarriere hinweg begleitet. Denn bereits seine Lehre hat er 1973 bei der Garage Jud (damals Nusser AG) in Frick als Automechaniker absolviert. Als er nach erfolgreichem Abschluss einen Stellenausschrieb der AMAG sah, sagte er zu sich selbst: \u00abIch kann mein Gl\u00fcck ja mal versuchen.\u00bb Und es hat sich gelohnt!<\/p>\n<p>Am 1. April 1979 war es soweit und Fritz hat als Ersatzteileverk\u00e4ufer bei der AMAG Service in Schinznach angefangen. Seine Aufgaben bestanden unter anderem darin, eigene sowie Fremdgaragen zu besuchen, bestellte Ersatzteile zu liefern und neue zu verkaufen. Fritz blickt gerne auf seine Anf\u00e4nge bei der AMAG zur\u00fcck: \u00abEs war eine anstrengende, aber tolle Zeit. Man war immer unterwegs und lernte neue Leute kennen.\u00bb<\/p>\n<h3><strong>Einmal Hin und zur\u00fcck \u2013 Grosse Ferien im Land der unbegrenzten M\u00f6glichkeiten<\/strong><\/h3>\n<p>Sieben Jahre sp\u00e4ter brachen seine Freundin, heute seine Frau, und er die Zelte in der Schweiz ab und flogen f\u00fcr l\u00e4ngere Zeit nach Amerika. Fritz denkt mit einem Schmunzeln an diese Zeit zur\u00fcck: \u00abMan k\u00f6nnte die Reise auch als eine Art Beziehungsprobe ansehen. Wir haben diese gl\u00fccklicherweise ohne Probleme gemeistert.\u00bb<\/p>\n<div id=\"attachment_10572\" style=\"width: 1930px\" class=\"wp-caption aligncenter\"><img decoding=\"async\" aria-describedby=\"caption-attachment-10572\" class=\"wp-image-10572 size-full\" src=\"https:\/\/www.amag-group.ch\/blog\/wp-content\/uploads\/2018\/09\/Stiftung-Theodora.jpg\" alt=\"Die beiden Gr\u00fcnder der Stiftung Theodora Jan und Andr\u00e9 Poulie \u00fcberraschten Fritz Jegge an seinem Abschiedsap\u00e9ro mit einem Clown, der ihm ein St\u00e4ndchen brachte.\" width=\"1920\" height=\"1440\" srcset=\"https:\/\/www.amag-group.ch\/blog\/wp-content\/uploads\/2018\/09\/Stiftung-Theodora.jpg 1920w, https:\/\/www.amag-group.ch\/blog\/wp-content\/uploads\/2018\/09\/Stiftung-Theodora-552x414.jpg 552w, https:\/\/www.amag-group.ch\/blog\/wp-content\/uploads\/2018\/09\/Stiftung-Theodora-768x576.jpg 768w\" sizes=\"(max-width: 1920px) 100vw, 1920px\" \/><p id=\"caption-attachment-10572\" class=\"wp-caption-text\">Die beiden Gr\u00fcnder der Stiftung Theodora Jan (4.v.l.) und Andr\u00e9 Poulie (2.v.l.) \u00fcberraschten Fritz Jegge an seinem Abschiedsap\u00e9ro mit einem Clown, der ihm ein St\u00e4ndchen brachte.<\/p><\/div>\n<p>Im Oktober 1986 zog es die beiden zur\u00fcck in die Schweiz und Fritz begann wieder bei der AMAG zu arbeiten. Dieses Mal aber in Buchs ZH im Zentralersatzteillager, bei dem er massgeblich am Aufbau des Ersatzteillagers f\u00fcr SEAT beteiligt war.<\/p>\n<h3><strong>Sprachaufenthalt in der Westschweiz und Abteilungswechsel<\/strong><\/h3>\n<p>Mit dem Ziel in die Neuwagendisposition zu wechseln, machte Fritz im Herbst 1988 einen Sprachaustausch bei der Garage Senn in Neuenburg und blieb f\u00fcnf Monate dort. Als dann im Februar 1989 die Geburt seines ersten Kindes bevorstand, kehrte er nach Schinznach zur\u00fcck und begann daraufhin als Disponent bei der AMAG Import AG.<\/p>\n<p>Wenn Fritz seine Anf\u00e4nge in der Disposition mit heute vergleicht, dann hat sich einiges ver\u00e4ndert: \u00abIn meinen Anfangsjahren hatte jede Marke einen einzigen Disponenten. Heute sind es sicher mehrere pro Marke.\u00bb<\/p>\n<p>Nach knapp zwei Jahren wollte er sein Wissen weiter ausbauen und arbeitete fortan als VW Nutzfahrzeugverk\u00e4ufer in Schinznach. Diese T\u00e4tigkeit \u00fcbte er sechs Jahre lang aus, bis er dann 1997 zur AMAG Import AG zur\u00fcckkehrte und erneut als Disponent f\u00fcr VW Nutzfahrzeuge zust\u00e4ndig war.<\/p>\n<h3><strong>Vielseitige Aufgaben und ber\u00fchmte Pers\u00f6nlichkeiten in der Sponsoringabteilung<\/strong><\/h3>\n<p>Anfangs 2001 stand ein weiterer Wechsel an. Als Verantwortlicher f\u00fcr die Bestellung von Sponsoringfahrzeugen kam er mit vielen prominenten Pers\u00f6nlichkeiten aus dem Sport- und Showbusiness in Kontakt und war zeitweise f\u00fcr \u00fcber 800 Sponsoringfahrzeuge zust\u00e4ndig.<\/p>\n<div id=\"attachment_10571\" style=\"width: 562px\" class=\"wp-caption aligncenter\"><img decoding=\"async\" aria-describedby=\"caption-attachment-10571\" class=\"size-medium wp-image-10571\" src=\"https:\/\/www.amag-group.ch\/blog\/wp-content\/uploads\/2018\/09\/Fredi-Barth-und-Fritz-Jegge-552x414.jpg\" alt=\"Fredy Barth nimmt seinen SEAT Leon bei Fritz Jegge in Empfang.\" width=\"552\" height=\"414\" srcset=\"https:\/\/www.amag-group.ch\/blog\/wp-content\/uploads\/2018\/09\/Fredi-Barth-und-Fritz-Jegge-552x414.jpg 552w, https:\/\/www.amag-group.ch\/blog\/wp-content\/uploads\/2018\/09\/Fredi-Barth-und-Fritz-Jegge-768x576.jpg 768w, https:\/\/www.amag-group.ch\/blog\/wp-content\/uploads\/2018\/09\/Fredi-Barth-und-Fritz-Jegge.jpg 1920w\" sizes=\"(max-width: 552px) 100vw, 552px\" \/><p id=\"caption-attachment-10571\" class=\"wp-caption-text\">F\u00fcr Fredy Barth (rechts), Mitglied des SEAT Swiss Racing Team, hat Fritz Jegge (links) jeweils einen SEAT Leon aufbereitet.<\/p><\/div>\n<p>Fritz erinnert sich gerne an diese Zeit zur\u00fcck: \u00abMit einigen prominenten Gr\u00f6ssen hat sich eine richtig enge Freundschaft entwickelt, die ich auch im Pensionsalter weiterhin pflegen werde.\u00bb<\/p>\n<p>Fragt man Fritz Jegge woran er gerne zur\u00fcckdenkt, so kann er sich gar nicht f\u00fcr ein einzelnes Ereignis entscheiden: \u00abEs gab so viele tolle Momente. Ich war ein Gl\u00fcckspilz. Hatte immer tolle Teamkollegen, super Vorgesetzte und spannende Aufgaben.\u00bb<\/p>\n<h3><strong>Vollgestopfter Terminkalender auch im Pensionsalter<\/strong><\/h3>\n<p>Im Pensionsalter die Sachen ruhiger angehen? Nicht mit Fritz Jegge! F\u00fcr den Winter 2018 hat er sich einen VW California bestellt und plant zusammen mit seiner Frau bereits die ersten Ausfl\u00fcge. Und auch beruflich kann Fritz nicht ganz stillsitzen. Er wird der AMAG auch weiterhin ab und zu F\u00fchrungen am Welcome@AMAG Tag durch die AMAG Oldtimersammlung machen.<\/p>\n<p>Die AMAG dankt Fritz Jegge f\u00fcr seinen super Einsatz!<\/p>\n<p><a href=\"https:\/\/www.amag-group.ch\/blog\/wp-content\/uploads\/2018\/09\/Zeitachse-DE-1.jpg\"><img decoding=\"async\" class=\"aligncenter wp-image-10588 size-full\" src=\"https:\/\/www.amag-group.ch\/blog\/wp-content\/uploads\/2018\/09\/Zeitachse-DE-1.jpg\" alt=\"\" width=\"1603\" height=\"369\" srcset=\"https:\/\/www.amag-group.ch\/blog\/wp-content\/uploads\/2018\/09\/Zeitachse-DE-1.jpg 1603w, https:\/\/www.amag-group.ch\/blog\/wp-content\/uploads\/2018\/09\/Zeitachse-DE-1-620x143.jpg 620w, https:\/\/www.amag-group.ch\/blog\/wp-content\/uploads\/2018\/09\/Zeitachse-DE-1-768x177.jpg 768w\" sizes=\"(max-width: 1603px) 100vw, 1603px\" \/><\/a><\/p>\n","protected":false},"excerpt":{"rendered":"<p>Wenn Fritz Jegge \u00fcber seine Zeit bei der AMAG spricht, dann tut er dies immer mit einem L\u00e4cheln auf den Lippen. Wie er vom Automechaniker zum Leiter Car Management wurde, welche Zwischenstopps er eingelegt und was er f\u00fcr die Zukunft geplant hat, verr\u00e4t er uns im folgenden Artikel.<\/p>\n","protected":false},"author":40,"featured_media":10576,"comment_status":"open","ping_status":"open","sticky":false,"template":"","format":"standard","meta":{"_acf_changed":false,"inline_featured_image":false,"footnotes":""},"categories":[1230],"tags":[],"class_list":["post-10567","post","type-post","status-publish","format-standard","has-post-thumbnail","hentry","category-jobs-karriere"],"acf":[],"_links":{"self":[{"href":"https:\/\/www.amag-group.ch\/blog\/wp-json\/wp\/v2\/posts\/10567","targetHints":{"allow":["GET"]}}],"collection":[{"href":"https:\/\/www.amag-group.ch\/blog\/wp-json\/wp\/v2\/posts"}],"about":[{"href":"https:\/\/www.amag-group.ch\/blog\/wp-json\/wp\/v2\/types\/post"}],"author":[{"embeddable":true,"href":"https:\/\/www.amag-group.ch\/blog\/wp-json\/wp\/v2\/users\/40"}],"replies":[{"embeddable":true,"href":"https:\/\/www.amag-group.ch\/blog\/wp-json\/wp\/v2\/comments?post=10567"}],"version-history":[{"count":0,"href":"https:\/\/www.amag-group.ch\/blog\/wp-json\/wp\/v2\/posts\/10567\/revisions"}],"wp:featuredmedia":[{"embeddable":true,"href":"https:\/\/www.amag-group.ch\/blog\/wp-json\/wp\/v2\/media\/10576"}],"wp:attachment":[{"href":"https:\/\/www.amag-group.ch\/blog\/wp-json\/wp\/v2\/media?parent=10567"}],"wp:term":[{"taxonomy":"category","embeddable":true,"href":"https:\/\/www.amag-group.ch\/blog\/wp-json\/wp\/v2\/categories?post=10567"},{"taxonomy":"post_tag","embeddable":true,"href":"https:\/\/www.amag-group.ch\/blog\/wp-json\/wp\/v2\/tags?post=10567"}],"curies":[{"name":"wp","href":"https:\/\/api.w.org\/{rel}","templated":true}]}}