{"id":1052,"date":"2015-06-12T15:39:19","date_gmt":"2015-06-12T13:39:19","guid":{"rendered":"http:\/\/www.amag-group.ch\/blog\/?p=1052"},"modified":"2025-03-06T16:42:26","modified_gmt":"2025-03-06T15:42:26","slug":"my-grand-tour-of-switzerland-erster-teil-inner-und-westschweiz","status":"publish","type":"post","link":"https:\/\/www.amag-group.ch\/blog\/my-grand-tour-of-switzerland-erster-teil-inner-und-westschweiz\/","title":{"rendered":"Grand Tour of Switzerland &#8211; Inner- und Westschweiz"},"content":{"rendered":"<p>Die erste Tour dieser Serie f\u00fchrt meinen<a href=\"http:\/\/www.audi.ch\/ch\/brand\/de.html\" target=\"_blank\" rel=\"noopener\"> Audi<\/a> A3 Sportback und mich in die Innerschweiz und \u00fcber den R\u00f6stigraben hinweg in die Westschweiz. Die vorgegebenen Routen von <a href=\"http:\/\/www.myswitzerland.com\/de-ch\/empfehlungen\/grand-tour-of-switzerland.html\" target=\"_blank\" rel=\"noopener\">Schweiz Tourismus<\/a> werden hierbei als Anregung genommen, aber nicht immer exakt eingehalten und auch nicht zwingend im Uhrzeigersinn abgefahren, so wie von <a href=\"http:\/\/www.myswitzerland.com\/de-ch\/grand-tour-of-switzerland.html\" target=\"_blank\" rel=\"noopener\">Schweiz Tourismus<\/a> empfohlen.<\/p>\n<p>An einem Samstag im Juni geht\u2019s bei bew\u00f6lktem Himmel, mit guter Musik im Hintergrund und mit Blick auf den sch\u00f6nen Z\u00fcrichsee in der N\u00e4he von Einsiedeln los. Mein kleiner Audi, wie er von mir liebevoll genannt wird, und ich sind etwas sp\u00e4ter dran als urspr\u00fcnglich geplant, wobei dies keine Rolle spielt, da wir keine Eile haben. Der Kleine ist aber in Wirklichkeit gar nicht so klein, sondern verf\u00fcgt \u00fcber mehr als ausreichend Platz, man k\u00f6nnte auch durchaus Gep\u00e4ck f\u00fcr eine l\u00e4ngere Reise problemlos verstauen. Den kleinen Abstecher nach Einsiedeln spare ich mir heute, da ich gerade k\u00fcrzlich dort gewesen bin. Denjenigen, die die Tour fahren m\u00f6chten, kann ich aber empfehlen, die eigentliche Strecke kurz zu verlassen und Einsiedeln mit seinem wundersch\u00f6nen Kloster zu besuchen, es ist wirklich eindr\u00fccklich anzuschauen und ein Besuch lohnt sich in der Tat. F\u00fcr mich geht\u2019s allerdings weiter, habe heute noch ein paar Kilometer vor mir.<\/p>\n<p>Eine traumhafte Strecke mit einer tollen Aussicht f\u00fchrt mich \u00fcber den Sattel und Schwyz bis nach Brunnen am malerischen Vierwaldst\u00e4ttersee. Empfehlenswert ist eine Fahrt mit dem Schiff ab Brunnen, um einen kleinen Einblick in die Schweizer Geschichte zu bekommen, was aber von mir dieses Mal ausgelassen wird. Weiter geht\u2019s am See entlang bis nach Gersau, wo dann direkt am See ein gutes St\u00fcck Fleisch zur St\u00e4rkung f\u00fcr die Weiterfahrt serviert wird.<\/p>\n<div id=\"attachment_1073\" style=\"width: 810px\" class=\"wp-caption alignnone\"><img decoding=\"async\" aria-describedby=\"caption-attachment-1073\" class=\"wp-multi-image  wp-image-1073 size-full\" src=\"https:\/\/www.amag-group.ch\/blog\/wp-content\/uploads\/2015\/06\/DPP_0150_klein.jpg\" alt=\"DPP_0150_klein\" width=\"800\" height=\"533\" srcset=\"https:\/\/www.amag-group.ch\/blog\/wp-content\/uploads\/2015\/06\/DPP_0150_klein.jpg 800w, https:\/\/www.amag-group.ch\/blog\/wp-content\/uploads\/2015\/06\/DPP_0150_klein-620x414.jpg 620w, https:\/\/www.amag-group.ch\/blog\/wp-content\/uploads\/2015\/06\/DPP_0150_klein-768x512.jpg 768w, https:\/\/www.amag-group.ch\/blog\/wp-content\/uploads\/2015\/06\/DPP_0150_klein-720x480.jpg 720w\" sizes=\"(max-width: 800px) 100vw, 800px\" \/><p id=\"caption-attachment-1073\" class=\"wp-caption-text\">Mittagspause in Gersau am Vierwaldst\u00e4ttersee (Fotos: Julien Gilliand)<\/p><\/div>\n<p>Mit gut gef\u00fclltem Magen f\u00fchrt mich die Fahrt vorbei an Luzern zum Hallwilersee, der glitzernd im Tal vor uns liegt und in einem dunklen blau erstrahlt. Nun zeigt sich auch die Sonne von einem mittlerweile fast wolkenlosen Himmel und kleine Segelboote scheinen im Wind auf dem See zu tanzen. Leider fehlt nun die Zeit zu einem weiteren Stopp, zumal ein Abendessen am Genfersee wartet und doch noch ein paar Kilometer vor mir liegen. Einen Halt am Hallwilersee w\u00fcrde ich aber allen, die etwas mehr Zeit haben, auf jeden Fall empfehlen, die Lage des Sees ist einmalig sch\u00f6n und man findet auch im Hochsommer eine ruhige Ecke oder einen Platz, um ein feines Glac\u00e9 zu geniessen.<\/p>\n<div id=\"attachment_1077\" style=\"width: 810px\" class=\"wp-caption alignnone\"><img decoding=\"async\" aria-describedby=\"caption-attachment-1077\" class=\"size-full wp-multi-image  wp-image-1077\" src=\"https:\/\/www.amag-group.ch\/blog\/wp-content\/uploads\/2015\/06\/DPP_0204_klein.jpg\" alt=\"Hallwilersee \" width=\"800\" height=\"533\" srcset=\"https:\/\/www.amag-group.ch\/blog\/wp-content\/uploads\/2015\/06\/DPP_0204_klein.jpg 800w, https:\/\/www.amag-group.ch\/blog\/wp-content\/uploads\/2015\/06\/DPP_0204_klein-620x414.jpg 620w, https:\/\/www.amag-group.ch\/blog\/wp-content\/uploads\/2015\/06\/DPP_0204_klein-768x512.jpg 768w, https:\/\/www.amag-group.ch\/blog\/wp-content\/uploads\/2015\/06\/DPP_0204_klein-720x480.jpg 720w\" sizes=\"(max-width: 800px) 100vw, 800px\" \/><p id=\"caption-attachment-1077\" class=\"wp-caption-text\">Hallwilersee<\/p><\/div>\n<p>\u00dcber Willisau ohne Ringli und selbstverst\u00e4ndlich auch ohne Schnaps f\u00fchrt die Reise weiter durch das Biosph\u00e4renreservat Entlebuch und das idyllische Emmental bis nach Bern.<\/p>\n<div id=\"attachment_1090\" style=\"width: 810px\" class=\"wp-caption alignnone\"><img decoding=\"async\" aria-describedby=\"caption-attachment-1090\" class=\"size-full wp-multi-image  wp-image-1090\" src=\"https:\/\/www.amag-group.ch\/blog\/wp-content\/uploads\/2015\/06\/DPP_0220_klein.jpg\" alt=\"Kleine Verz\u00f6gerung im Entlebuch\" width=\"800\" height=\"533\" srcset=\"https:\/\/www.amag-group.ch\/blog\/wp-content\/uploads\/2015\/06\/DPP_0220_klein.jpg 800w, https:\/\/www.amag-group.ch\/blog\/wp-content\/uploads\/2015\/06\/DPP_0220_klein-620x414.jpg 620w, https:\/\/www.amag-group.ch\/blog\/wp-content\/uploads\/2015\/06\/DPP_0220_klein-768x512.jpg 768w, https:\/\/www.amag-group.ch\/blog\/wp-content\/uploads\/2015\/06\/DPP_0220_klein-720x480.jpg 720w\" sizes=\"(max-width: 800px) 100vw, 800px\" \/><p id=\"caption-attachment-1090\" class=\"wp-caption-text\">Kleine Verz\u00f6gerung im Entlebuch<\/p><\/div>\n<p style=\"text-align: left;\">Immer mal wieder bieten sich unterwegs hervorragende Gelegenheiten f\u00fcr einen kurzen Halt, um die imposante Aussicht zu geniessen oder um einfach eine kurze Pause einzulegen. In Bern endet der Teilabschnitt meiner eigentlichen Grand Tour of Switzerland am heutigen Tag, aber meine Reise f\u00fchrt \u00fcber die Autobahn weiter bis an den Genfersee, wo in Villeneuve mein Abendessen\u00a0und mein Bett auf mich warten.<\/p>\n<p>Gest\u00e4rkt mit einem reichhaltigen Fr\u00fchst\u00fcck mache ich mich am n\u00e4chsten Vormittag bei strahlendem Sonnenschein auf den Weg von Villeneuve am prachtvollen Genfersee entlang in Richtung Lausanne. Vorbei am Schloss Chillon, dessen Besuch ich sowohl allen Schweizern als auch allen Touristen ans Herz legen m\u00f6chte, es lohnt sich, auch wenn es ein wahrer Magnet f\u00fcr s\u00e4mtliche Besucher zu sein scheint. Man soll sich aber von den vielen Menschen nicht abschrecken lassen. Ich verlasse die Strasse, die den See entlang f\u00fchrt, um eine der von Schweiz Tourismus empfohlenen Traumstrecken auszuprobieren und die Weinberge des Lavaux zu entdecken. Diese Region ist mit 800 Hektar Rebfl\u00e4che das gr\u00f6sste zusammenh\u00e4ngende Weinbaugebiet der Schweiz und dar\u00fcber hinaus ein eingetragenes Weltkulturerbe der UNESCO. Bei Corseaux geht\u2019s also den H\u00fcgel hinauf in die Weinberge. Wie eine Katze schl\u00e4ngelt sich mein Audi geschmeidig durch die engen Strassen. Bis auf ein paar wenige Velos, Motorr\u00e4der und andere Autos sind wir gl\u00fccklicherweise recht einsam unterwegs und k\u00f6nnen die Strecke und die wahrhaft traumhafte Aussicht in aller Ruhe geniessen. Die kleine Strasse ist zwar \u00e4usserst schmal, aber bietet immer wieder M\u00f6glichkeiten anzuhalten, auszusteigen und staunend die einzigartige Aussicht zu geniessen. Ganz getreu dem Motto \u201eDer Weg ist das Ziel\u201c entwickelte ich mich innerhalb k\u00fcrzester Zeit von der tendenziell eher ungeduldigen Autofahrerin zur wahren Sonntagsfahrerin. Ob dieser Zustand allerdings von Dauer ist, sei dahingestellt. Sehr gerne h\u00e4tte ich einen Halt bei einem der zahlreichen winzigen Restaurants auf dem Weg gemacht, aber das ausgiebige Fr\u00fchst\u00fcck h\u00e4lt noch an und ich versp\u00fcre trotz der angenehmen Ger\u00fcche, die durch das offene Fenster hereinstr\u00f6men, nicht das geringste Hungergef\u00fchl. F\u00fcr Weinliebhaber ist eine Weinprobe bei einem der diversen kleinen Produzenten empfehlenswert. Die Winzerkeller \u00f6ffnen jedoch erst am sp\u00e4teren Nachmittag. Ich pers\u00f6nlich w\u00fcrde bei einer Weinprobe eine der dort vorhandenen zahlreichen \u00dcbernachtungsm\u00f6glichkeiten nutzen, um den Wein und weitere kulinarische Gen\u00fcsse auch in vollem Umfang geniessen zu k\u00f6nnen. Nach dem bekannten \u00d6rtchen Epesses f\u00fchrt die Strecke \u00fcber Riex und Grandvaux wieder den H\u00fcgel durch die Weinterrassen hinunter an den See. Eine wirkliche Traumstrecke, bei der man sich an der malerischen Sch\u00f6nheit der Umgebung gar nicht sattsehen kann!<\/p>\n<div id=\"attachment_1104\" style=\"width: 810px\" class=\"wp-caption alignnone\"><img decoding=\"async\" aria-describedby=\"caption-attachment-1104\" class=\"size-full wp-multi-image  wp-image-1104\" src=\"https:\/\/www.amag-group.ch\/blog\/wp-content\/uploads\/2015\/06\/DPP_0062_klein.jpg\" alt=\"Weinberge des Lavaux\" width=\"800\" height=\"533\" srcset=\"https:\/\/www.amag-group.ch\/blog\/wp-content\/uploads\/2015\/06\/DPP_0062_klein.jpg 800w, https:\/\/www.amag-group.ch\/blog\/wp-content\/uploads\/2015\/06\/DPP_0062_klein-620x414.jpg 620w, https:\/\/www.amag-group.ch\/blog\/wp-content\/uploads\/2015\/06\/DPP_0062_klein-768x512.jpg 768w, https:\/\/www.amag-group.ch\/blog\/wp-content\/uploads\/2015\/06\/DPP_0062_klein-720x480.jpg 720w\" sizes=\"(max-width: 800px) 100vw, 800px\" \/><p id=\"caption-attachment-1104\" class=\"wp-caption-text\">Weinberge des Lavaux<\/p><\/div>\n<p>Wieder am See befinden wir uns dann recht schnell in Lausanne und von dort geht es weiter bis nach Aubonne, wobei es sich hier um keine besonders erw\u00e4hnenswerte Strecke der Tour handelt. Ich verlasse den Genfersee und fahre in Richtung des Waadtl\u00e4nder Jura, also zuerst einmal den Berg hinauf. Nach einer eher steilen und auch bei Motorradfahrern sehr beliebten Abfahrt befinde ich mich in dem zwischen zwei Juraketten eingebetteten Vall\u00e9e de Joux mit dem idyllischen Lac de Joux, dem gr\u00f6ssten See des Juragebirges. Ich nutze die Gelegenheit f\u00fcr eine kurze Pause mit Blick auf den See, bevor mein Weg mich durch die eher raue Wald- und Berglandschaft des Jura f\u00fchrt. Die Natur im Jura scheint fast unber\u00fchrt, man findet einsame Pl\u00e4tze und faszinierende T\u00e4ler und kann sich an der Sch\u00f6nheit kaum sattsehen. \u00dcber Vallorbe, Baulmes und Vuiteboeuf geht\u2019s hinauf bis nach Sainte Croix, dessen Besuch nicht wirklich lohnenswert war. Durch das idyllische Val-de-Travers, bekannt nicht nur f\u00fcr seine atemberaubende Landschaft, sondern auch f\u00fcr den seit 2005 wieder legalen Absinth, fahre ich weiter bis nach Neuch\u00e2tel, wo ich bei einem k\u00fchlen Getr\u00e4nk die Abendstimmung und die wundersch\u00f6ne Aussicht auf den Neuenburgersee geniesse. Den Abschluss meiner Tour bildet der Genuss von frischen Fischknusperli in Twann direkt am Bielersee, bevor ich dann nach 700 gefahrenen Kilometern die endg\u00fcltige Heimreise antrete. Schon jetzt freue ich mich auf weitere eindr\u00fcckliche Strecken der Grand Tour of Switzerland und werde an dieser Stelle sehr gern wieder dar\u00fcber berichten.<\/p>\n<div id=\"attachment_1096\" style=\"width: 810px\" class=\"wp-caption alignnone\"><img decoding=\"async\" aria-describedby=\"caption-attachment-1096\" class=\"wp-multi-image  wp-image-1096 size-full\" src=\"https:\/\/www.amag-group.ch\/blog\/wp-content\/uploads\/2015\/06\/DPP_0192_klein.jpg\" alt=\"\" width=\"800\" height=\"533\" srcset=\"https:\/\/www.amag-group.ch\/blog\/wp-content\/uploads\/2015\/06\/DPP_0192_klein.jpg 800w, https:\/\/www.amag-group.ch\/blog\/wp-content\/uploads\/2015\/06\/DPP_0192_klein-620x414.jpg 620w, https:\/\/www.amag-group.ch\/blog\/wp-content\/uploads\/2015\/06\/DPP_0192_klein-768x512.jpg 768w, https:\/\/www.amag-group.ch\/blog\/wp-content\/uploads\/2015\/06\/DPP_0192_klein-720x480.jpg 720w\" sizes=\"(max-width: 800px) 100vw, 800px\" \/><p id=\"caption-attachment-1096\" class=\"wp-caption-text\">Abendstimmung am Neuenburgersee<\/p><\/div>\n<p>&nbsp;<\/p>\n<p><a href=\"http:\/\/www.amag.ch\/content\/amagch\/corp\/de\/newsletter\/anmeldeformular_Blog.html\">Aktuelles und Hintergr\u00fcnde aus der Welt des Autos.\u00a0<\/a><span style=\"text-decoration: underline;\"><strong><a href=\"http:\/\/www.amag.ch\/content\/amagch\/corp\/de\/newsletter\/anmeldeformular_Blog.html\">Jetzt abonnieren.<\/a><\/strong><\/span><\/p>\n","protected":false},"excerpt":{"rendered":"<p>Die Grand Tour of Switzerland ist eine von Schweiz Tourismus eingef\u00fchrte Entdeckungsreise, welche auf einer Strecke von rund 1600 Kilometern idealerweise mit dem Auto oder Motorrad durch die Schweiz f\u00fchrt. Zu entdecken gibt es in der Tat einiges: Die Route f\u00fchrt durch insgesamt vier unterschiedliche Sprachregionen, vorbei an diversen gr\u00f6sseren und kleineren Seen, \u00fcber f\u00fcnf Alpenp\u00e4sse, zu elf UNESCO Welterbest\u00e4tten sowie zwei Biosph\u00e4ren.<\/p>\n","protected":false},"author":27,"featured_media":1060,"comment_status":"open","ping_status":"open","sticky":false,"template":"","format":"standard","meta":{"_acf_changed":false,"inline_featured_image":false,"footnotes":""},"categories":[8119],"tags":[],"class_list":["post-1052","post","type-post","status-publish","format-standard","has-post-thumbnail","hentry","category-auto-technik"],"acf":[],"_links":{"self":[{"href":"https:\/\/www.amag-group.ch\/blog\/wp-json\/wp\/v2\/posts\/1052","targetHints":{"allow":["GET"]}}],"collection":[{"href":"https:\/\/www.amag-group.ch\/blog\/wp-json\/wp\/v2\/posts"}],"about":[{"href":"https:\/\/www.amag-group.ch\/blog\/wp-json\/wp\/v2\/types\/post"}],"author":[{"embeddable":true,"href":"https:\/\/www.amag-group.ch\/blog\/wp-json\/wp\/v2\/users\/27"}],"replies":[{"embeddable":true,"href":"https:\/\/www.amag-group.ch\/blog\/wp-json\/wp\/v2\/comments?post=1052"}],"version-history":[{"count":1,"href":"https:\/\/www.amag-group.ch\/blog\/wp-json\/wp\/v2\/posts\/1052\/revisions"}],"predecessor-version":[{"id":31622,"href":"https:\/\/www.amag-group.ch\/blog\/wp-json\/wp\/v2\/posts\/1052\/revisions\/31622"}],"wp:featuredmedia":[{"embeddable":true,"href":"https:\/\/www.amag-group.ch\/blog\/wp-json\/wp\/v2\/media\/1060"}],"wp:attachment":[{"href":"https:\/\/www.amag-group.ch\/blog\/wp-json\/wp\/v2\/media?parent=1052"}],"wp:term":[{"taxonomy":"category","embeddable":true,"href":"https:\/\/www.amag-group.ch\/blog\/wp-json\/wp\/v2\/categories?post=1052"},{"taxonomy":"post_tag","embeddable":true,"href":"https:\/\/www.amag-group.ch\/blog\/wp-json\/wp\/v2\/tags?post=1052"}],"curies":[{"name":"wp","href":"https:\/\/api.w.org\/{rel}","templated":true}]}}