{"id":10424,"date":"2018-09-03T16:49:09","date_gmt":"2018-09-03T14:49:09","guid":{"rendered":"https:\/\/www.amag-group.ch\/blog\/?p=10424"},"modified":"2025-03-06T16:41:01","modified_gmt":"2025-03-06T15:41:01","slug":"camping-for-beginners-teil-2-experten-tipps-fuer-den-vw-california-ocean","status":"publish","type":"post","link":"https:\/\/www.amag-group.ch\/blog\/camping-for-beginners-teil-2-experten-tipps-fuer-den-vw-california-ocean\/","title":{"rendered":"Camping for Beginners \u2014 Teil 2: Experten-Tipps f\u00fcr den VW California Ocean"},"content":{"rendered":"<p>Nachdem wir uns nun <a href=\"https:\/\/www.amag-group.ch\/blog\/camping-for-beginners-teil-1-vorbereitungen\/\" target=\"_blank\" rel=\"noopener\"><u>eingehend online \u00fcber das Campen, den Camper VW California Ocean sowie die Route informiert haben<\/u><\/a>, folgt der n\u00e4chste wichtige Schritt vor einem Camping-Trip: Die Fahrzeuginstruktion. Wir haben das Gl\u00fcck, dass daf\u00fcr Denis vom TEAM VW Nutzfahrzeuge Zeit f\u00fcr uns hat. Er ist Experte in seinem Fach. Er ist selbst passionierter Camper und California-Fahrer.<\/p>\n<p>Eingangs ist noch zu erw\u00e4hnen, dass in unserem VW California Ocean Red schon viel <a href=\"https:\/\/www.volkswagen-nutzfahrzeuge.ch\/de\/service-zubehoer\/aktionen\/30-jahre-california.html\" target=\"_blank\" rel=\"noopener\"><span style=\"text-decoration: underline;\">Campingzubeh\u00f6r<\/span><\/a> integriert ist. Die <span style=\"text-decoration: underline;\"><a href=\"https:\/\/www.volkswagen-nutzfahrzeuge.ch\/content\/dam\/vw-ngw\/vw_nfz\/importers\/ch\/servicezubeh%C3%B6r\/zubehoer\/VW%20California%20Campingpakete%20d.pdf\/_jcr_content\/renditions\/original.\/VW%20California%20Campingpakete%20d.pdf\" target=\"_blank\" rel=\"noopener\">Campingpakete<\/a><\/span> \u00abCalifornia Starter Kit\u00bb und \u00abCalifornia Extended Kit\u00bb sind bereits in unserem Fahrzeug enthalten.<\/p>\n<p>Wir fassen f\u00fcr Euch die wichtigsten Punkte f\u00fcr die Benutzung eines VW California Ocean zusammen:<\/p>\n\t\t\t\t\t\t<style>\r\n\t\t\t\t<style>\r\n#wpsm_accordion_10449 .wpsm_panel-heading{\r\n\tpadding:0px !important;\r\n}\r\n#wpsm_accordion_10449 .wpsm_panel-title {\r\n\tmargin:0px !important; \r\n\ttext-transform:none !important;\r\n\tline-height: 1 !important;\r\n}\r\n#wpsm_accordion_10449 .wpsm_panel-title a{\r\n\ttext-decoration:none;\r\n\toverflow:hidden;\r\n\tdisplay:block;\r\n\tpadding:0px;\r\n\tfont-size: 18px !important;\r\n\tfont-family: Arial !important;\r\n\tcolor:#ffffff !important;\r\n\tborder-bottom:0px !important;\r\n}\r\n\r\n#wpsm_accordion_10449 .wpsm_panel-title a:focus {\r\noutline: 0px !important;\r\n}\r\n\r\n#wpsm_accordion_10449 .wpsm_panel-title a:hover, #wpsm_accordion_10449 .wpsm_panel-title a:focus {\r\n\tcolor:#ffffff !important;\r\n}\r\n#wpsm_accordion_10449 .acc-a{\r\n\tcolor: #ffffff !important;\r\n\tbackground-color:#e2001a !important;\r\n\tborder-color: #ddd;\r\n}\r\n#wpsm_accordion_10449 .wpsm_panel-default > .wpsm_panel-heading{\r\n\tcolor: #ffffff !important;\r\n\tbackground-color: #e2001a !important;\r\n\tborder-color: #e2001a !important;\r\n\tborder-top-left-radius: 0px;\r\n\tborder-top-right-radius: 0px;\r\n}\r\n#wpsm_accordion_10449 .wpsm_panel-default {\r\n\t\tborder:1px solid transparent !important;\r\n\t}\r\n#wpsm_accordion_10449 {\r\n\tmargin-bottom: 20px;\r\n\toverflow: hidden;\r\n\tfloat: none;\r\n\twidth: 100%;\r\n\tdisplay: block;\r\n}\r\n#wpsm_accordion_10449 .ac_title_class{\r\n\tdisplay: block;\r\n\tpadding-top: 12px;\r\n\tpadding-bottom: 12px;\r\n\tpadding-left: 15px;\r\n\tpadding-right: 15px;\r\n}\r\n#wpsm_accordion_10449  .wpsm_panel {\r\n\toverflow:hidden;\r\n\t-webkit-box-shadow: 0 0px 0px rgba(0, 0, 0, .05);\r\n\tbox-shadow: 0 0px 0px rgba(0, 0, 0, .05);\r\n\t\tborder-radius: 4px;\r\n\t}\r\n#wpsm_accordion_10449  .wpsm_panel + .wpsm_panel {\r\n\t\tmargin-top: 5px;\r\n\t}\r\n#wpsm_accordion_10449  .wpsm_panel-body{\r\n\tbackground-color:#ffffff !important;\r\n\tcolor:#000000 !important;\r\n\tborder-top-color: #e2001a !important;\r\n\tfont-size:16px !important;\r\n\tfont-family: Arial !important;\r\n\toverflow: hidden;\r\n\t\tborder: 2px solid #e2001a !important;\r\n\t}\r\n\r\n#wpsm_accordion_10449 .ac_open_cl_icon{\r\n\tbackground-color:#e2001a !important;\r\n\tcolor: #ffffff !important;\r\n\tfloat:right !important;\r\n\tpadding-top: 12px !important;\r\n\tpadding-bottom: 12px !important;\r\n\tline-height: 1.0 !important;\r\n\tpadding-left: 15px !important;\r\n\tpadding-right: 15px !important;\r\n\tdisplay: inline-block !important;\r\n}\r\n\r\n\t\t\t\r\n\t\t\t<\/style>\t\r\n\t\t\t<\/style>\r\n\t\t\t<div class=\"wpsm_panel-group\" id=\"wpsm_accordion_10449\" >\r\n\t\t\t\t\t\t\t\t\r\n\t\t\t\t\t<!-- Inner panel Start -->\r\n\t\t\t\t\t<div class=\"wpsm_panel wpsm_panel-default\">\r\n\t\t\t\t\t\t<div class=\"wpsm_panel-heading\" role=\"tab\" >\r\n\t\t\t\t\t\t  <h4 class=\"wpsm_panel-title\">\r\n\t\t\t\t\t\t\t<a  class=\"\"  data-toggle=\"collapse\" data-parent=\"\" href=\"javascript:void(0)\" data-target=\"#ac_10449_collapse1\" onclick=\"do_resize()\">\r\n\t\t\t\t\t\t\t\t\t\t\t\t\t\t\t\t\t<span class=\"ac_open_cl_icon fa fa-minus\"><\/span>\r\n\t\t\t\t\t\t\t\t\t\r\n\t\t\t\t\t\t\t\t \r\n\t\t\t\t\t\t\t\t<span class=\"ac_title_class\">\r\n\t\t\t\t\t\t\t\t\tGas\t\t\t\t\t\t\t\t<\/span>\r\n\t\t\t\t\t\t\t<\/a>\r\n\t\t\t\t\t\t  <\/h4>\r\n\t\t\t\t\t\t<\/div>\r\n\t\t\t\t\t\t<div id=\"ac_10449_collapse1\" class=\"wpsm_panel-collapse collapse in\"  >\r\n\t\t\t\t\t\t  <div class=\"wpsm_panel-body\">\r\n\t\t\t\t\t\t\t<p>Im VW California Ocean hat es f\u00fcr den Gasherd eine Gasflasche im hinteren Teil des Fahrzeugs. Die eingebaute Gasanlage erfordert eine regelm\u00e4ssige Kontrolle. Seit Dezember 2017 ist die Richtlinie Fl\u00fcssiggas 6517 in Kraft. Diese sieht alle drei Jahre eine Kontrolle der gesamten Anlage durch einen gepr\u00fcften Kontrolleur vor. In unseren Nachbarl\u00e4ndern ist diese Kontrolle aber alle zwei Jahre erforderlich. Sprich: Wenn man oft im Ausland unterwegs ist, sollte man die Gaskontrolle \u00f6fters durchf\u00fchren. Ansonsten droht die Gefahr, dass man z.B. auf einem Campingplatz oder auch einer F\u00e4hre keinen Zutritt bekommt.<\/p>\r\n<p><br \/>\r\nDie Gaskontrolle sollte ausserdem immer vor der ordentlichen Fahrzeugpr\u00fcfung gemacht werden. Sollte diese fehlen, k\u00f6nnte das Strassenverkehrsamt die Durchf\u00fchrung der Fahrzeugpr\u00fcfung aufgrund des Sicherheitsrisikos verweigern.<\/p>\r\n<p>Mit dieser <span style=\"text-decoration: underline;\"><a href=\"https:\/\/www.amag-group.ch\/blog\/wp-content\/uploads\/2018\/09\/Sicher-mit-Gas-DE.pdf\" target=\"_blank\" rel=\"noopener\">Checkliste zur Gaskontrolle<\/a><\/span>\u00a0ist man immer auf der sicheren Seite!<\/p>\r\n\r\n<div id=\"attachment_10429\" style=\"width: 507px\" class=\"wp-caption aligncenter\"><img decoding=\"async\" aria-describedby=\"caption-attachment-10429\" class=\"wp-image-10429 size-medium\" src=\"https:\/\/www.amag-group.ch\/blog\/wp-content\/uploads\/2018\/09\/Teil_2_Camping_for_Beginners_Der_Camper_Gas-497x414.png\" alt=\"Tipps zum Umgang mit Gas im VW California Ocean \" width=\"497\" height=\"414\" srcset=\"https:\/\/www.amag-group.ch\/blog\/wp-content\/uploads\/2018\/09\/Teil_2_Camping_for_Beginners_Der_Camper_Gas-497x414.png 497w, https:\/\/www.amag-group.ch\/blog\/wp-content\/uploads\/2018\/09\/Teil_2_Camping_for_Beginners_Der_Camper_Gas.png 601w\" sizes=\"(max-width: 497px) 100vw, 497px\" \/><p id=\"caption-attachment-10429\" class=\"wp-caption-text\">Gasflasche im Heck des VW California Ocean<\/p><\/div>\r\n\r\n<p class=\"wp-caption-dd\">\u00a0<\/p>\t\t\t\t\t\t  <\/div>\r\n\t\t\t\t\t\t<\/div>\r\n\t\t\t\t\t<\/div>\r\n\t\t\t\t\t<!-- Inner panel End -->\r\n\t\t\t\t\t\r\n\t\t\t\t\t\t\t\t\r\n\t\t\t\t\t<!-- Inner panel Start -->\r\n\t\t\t\t\t<div class=\"wpsm_panel wpsm_panel-default\">\r\n\t\t\t\t\t\t<div class=\"wpsm_panel-heading\" role=\"tab\" >\r\n\t\t\t\t\t\t  <h4 class=\"wpsm_panel-title\">\r\n\t\t\t\t\t\t\t<a  class=\"collapsed\"  data-toggle=\"collapse\" data-parent=\"\" href=\"javascript:void(0)\" data-target=\"#ac_10449_collapse2\" onclick=\"do_resize()\">\r\n\t\t\t\t\t\t\t\t\t\t\t\t\t\t\t\t\t<span class=\"ac_open_cl_icon fa fa-plus\"><\/span>\r\n\t\t\t\t\t\t\t\t\t\r\n\t\t\t\t\t\t\t\t \r\n\t\t\t\t\t\t\t\t<span class=\"ac_title_class\">\r\n\t\t\t\t\t\t\t\t\tWassertanks\t\t\t\t\t\t\t\t<\/span>\r\n\t\t\t\t\t\t\t<\/a>\r\n\t\t\t\t\t\t  <\/h4>\r\n\t\t\t\t\t\t<\/div>\r\n\t\t\t\t\t\t<div id=\"ac_10449_collapse2\" class=\"wpsm_panel-collapse collapse \"  >\r\n\t\t\t\t\t\t  <div class=\"wpsm_panel-body\">\r\n\t\t\t\t\t\t\t<p>Im VW California Ocean gibt es einen Frischwasser- (29 l) und einen Abwassertank (30 l). Das Abwasser (sog. Grauwasser) kommt von der kleinen Sp\u00fcle im Fahrzeuginnenraum. Wenn der Grauwassertank voll ist, kann man ihn mittels Regler (unterhalb der K\u00fcche platziert) ablassen. Das Wasser fliesst hinten links unterhalb des Fahrzeugs raus. Vor Abgabe des Campers sollte dieser Tank immer geleert werden.<\/p>\r\n<p>Der Frischwassertank l\u00e4sst sich sehr einfach auff\u00fcllen. In unserer Fahrzeugausr\u00fcstung befindet sich daf\u00fcr das \u00abWasser-Einf\u00fcllset\u00bb mit einem 20-Liter-Plastikfaltkanister. Diesen bringt man mit einem Befestigungsriemen in der Rille der Schiene auf der Fahrerseite sicher an. So muss man die 20 Liter Wasser nicht in den H\u00e4nden halten, bis sie im Tank sind. Der Faltkanister wird bequem aufh\u00e4ngt und das Wasser blubbert durch den Einf\u00fcllschlauch in den Tank. Es ist zu empfehlen, dass man bei jedem Bef\u00fcllen des Frischwassertanks einige Tropfen des Zusatzes Micropur miteinf\u00fcllt. So wird der Verkeimung vorgebeugt und das Wasser bleibt l\u00e4nger trinkbar.<\/p>\r\n<p>Im Fahrzeuginnenraum ist auf dem kleinen Display hinter dem R\u00fcckspiegel der Stand des Frischwasser- und Grauwassertanks ersichtlich.<\/p>\r\n<p>Beide Tanks sollten vor dem Winter entleert werden. Auch die Leitungen im Fahrzeug sollten keine Fl\u00fcssigkeit mehr drin haben, um Sch\u00e4den durch Frost vorzubeugen. Um die Leitungen vom Frischwassertanks ganz zu leeren, den Wasserhahn so lange laufen lassen, bis kein Wasser mehr fliesst und ein konstanter Ton zu h\u00f6ren ist. Das ist die die Pumpe, welche kein Wasser mehr raufpumpen kann.<\/p>\r\n<p>Der Frisch- und Abwassertank eines VW California Ocean sollten zudem regelm\u00e4ssig gereinigt werden. Daf\u00fcr gibt es spezielle Reinigungsmittel f\u00fcr Campingfahrzeuge.<\/p>\t\t\t\t\t\t  <\/div>\r\n\t\t\t\t\t\t<\/div>\r\n\t\t\t\t\t<\/div>\r\n\t\t\t\t\t<!-- Inner panel End -->\r\n\t\t\t\t\t\r\n\t\t\t\t\t\t\t\t\r\n\t\t\t\t\t<!-- Inner panel Start -->\r\n\t\t\t\t\t<div class=\"wpsm_panel wpsm_panel-default\">\r\n\t\t\t\t\t\t<div class=\"wpsm_panel-heading\" role=\"tab\" >\r\n\t\t\t\t\t\t  <h4 class=\"wpsm_panel-title\">\r\n\t\t\t\t\t\t\t<a  class=\"collapsed\"  data-toggle=\"collapse\" data-parent=\"\" href=\"javascript:void(0)\" data-target=\"#ac_10449_collapse3\" onclick=\"do_resize()\">\r\n\t\t\t\t\t\t\t\t\t\t\t\t\t\t\t\t\t<span class=\"ac_open_cl_icon fa fa-plus\"><\/span>\r\n\t\t\t\t\t\t\t\t\t\r\n\t\t\t\t\t\t\t\t \r\n\t\t\t\t\t\t\t\t<span class=\"ac_title_class\">\r\n\t\t\t\t\t\t\t\t\tK\u00fchlschrank\t\t\t\t\t\t\t\t<\/span>\r\n\t\t\t\t\t\t\t<\/a>\r\n\t\t\t\t\t\t  <\/h4>\r\n\t\t\t\t\t\t<\/div>\r\n\t\t\t\t\t\t<div id=\"ac_10449_collapse3\" class=\"wpsm_panel-collapse collapse \"  >\r\n\t\t\t\t\t\t  <div class=\"wpsm_panel-body\">\r\n\t\t\t\t\t\t\t<p>Oberhalb des Armaturenbretts beim R\u00fcckspiegel kann man die K\u00fchlleistung des K\u00fchlschranks an der Bedieneinheit einstellen. Empfohlen wird die Stufe 3 (von Stufen 1 bis 6). Bereits bei Stufe 4 k\u00f6nnten Produkte auf dem Boden des K\u00fchlschranks anfrieren. Wenn einmal eingestellt, ist der K\u00fchlschrank aktiv. Der K\u00fchlschrank k\u00fchlt immer, auch wenn der Fahrzeugmotor nicht l\u00e4uft. In dem Fall wird seine Energieversorgung \u00fcber die zweite und dritte Batterie des Campers gespiesen. Im Sommer ist das \u2013 so informiert uns der Experte - bei knapp 30 \u00b0C ca. drei Tage. Dabei ist gew\u00e4hrleistet, dass man trotzdem noch abfahren kann!<\/p>\t\t\t\t\t\t  <\/div>\r\n\t\t\t\t\t\t<\/div>\r\n\t\t\t\t\t<\/div>\r\n\t\t\t\t\t<!-- Inner panel End -->\r\n\t\t\t\t\t\r\n\t\t\t\t\t\t\t\t\r\n\t\t\t\t\t<!-- Inner panel Start -->\r\n\t\t\t\t\t<div class=\"wpsm_panel wpsm_panel-default\">\r\n\t\t\t\t\t\t<div class=\"wpsm_panel-heading\" role=\"tab\" >\r\n\t\t\t\t\t\t  <h4 class=\"wpsm_panel-title\">\r\n\t\t\t\t\t\t\t<a  class=\"collapsed\"  data-toggle=\"collapse\" data-parent=\"\" href=\"javascript:void(0)\" data-target=\"#ac_10449_collapse4\" onclick=\"do_resize()\">\r\n\t\t\t\t\t\t\t\t\t\t\t\t\t\t\t\t\t<span class=\"ac_open_cl_icon fa fa-plus\"><\/span>\r\n\t\t\t\t\t\t\t\t\t\r\n\t\t\t\t\t\t\t\t \r\n\t\t\t\t\t\t\t\t<span class=\"ac_title_class\">\r\n\t\t\t\t\t\t\t\t\tSteckdosen\t\t\t\t\t\t\t\t<\/span>\r\n\t\t\t\t\t\t\t<\/a>\r\n\t\t\t\t\t\t  <\/h4>\r\n\t\t\t\t\t\t<\/div>\r\n\t\t\t\t\t\t<div id=\"ac_10449_collapse4\" class=\"wpsm_panel-collapse collapse \"  >\r\n\t\t\t\t\t\t  <div class=\"wpsm_panel-body\">\r\n\t\t\t\t\t\t\t<p>Es gibt zwei Steckdosen im VW California Ocean: Eine hinter dem Fahrersitz am K\u00fcchenmodul, die andere auch hinter dem Fahrersitz, unten an der Seitenverkleidung. Die \u00abgrosse\u00bb Stromsteckdose (am K\u00fcchenmodul) muss mit einem deutschen Adapter verwendet werden. Diese Steckdose hat 230 Volt\/2500 Watt, z. B. f\u00fcr eine Kaffeemaschine oder den F\u00f6hn. Diese Steckdose bedingt aber, dass das Fahrzeug an einer externen Stromquelle angeschlossen ist (z.B. mit dem 25m Kabel aus dem \u00abCalifornia Starter Kit\u00bb). Die andere Steckdose mit 230 Volt\/150 Watt eignet sich f\u00fcr Ladeger\u00e4te oder auch einen Laptop.<\/p>\t\t\t\t\t\t  <\/div>\r\n\t\t\t\t\t\t<\/div>\r\n\t\t\t\t\t<\/div>\r\n\t\t\t\t\t<!-- Inner panel End -->\r\n\t\t\t\t\t\r\n\t\t\t\t\t\t\t\t\r\n\t\t\t\t\t<!-- Inner panel Start -->\r\n\t\t\t\t\t<div class=\"wpsm_panel wpsm_panel-default\">\r\n\t\t\t\t\t\t<div class=\"wpsm_panel-heading\" role=\"tab\" >\r\n\t\t\t\t\t\t  <h4 class=\"wpsm_panel-title\">\r\n\t\t\t\t\t\t\t<a  class=\"collapsed\"  data-toggle=\"collapse\" data-parent=\"\" href=\"javascript:void(0)\" data-target=\"#ac_10449_collapse5\" onclick=\"do_resize()\">\r\n\t\t\t\t\t\t\t\t\t\t\t\t\t\t\t\t\t<span class=\"ac_open_cl_icon fa fa-plus\"><\/span>\r\n\t\t\t\t\t\t\t\t\t\r\n\t\t\t\t\t\t\t\t \r\n\t\t\t\t\t\t\t\t<span class=\"ac_title_class\">\r\n\t\t\t\t\t\t\t\t\tLiegefl\u00e4chen\/Aufstelldach\t\t\t\t\t\t\t\t<\/span>\r\n\t\t\t\t\t\t\t<\/a>\r\n\t\t\t\t\t\t  <\/h4>\r\n\t\t\t\t\t\t<\/div>\r\n\t\t\t\t\t\t<div id=\"ac_10449_collapse5\" class=\"wpsm_panel-collapse collapse \"  >\r\n\t\t\t\t\t\t  <div class=\"wpsm_panel-body\">\r\n\t\t\t\t\t\t\t<p>Um das Dach aufzustellen, dr\u00fcckt man den Knopf von der Bedieneinheit in der Mitte oberhalb des Armaturenbretts. Der Knopf ist so lange gedr\u00fcckt zu halten, bis das ganze Dach ausgefahren ist. Dann kommt das erste Bett samt Lattenrost zum Vorschein. Die Matratze auf dieser Liegefl\u00e4che ist ca. 4,5 cm dick und kann mit einem Bettlaken aus dem Starter Kit bezogen werden. Das maximale Gewicht f\u00fcr diese Liegefl\u00e4che liegt bei total 150 kg.<\/p>\r\n<p>Die untere Liegefl\u00e4che besteht aus der runtergeklappten R\u00fcckbank im Innenraum des Fahrzeuges. Zuerst zieht man die Bank nach vorne bis zum Anschlag, klappt die Nackenst\u00fctzen runter und dann die R\u00fcckenlehne nach hinten. Dann l\u00e4sst sich die Matratze aus dem Heck nach vorne nehmen und fertig ist Bett Nummer 2. Diese Liegefl\u00e4che hat eine bedeutend dickere Matratze als oben, daf\u00fcr keinen Holz-Lattenrost.<\/p>\r\n<p>Wir haben beide Liegefl\u00e4chen getestet. Die Liegefl\u00e4che oben ist etwas l\u00e4nger und etwas breiter und man hat mehr \u00abZelt-Feeling\u00bb. In der Nacht kann es darum auch etwas k\u00e4lter werden, als wenn man unten im Fahrzeug schl\u00e4ft. Aber beide sind sehr bequem und erm\u00f6glichen einen erholsamen Schlaf.<\/p>\t\t\t\t\t\t  <\/div>\r\n\t\t\t\t\t\t<\/div>\r\n\t\t\t\t\t<\/div>\r\n\t\t\t\t\t<!-- Inner panel End -->\r\n\t\t\t\t\t\r\n\t\t\t\t\t\t\t\t\r\n\t\t\t\t\t<!-- Inner panel Start -->\r\n\t\t\t\t\t<div class=\"wpsm_panel wpsm_panel-default\">\r\n\t\t\t\t\t\t<div class=\"wpsm_panel-heading\" role=\"tab\" >\r\n\t\t\t\t\t\t  <h4 class=\"wpsm_panel-title\">\r\n\t\t\t\t\t\t\t<a  class=\"collapsed\"  data-toggle=\"collapse\" data-parent=\"\" href=\"javascript:void(0)\" data-target=\"#ac_10449_collapse6\" onclick=\"do_resize()\">\r\n\t\t\t\t\t\t\t\t\t\t\t\t\t\t\t\t\t<span class=\"ac_open_cl_icon fa fa-plus\"><\/span>\r\n\t\t\t\t\t\t\t\t\t\r\n\t\t\t\t\t\t\t\t \r\n\t\t\t\t\t\t\t\t<span class=\"ac_title_class\">\r\n\t\t\t\t\t\t\t\t\tLicht\t\t\t\t\t\t\t\t<\/span>\r\n\t\t\t\t\t\t\t<\/a>\r\n\t\t\t\t\t\t  <\/h4>\r\n\t\t\t\t\t\t<\/div>\r\n\t\t\t\t\t\t<div id=\"ac_10449_collapse6\" class=\"wpsm_panel-collapse collapse \"  >\r\n\t\t\t\t\t\t  <div class=\"wpsm_panel-body\">\r\n\t\t\t\t\t\t\t<p>Im Innenraum des VW California Ocean gibt es rechts der Sp\u00fcle den Knopf f\u00fcr das Ambientelicht, welches sogar gedimmt werden kann. Dieser Knopf ist wichtig, denn die Standard-Innenbeleuchtung geht ja nach einigen Sekunden aus.<\/p>\r\n<p>Der Lichtschalter der Autolampen des Campers sollte nach Ankunft immer auf 0 gestellt werden. So ist sicher, dass bei sp\u00e4ter R\u00fcckkehr zum Camper im Dunkeln beim \u00d6ffnen der T\u00fcre die Scheinwerfer des Fahrzeuges nicht angehen. Die Nachbarn in den Zelten und Wohnmobile werden dankbar sein!<\/p>\t\t\t\t\t\t  <\/div>\r\n\t\t\t\t\t\t<\/div>\r\n\t\t\t\t\t<\/div>\r\n\t\t\t\t\t<!-- Inner panel End -->\r\n\t\t\t\t\t\r\n\t\t\t\t\t\t\t\t\r\n\t\t\t\t\t<!-- Inner panel Start -->\r\n\t\t\t\t\t<div class=\"wpsm_panel wpsm_panel-default\">\r\n\t\t\t\t\t\t<div class=\"wpsm_panel-heading\" role=\"tab\" >\r\n\t\t\t\t\t\t  <h4 class=\"wpsm_panel-title\">\r\n\t\t\t\t\t\t\t<a  class=\"collapsed\"  data-toggle=\"collapse\" data-parent=\"\" href=\"javascript:void(0)\" data-target=\"#ac_10449_collapse7\" onclick=\"do_resize()\">\r\n\t\t\t\t\t\t\t\t\t\t\t\t\t\t\t\t\t<span class=\"ac_open_cl_icon fa fa-plus\"><\/span>\r\n\t\t\t\t\t\t\t\t\t\r\n\t\t\t\t\t\t\t\t \r\n\t\t\t\t\t\t\t\t<span class=\"ac_title_class\">\r\n\t\t\t\t\t\t\t\t\tSonnenstore\t\t\t\t\t\t\t\t<\/span>\r\n\t\t\t\t\t\t\t<\/a>\r\n\t\t\t\t\t\t  <\/h4>\r\n\t\t\t\t\t\t<\/div>\r\n\t\t\t\t\t\t<div id=\"ac_10449_collapse7\" class=\"wpsm_panel-collapse collapse \"  >\r\n\t\t\t\t\t\t  <div class=\"wpsm_panel-body\">\r\n\t\t\t\t\t\t\t<p>Ein absolutes Muss: Das Abspannset (\u00abThule Side Strap Kit\u00bb im California Starter Kit) f\u00fcr die Sonnenstore, auch Markise genannt, sollte immer angebracht werden! Der Experte empfiehlt dies auch bei sonnigem Wetter und wenig Wind. Es kann sein, dass es einmal ein spontanes Gewitter gibt und die Store mit einem Windstoss \u00fcber das Fahrzeug gest\u00fclpt wird. Das g\u00e4be sehr teure Reparaturarbeiten. Wir haben es getestet: Das Abspannset ist wirklich sehr schnell befestigt.<\/p>\t\t\t\t\t\t  <\/div>\r\n\t\t\t\t\t\t<\/div>\r\n\t\t\t\t\t<\/div>\r\n\t\t\t\t\t<!-- Inner panel End -->\r\n\t\t\t\t\t\r\n\t\t\t\t\t\t\t\t\r\n\t\t\t\t\t<!-- Inner panel Start -->\r\n\t\t\t\t\t<div class=\"wpsm_panel wpsm_panel-default\">\r\n\t\t\t\t\t\t<div class=\"wpsm_panel-heading\" role=\"tab\" >\r\n\t\t\t\t\t\t  <h4 class=\"wpsm_panel-title\">\r\n\t\t\t\t\t\t\t<a  class=\"collapsed\"  data-toggle=\"collapse\" data-parent=\"\" href=\"javascript:void(0)\" data-target=\"#ac_10449_collapse8\" onclick=\"do_resize()\">\r\n\t\t\t\t\t\t\t\t\t\t\t\t\t\t\t\t\t<span class=\"ac_open_cl_icon fa fa-plus\"><\/span>\r\n\t\t\t\t\t\t\t\t\t\r\n\t\t\t\t\t\t\t\t \r\n\t\t\t\t\t\t\t\t<span class=\"ac_title_class\">\r\n\t\t\t\t\t\t\t\t\tVerdunkelung\t\t\t\t\t\t\t\t<\/span>\r\n\t\t\t\t\t\t\t<\/a>\r\n\t\t\t\t\t\t  <\/h4>\r\n\t\t\t\t\t\t<\/div>\r\n\t\t\t\t\t\t<div id=\"ac_10449_collapse8\" class=\"wpsm_panel-collapse collapse \"  >\r\n\t\t\t\t\t\t  <div class=\"wpsm_panel-body\">\r\n\t\t\t\t\t\t\t<p>Alle Fenster, ausser den beiden Seitenfenstern im Fahrbereich, verf\u00fcgen \u00fcber integrierte Rollos, um den Innenraum abzudunkeln. Bei den beiden vorderen Seitenfenstern muss manuell von innen die Verdunkelung angebracht werden. Im \u00abCalifornia Extend Kit\u00bb haben wir dazu Thermomatten zur Verf\u00fcgung. Diese dunkeln nicht nur ab, sondern isolieren das Fahrzeug, wenn es in der Sonne steht. Nat\u00fcrlich gibt es auch eine solche Matte f\u00fcr die Frontscheibe. So wird es im Fahrzeug f\u00fcr einen erholsamen Schlaf sehr dunkel.<\/p>\t\t\t\t\t\t  <\/div>\r\n\t\t\t\t\t\t<\/div>\r\n\t\t\t\t\t<\/div>\r\n\t\t\t\t\t<!-- Inner panel End -->\r\n\t\t\t\t\t\r\n\t\t\t\t\t\t\t\t\r\n\t\t\t\t\t<!-- Inner panel Start -->\r\n\t\t\t\t\t<div class=\"wpsm_panel wpsm_panel-default\">\r\n\t\t\t\t\t\t<div class=\"wpsm_panel-heading\" role=\"tab\" >\r\n\t\t\t\t\t\t  <h4 class=\"wpsm_panel-title\">\r\n\t\t\t\t\t\t\t<a  class=\"collapsed\"  data-toggle=\"collapse\" data-parent=\"\" href=\"javascript:void(0)\" data-target=\"#ac_10449_collapse9\" onclick=\"do_resize()\">\r\n\t\t\t\t\t\t\t\t\t\t\t\t\t\t\t\t\t<span class=\"ac_open_cl_icon fa fa-plus\"><\/span>\r\n\t\t\t\t\t\t\t\t\t\r\n\t\t\t\t\t\t\t\t \r\n\t\t\t\t\t\t\t\t<span class=\"ac_title_class\">\r\n\t\t\t\t\t\t\t\t\tCamping-St\u00fchle und -Tisch\t\t\t\t\t\t\t\t<\/span>\r\n\t\t\t\t\t\t\t<\/a>\r\n\t\t\t\t\t\t  <\/h4>\r\n\t\t\t\t\t\t<\/div>\r\n\t\t\t\t\t\t<div id=\"ac_10449_collapse9\" class=\"wpsm_panel-collapse collapse \"  >\r\n\t\t\t\t\t\t  <div class=\"wpsm_panel-body\">\r\n\t\t\t\t\t\t\t<p>Die Camping-St\u00fchle sind in der Heckklappe (schwarze Abdeckung mit Reissverschluss) verstaut. Mit einfachen Handgriffen kann man sie herausnehmen. Der dazugeh\u00f6rige Camping-Tisch befindet sich auf der Innenseite der Schiebet\u00fcr. Er l\u00e4sst sich nur bei geschlossener oder halbgeschlossener T\u00fcr herausnehmen oder verstauen.<\/p>\t\t\t\t\t\t  <\/div>\r\n\t\t\t\t\t\t<\/div>\r\n\t\t\t\t\t<\/div>\r\n\t\t\t\t\t<!-- Inner panel End -->\r\n\t\t\t\t\t\r\n\t\t\t\t\t\t\t\t\r\n\t\t\t\t\t<!-- Inner panel Start -->\r\n\t\t\t\t\t<div class=\"wpsm_panel wpsm_panel-default\">\r\n\t\t\t\t\t\t<div class=\"wpsm_panel-heading\" role=\"tab\" >\r\n\t\t\t\t\t\t  <h4 class=\"wpsm_panel-title\">\r\n\t\t\t\t\t\t\t<a  class=\"collapsed\"  data-toggle=\"collapse\" data-parent=\"\" href=\"javascript:void(0)\" data-target=\"#ac_10449_collapse10\" onclick=\"do_resize()\">\r\n\t\t\t\t\t\t\t\t\t\t\t\t\t\t\t\t\t<span class=\"ac_open_cl_icon fa fa-plus\"><\/span>\r\n\t\t\t\t\t\t\t\t\t\r\n\t\t\t\t\t\t\t\t \r\n\t\t\t\t\t\t\t\t<span class=\"ac_title_class\">\r\n\t\t\t\t\t\t\t\t\tInnenraum\u00fcberwachung\t\t\t\t\t\t\t\t<\/span>\r\n\t\t\t\t\t\t\t<\/a>\r\n\t\t\t\t\t\t  <\/h4>\r\n\t\t\t\t\t\t<\/div>\r\n\t\t\t\t\t\t<div id=\"ac_10449_collapse10\" class=\"wpsm_panel-collapse collapse \"  >\r\n\t\t\t\t\t\t  <div class=\"wpsm_panel-body\">\r\n\t\t\t\t\t\t\t<p>Ein VW California Ocean kann \u00fcber eine Alarmanlage f\u00fcr die Innenraum\u00fcberwachung verf\u00fcgen (ist nicht Standard). Diese wird aktiviert, wenn sich bei geschlossenem Fahrzeug etwas im Innenraum bewegt. Wenn man nun in der Nacht im Fahrzeug schlafen w\u00fcrde, w\u00e4re der Alarm aktiviert und ginge bei Bewegungen (z.B. wenn man sich auf den Schlafplatz legt) los. Als Variante k\u00f6nnte man das Fahrzeug einfach nicht abschliessen, wenn man in der Nacht im Fahrzeug ist. Oder man kann den Alarm deaktivieren. Auf dem Fahrzeugschl\u00fcssel muss man dazu zweimal auf \u00abschliessen\u00bb dr\u00fccken.<\/p>\t\t\t\t\t\t  <\/div>\r\n\t\t\t\t\t\t<\/div>\r\n\t\t\t\t\t<\/div>\r\n\t\t\t\t\t<!-- Inner panel End -->\r\n\t\t\t\t\t\r\n\t\t\t\t\t\t\t\t\r\n\t\t\t\t\t<!-- Inner panel Start -->\r\n\t\t\t\t\t<div class=\"wpsm_panel wpsm_panel-default\">\r\n\t\t\t\t\t\t<div class=\"wpsm_panel-heading\" role=\"tab\" >\r\n\t\t\t\t\t\t  <h4 class=\"wpsm_panel-title\">\r\n\t\t\t\t\t\t\t<a  class=\"collapsed\"  data-toggle=\"collapse\" data-parent=\"\" href=\"javascript:void(0)\" data-target=\"#ac_10449_collapse11\" onclick=\"do_resize()\">\r\n\t\t\t\t\t\t\t\t\t\t\t\t\t\t\t\t\t<span class=\"ac_open_cl_icon fa fa-plus\"><\/span>\r\n\t\t\t\t\t\t\t\t\t\r\n\t\t\t\t\t\t\t\t \r\n\t\t\t\t\t\t\t\t<span class=\"ac_title_class\">\r\n\t\t\t\t\t\t\t\t\tHecktr\u00e4ger f\u00fcr Fahrr\u00e4der\t\t\t\t\t\t\t\t<\/span>\r\n\t\t\t\t\t\t\t<\/a>\r\n\t\t\t\t\t\t  <\/h4>\r\n\t\t\t\t\t\t<\/div>\r\n\t\t\t\t\t\t<div id=\"ac_10449_collapse11\" class=\"wpsm_panel-collapse collapse \"  >\r\n\t\t\t\t\t\t  <div class=\"wpsm_panel-body\">\r\n\t\t\t\t\t\t\t<p>Wenn das Aufstelldach draussen ist, m\u00fcssen die Fahrr\u00e4der vom Hecktr\u00e4ger entfernt werden, bevor man die Heckklappe \u00f6ffnet. Der Experte empfiehlt deshalb einen Heckfahrradtr\u00e4ger f\u00fcr die Anh\u00e4ngerkupplung. Mit dieser kann man ohne Probleme die Heckklappe \u00f6ffnen, ohne die Fahrr\u00e4der zu entfernen \u2013 auch bei ausgefahrenem Schlafdach.<\/p>\r\n<p>&nbsp;<\/p>\r\n<p>&nbsp;<\/p>\r\n<p>\n\t\t<style type=\"text\/css\">\n\t\t\t#gallery-1 {\n\t\t\t\tmargin: auto;\n\t\t\t}\n\t\t\t#gallery-1 .gallery-item {\n\t\t\t\tfloat: left;\n\t\t\t\tmargin-top: 10px;\n\t\t\t\ttext-align: center;\n\t\t\t\twidth: 50%;\n\t\t\t}\n\t\t\t#gallery-1 img {\n\t\t\t\tborder: 2px solid #cfcfcf;\n\t\t\t}\n\t\t\t#gallery-1 .gallery-caption {\n\t\t\t\tmargin-left: 0;\n\t\t\t}\n\t\t\t\/* see gallery_shortcode() in wp-includes\/media.php *\/\n\t\t<\/style>\n\t\t<div id='gallery-1' class='gallery galleryid-10449 gallery-columns-2 gallery-size-medium'><dl class='gallery-item'>\n\t\t\t<dt class='gallery-icon landscape'>\n\t\t\t\t<a href='https:\/\/www.amag-group.ch\/blog\/wp-content\/uploads\/2018\/09\/Teil_2_Camping_for_Beginners_Der_Camper_Hecktr\u00e4ger2_710px.png'><img decoding=\"async\" width=\"604\" height=\"414\" src=\"https:\/\/www.amag-group.ch\/blog\/wp-content\/uploads\/2018\/09\/Teil_2_Camping_for_Beginners_Der_Camper_Hecktr\u00e4ger2_710px-604x414.png\" class=\"attachment-medium size-medium\" alt=\"Fahrradtr\u00e4ger f\u00fcr die Anh\u00e4ngerkupplung eines VW California\" aria-describedby=\"gallery-1-10434\" srcset=\"https:\/\/www.amag-group.ch\/blog\/wp-content\/uploads\/2018\/09\/Teil_2_Camping_for_Beginners_Der_Camper_Hecktr\u00e4ger2_710px-604x414.png 604w, https:\/\/www.amag-group.ch\/blog\/wp-content\/uploads\/2018\/09\/Teil_2_Camping_for_Beginners_Der_Camper_Hecktr\u00e4ger2_710px.png 710w\" sizes=\"(max-width: 604px) 100vw, 604px\" \/><\/a>\n\t\t\t<\/dt>\n\t\t\t\t<dd class='wp-caption-text gallery-caption' id='gallery-1-10434'>\n\t\t\t\tFahrradtr\u00e4ger f\u00fcr die Anh\u00e4ngerkupplung: \u00d6ffnen der Heckklappe mit Fahrr\u00e4dern kein Problem\n\t\t\t\t<\/dd><\/dl><dl class='gallery-item'>\n\t\t\t<dt class='gallery-icon landscape'>\n\t\t\t\t<a href='https:\/\/www.amag-group.ch\/blog\/wp-content\/uploads\/2018\/09\/Teil_2_Camping_for_Beginners_Der_Camper_Hecktr\u00e4ger1.png'><img decoding=\"async\" width=\"469\" height=\"414\" src=\"https:\/\/www.amag-group.ch\/blog\/wp-content\/uploads\/2018\/09\/Teil_2_Camping_for_Beginners_Der_Camper_Hecktr\u00e4ger1-469x414.png\" class=\"attachment-medium size-medium\" alt=\"Heckfahrradtr\u00e4ger am VW California\" aria-describedby=\"gallery-1-10430\" srcset=\"https:\/\/www.amag-group.ch\/blog\/wp-content\/uploads\/2018\/09\/Teil_2_Camping_for_Beginners_Der_Camper_Hecktr\u00e4ger1-469x414.png 469w, https:\/\/www.amag-group.ch\/blog\/wp-content\/uploads\/2018\/09\/Teil_2_Camping_for_Beginners_Der_Camper_Hecktr\u00e4ger1.png 549w\" sizes=\"(max-width: 469px) 100vw, 469px\" \/><\/a>\n\t\t\t<\/dt>\n\t\t\t\t<dd class='wp-caption-text gallery-caption' id='gallery-1-10430'>\n\t\t\t\tBei ge\u00f6ffnetem Aufstelldach m\u00fcssen bei diesem Heckfahrradtr\u00e4ger die Fahrr\u00e4der zum \u00d6ffnen der Heckklappe entfernt werden\n\t\t\t\t<\/dd><\/dl><br style=\"clear: both\" \/>\n\t\t<\/div>\n<\/p>\t\t\t\t\t\t  <\/div>\r\n\t\t\t\t\t\t<\/div>\r\n\t\t\t\t\t<\/div>\r\n\t\t\t\t\t<!-- Inner panel End -->\r\n\t\t\t\t\t\r\n\t\t\t\t\t\t\t\t\r\n\t\t\t\t\t<!-- Inner panel Start -->\r\n\t\t\t\t\t<div class=\"wpsm_panel wpsm_panel-default\">\r\n\t\t\t\t\t\t<div class=\"wpsm_panel-heading\" role=\"tab\" >\r\n\t\t\t\t\t\t  <h4 class=\"wpsm_panel-title\">\r\n\t\t\t\t\t\t\t<a  class=\"collapsed\"  data-toggle=\"collapse\" data-parent=\"\" href=\"javascript:void(0)\" data-target=\"#ac_10449_collapse12\" onclick=\"do_resize()\">\r\n\t\t\t\t\t\t\t\t\t\t\t\t\t\t\t\t\t<span class=\"ac_open_cl_icon fa fa-plus\"><\/span>\r\n\t\t\t\t\t\t\t\t\t\r\n\t\t\t\t\t\t\t\t \r\n\t\t\t\t\t\t\t\t<span class=\"ac_title_class\">\r\n\t\t\t\t\t\t\t\t\tSicherungen\t\t\t\t\t\t\t\t<\/span>\r\n\t\t\t\t\t\t\t<\/a>\r\n\t\t\t\t\t\t  <\/h4>\r\n\t\t\t\t\t\t<\/div>\r\n\t\t\t\t\t\t<div id=\"ac_10449_collapse12\" class=\"wpsm_panel-collapse collapse \"  >\r\n\t\t\t\t\t\t  <div class=\"wpsm_panel-body\">\r\n\t\t\t\t\t\t\t<p>Im VW California Ocean hinten links im Schrank befindet sich die Hauptsicherung f\u00fcr die Aussensteckdose. Wenn sie auf Rot ist, ist alles ok: Strom fliesst. Sollten die beiden Schalter auf gr\u00fcn sein, Sicherungen nach oben kippen. Fliesst der Strom trotzdem nicht, einen VW Nutzfahrzeuge Markenpartner aufsuchen.<\/p>\r\n<p>\n\t\t<style type=\"text\/css\">\n\t\t\t#gallery-2 {\n\t\t\t\tmargin: auto;\n\t\t\t}\n\t\t\t#gallery-2 .gallery-item {\n\t\t\t\tfloat: left;\n\t\t\t\tmargin-top: 10px;\n\t\t\t\ttext-align: center;\n\t\t\t\twidth: 50%;\n\t\t\t}\n\t\t\t#gallery-2 img {\n\t\t\t\tborder: 2px solid #cfcfcf;\n\t\t\t}\n\t\t\t#gallery-2 .gallery-caption {\n\t\t\t\tmargin-left: 0;\n\t\t\t}\n\t\t\t\/* see gallery_shortcode() in wp-includes\/media.php *\/\n\t\t<\/style>\n\t\t<div id='gallery-2' class='gallery galleryid-10449 gallery-columns-2 gallery-size-medium'><dl class='gallery-item'>\n\t\t\t<dt class='gallery-icon portrait'>\n\t\t\t\t<a href='https:\/\/www.amag-group.ch\/blog\/wp-content\/uploads\/2018\/09\/Teil_2_Camping_for_Beginners_Der_Camper_Sicherungen_of.png'><img decoding=\"async\" width=\"315\" height=\"414\" src=\"https:\/\/www.amag-group.ch\/blog\/wp-content\/uploads\/2018\/09\/Teil_2_Camping_for_Beginners_Der_Camper_Sicherungen_of-315x414.png\" class=\"attachment-medium size-medium\" alt=\"Strom fliesst nicht\" aria-describedby=\"gallery-2-10432\" srcset=\"https:\/\/www.amag-group.ch\/blog\/wp-content\/uploads\/2018\/09\/Teil_2_Camping_for_Beginners_Der_Camper_Sicherungen_of-315x414.png 315w, https:\/\/www.amag-group.ch\/blog\/wp-content\/uploads\/2018\/09\/Teil_2_Camping_for_Beginners_Der_Camper_Sicherungen_of.png 483w\" sizes=\"(max-width: 315px) 100vw, 315px\" \/><\/a>\n\t\t\t<\/dt>\n\t\t\t\t<dd class='wp-caption-text gallery-caption' id='gallery-2-10432'>\n\t\t\t\tSicherungen gr\u00fcn: Kein Strom\n\t\t\t\t<\/dd><\/dl><dl class='gallery-item'>\n\t\t\t<dt class='gallery-icon portrait'>\n\t\t\t\t<a href='https:\/\/www.amag-group.ch\/blog\/wp-content\/uploads\/2018\/09\/Teil_2_Camping_for_Beginners_Der_Camper_Sicherungen_on-634.png'><img decoding=\"async\" width=\"310\" height=\"414\" src=\"https:\/\/www.amag-group.ch\/blog\/wp-content\/uploads\/2018\/09\/Teil_2_Camping_for_Beginners_Der_Camper_Sicherungen_on-634-310x414.png\" class=\"attachment-medium size-medium\" alt=\"Rot bedeutet Strom fliesst\" aria-describedby=\"gallery-2-10435\" srcset=\"https:\/\/www.amag-group.ch\/blog\/wp-content\/uploads\/2018\/09\/Teil_2_Camping_for_Beginners_Der_Camper_Sicherungen_on-634-310x414.png 310w, https:\/\/www.amag-group.ch\/blog\/wp-content\/uploads\/2018\/09\/Teil_2_Camping_for_Beginners_Der_Camper_Sicherungen_on-634.png 475w\" sizes=\"(max-width: 310px) 100vw, 310px\" \/><\/a>\n\t\t\t<\/dt>\n\t\t\t\t<dd class='wp-caption-text gallery-caption' id='gallery-2-10435'>\n\t\t\t\tSicherungen rot: Strom fliesst.\n\t\t\t\t<\/dd><\/dl><br style=\"clear: both\" \/>\n\t\t<\/div>\n<\/p>\t\t\t\t\t\t  <\/div>\r\n\t\t\t\t\t\t<\/div>\r\n\t\t\t\t\t<\/div>\r\n\t\t\t\t\t<!-- Inner panel End -->\r\n\t\t\t\t\t\r\n\t\t\t\t\t\t\t<\/div>\r\n\t\t\t\r\n<script type=\"text\/javascript\">\r\n\t\r\n\t\tfunction do_resize(){\r\n\r\n\t\t\tvar width=jQuery( '.wpsm_panel .wpsm_panel-body iframe' ).width();\r\n\t\t\tvar height=jQuery( '.wpsm_panel .wpsm_panel-body iframe' ).height();\r\n\r\n\t\t\tvar toggleSize = true;\r\n\t\t\tjQuery('iframe').animate({\r\n\t\t\t    width: toggleSize ? width : 640,\r\n\t\t\t    height: toggleSize ? height : 360\r\n\t\t\t  }, 250);\r\n\r\n\t\t\t  toggleSize = !toggleSize;\r\n\t\t}\r\n\t\t\r\n<\/script>\t\n<p>&nbsp;<\/p>\n<p>&nbsp;<\/p>\n<p><span style=\"text-decoration: underline;\"><a href=\"https:\/\/www.volkswagen-nutzfahrzeuge.ch\/de\/modelle\/california.html\" target=\"_blank\" rel=\"noopener\">Alles \u00fcber den VW California lesen<\/a><\/span><\/p>\n<p><span style=\"text-decoration: underline;\"><a href=\"https:\/\/www.europcar.ch\/Camper-mieten-in-der-Schweiz\" target=\"_blank\" rel=\"noopener\">Jetzt einen VW California bei Europcar mieten<\/a><\/span><\/p>\n<p><span style=\"text-decoration: underline;\"><a href=\"https:\/\/www.youtube.com\/watch?v=ciUDoXGutF4\" target=\"_blank\" rel=\"noopener\">Informationen zum Camper-Check schauen<\/a><\/span><\/p>\n<p>&nbsp;<\/p>\n<p>&nbsp;<\/p>\n<p><iframe src=\"https:\/\/www.youtube.com\/embed\/p0TQE1ZVygM\" width=\"560\" height=\"315\" frameborder=\"0\" allowfullscreen=\"allowfullscreen\"><\/iframe><\/p>\n","protected":false},"excerpt":{"rendered":"<p>Das korrekte Handling des VW California Campers ist wichtig. Es erleichtert das Camper-Leben und h\u00e4lt das Fahrzeug flott. Denis vom TEAM VW Nutzfahrzeuge hat uns wichtige Tipps verraten. <\/p>\n","protected":false},"author":27,"featured_media":10439,"comment_status":"open","ping_status":"open","sticky":false,"template":"","format":"standard","meta":{"_acf_changed":false,"inline_featured_image":false,"footnotes":""},"categories":[8119],"tags":[],"class_list":["post-10424","post","type-post","status-publish","format-standard","has-post-thumbnail","hentry","category-auto-technik"],"acf":[],"_links":{"self":[{"href":"https:\/\/www.amag-group.ch\/blog\/wp-json\/wp\/v2\/posts\/10424","targetHints":{"allow":["GET"]}}],"collection":[{"href":"https:\/\/www.amag-group.ch\/blog\/wp-json\/wp\/v2\/posts"}],"about":[{"href":"https:\/\/www.amag-group.ch\/blog\/wp-json\/wp\/v2\/types\/post"}],"author":[{"embeddable":true,"href":"https:\/\/www.amag-group.ch\/blog\/wp-json\/wp\/v2\/users\/27"}],"replies":[{"embeddable":true,"href":"https:\/\/www.amag-group.ch\/blog\/wp-json\/wp\/v2\/comments?post=10424"}],"version-history":[{"count":1,"href":"https:\/\/www.amag-group.ch\/blog\/wp-json\/wp\/v2\/posts\/10424\/revisions"}],"predecessor-version":[{"id":29778,"href":"https:\/\/www.amag-group.ch\/blog\/wp-json\/wp\/v2\/posts\/10424\/revisions\/29778"}],"wp:featuredmedia":[{"embeddable":true,"href":"https:\/\/www.amag-group.ch\/blog\/wp-json\/wp\/v2\/media\/10439"}],"wp:attachment":[{"href":"https:\/\/www.amag-group.ch\/blog\/wp-json\/wp\/v2\/media?parent=10424"}],"wp:term":[{"taxonomy":"category","embeddable":true,"href":"https:\/\/www.amag-group.ch\/blog\/wp-json\/wp\/v2\/categories?post=10424"},{"taxonomy":"post_tag","embeddable":true,"href":"https:\/\/www.amag-group.ch\/blog\/wp-json\/wp\/v2\/tags?post=10424"}],"curies":[{"name":"wp","href":"https:\/\/api.w.org\/{rel}","templated":true}]}}