{"id":10321,"date":"2018-08-17T08:27:26","date_gmt":"2018-08-17T06:27:26","guid":{"rendered":"https:\/\/www.amag-group.ch\/blog\/?p=10321"},"modified":"2025-03-21T08:11:50","modified_gmt":"2025-03-21T07:11:50","slug":"der-schnuppibus-rollt-los","status":"publish","type":"post","link":"https:\/\/www.amag-group.ch\/blog\/der-schnuppibus-rollt-los\/","title":{"rendered":"Der \u00abSchnuppibus\u00bb rollt los"},"content":{"rendered":"<p>Seine Premiere hat der \u00abSchnuppibus\u00bb bereits hinter sich: Am Welcome Camp f\u00fcr neue Lernende Anfang August trat der freche VW T3 erstmals in der \u00d6ffentlichkeit auf. Ganz nach dem Motto \u00abvon Lernenden f\u00fcr Lernende\u00bb haben sechs auszubildende Automobil-Mechatroniker, Carrosseriespengler und Carrosserielackierer der AMAG Kloten den alten VW Bus wieder auf Vordermann gebracht. Sie haben weitgehend selbst\u00e4ndig am VW Bus gearbeitet, profitierten aber nat\u00fcrlich vom Wissen der erfahrenen Kollegen.<\/p>\n<div id=\"attachment_10323\" style=\"width: 1930px\" class=\"wp-caption alignnone\"><img decoding=\"async\" aria-describedby=\"caption-attachment-10323\" class=\"size-full wp-image-10323\" src=\"https:\/\/www.amag-group.ch\/blog\/wp-content\/uploads\/2018\/08\/Welcome-Camp.jpg\" alt=\"Den ersten Auftritt feierte der \u00abSchnuppibus\u00bb am Welcome Camp der neuen Lernenden. Sie k\u00f6nnen sich zu den Lehrberufen der AMAG informieren. \" width=\"1920\" height=\"1440\" srcset=\"https:\/\/www.amag-group.ch\/blog\/wp-content\/uploads\/2018\/08\/Welcome-Camp.jpg 1920w, https:\/\/www.amag-group.ch\/blog\/wp-content\/uploads\/2018\/08\/Welcome-Camp-552x414.jpg 552w, https:\/\/www.amag-group.ch\/blog\/wp-content\/uploads\/2018\/08\/Welcome-Camp-768x576.jpg 768w\" sizes=\"(max-width: 1920px) 100vw, 1920px\" \/><p id=\"caption-attachment-10323\" class=\"wp-caption-text\">Premiere feierte der \u00abSchnuppibus\u00bb am Welcome Camp der neuen Lernenden.<\/p><\/div>\n<h3><strong>Ausbeulen, schweissen, reparieren<\/strong><\/h3>\n<p>Um den \u00abSchnuppibus\u00bb in Form zu bringen, mussten zuerst zahlreiche Sch\u00e4den behoben werden. Rost hatte sich \u00fcberall am Fahrzeug gebildet. Um ihn zu entfernen, haben die Lernenden zuerst s\u00e4mtliche T\u00fcrgriffe, Scheinwerfer, Spiegel etc. entfernt. \u00abDen Unterschied zu heutigen Fahrzeugen sieht man besonders bei der Elektronik. In den T\u00fcren oder Seitenspiegeln sind heute viel mehr Kabel verbaut\u00bb, erz\u00e4hlt Fabian Lauffer, Lernender Carrosseriespengler. Die Auszubildenden schliffen den ganzen Rost ab. Zu stark korrodierte Stellen schnitten sie aus, fertigten selber neue Bleche an und verschweissten diese.<\/p>\n<div id=\"attachment_10322\" style=\"width: 1930px\" class=\"wp-caption alignnone\"><img decoding=\"async\" aria-describedby=\"caption-attachment-10322\" class=\"size-full wp-image-10322\" src=\"https:\/\/www.amag-group.ch\/blog\/wp-content\/uploads\/2018\/08\/Schnuppibus_Schleifen_1.jpg\" alt=\"Die Lernenden der AMAG Kloten entfernten s\u00e4mtliche Roststellen am VW T3.\" width=\"1920\" height=\"1440\" srcset=\"https:\/\/www.amag-group.ch\/blog\/wp-content\/uploads\/2018\/08\/Schnuppibus_Schleifen_1.jpg 1920w, https:\/\/www.amag-group.ch\/blog\/wp-content\/uploads\/2018\/08\/Schnuppibus_Schleifen_1-552x414.jpg 552w, https:\/\/www.amag-group.ch\/blog\/wp-content\/uploads\/2018\/08\/Schnuppibus_Schleifen_1-768x576.jpg 768w\" sizes=\"(max-width: 1920px) 100vw, 1920px\" \/><p id=\"caption-attachment-10322\" class=\"wp-caption-text\">Verrostete Stellen werden abgeschliffen.<\/p><\/div>\n<p>Danach war Ausbeulen angesagt. Damit der \u00a0\u00abSchnuppibus\u00bb foliert werden konnte, merzten die Lernenden die Dellen aus. \u00abDas Blech an der Stossstange ist mehr als doppelt so dick wie bei heutigen Fahrzeugen. Ich musste mehr Kraft aufwenden und einen schwereren Hammer verwenden. Die Qualit\u00e4t durfte darunter nat\u00fcrlich nicht leiden\u00bb, berichtet Fabian Lauffer.<\/p>\n<div id=\"attachment_10325\" style=\"width: 1930px\" class=\"wp-caption alignnone\"><img decoding=\"async\" aria-describedby=\"caption-attachment-10325\" class=\"size-full wp-image-10325\" src=\"https:\/\/www.amag-group.ch\/blog\/wp-content\/uploads\/2018\/08\/Schnuppibus_Bleche.jpg\" alt=\"Mit selbst gefertigten Blechen ersetzten sie zu stark verrostete Stellen. \" width=\"1920\" height=\"1440\" srcset=\"https:\/\/www.amag-group.ch\/blog\/wp-content\/uploads\/2018\/08\/Schnuppibus_Bleche.jpg 1920w, https:\/\/www.amag-group.ch\/blog\/wp-content\/uploads\/2018\/08\/Schnuppibus_Bleche-552x414.jpg 552w, https:\/\/www.amag-group.ch\/blog\/wp-content\/uploads\/2018\/08\/Schnuppibus_Bleche-768x576.jpg 768w\" sizes=\"(max-width: 1920px) 100vw, 1920px\" \/><p id=\"caption-attachment-10325\" class=\"wp-caption-text\">Die Lernenden schnitten stark verrostete Stellen aus und ersetzten sie mit selbst gefertigten Blechen.<\/p><\/div>\n<p>Um die ganzen abgeschliffenen oder verkratzten Stellen verschwinden zu lassen, lackierte die Lernende Carrosserielackiererin Valentina Kasper den oberen Teil des VW Busses. \u00abIch fand es super, an einem Auto zu arbeiten, das dann in der ganzen Schweiz ausgestellt wird. Das macht mich stolz\u00bb, sagt Valentina Kasper.<\/p>\n<p>Auch der Motor musste g\u00e4nzlich ausgebaut werden. Er hatte einen Wasserschaden und musste deshalb fast komplett zerlegt und wieder zusammengebaut werden. \u00abF\u00fcr mich war es eine tolle Erfahrung. Ich arbeite sonst nicht an Boxermotoren, sondern kenne nur die heute g\u00e4ngigen Reihen- und V-Motoren. Ich habe viel \u00fcber den Aufbau und die Funktion der Teile gelernt\u00bb, schw\u00e4rmt der angehende Automobil-Mechatroniker Luca Riesen.<\/p>\n<div id=\"attachment_10326\" style=\"width: 1522px\" class=\"wp-caption alignnone\"><img decoding=\"async\" aria-describedby=\"caption-attachment-10326\" class=\"size-full wp-image-10326\" src=\"https:\/\/www.amag-group.ch\/blog\/wp-content\/uploads\/2018\/08\/Schnuppibus_Motor.jpg\" alt=\"Erfahrene Kollegen unterst\u00fctzten die Lernenden bei komplexeren Reparaturen mit ihrem Wissen. Beide Seiten profitierten vom Austausch\" width=\"1512\" height=\"1512\" srcset=\"https:\/\/www.amag-group.ch\/blog\/wp-content\/uploads\/2018\/08\/Schnuppibus_Motor.jpg 1512w, https:\/\/www.amag-group.ch\/blog\/wp-content\/uploads\/2018\/08\/Schnuppibus_Motor-414x414.jpg 414w, https:\/\/www.amag-group.ch\/blog\/wp-content\/uploads\/2018\/08\/Schnuppibus_Motor-768x768.jpg 768w\" sizes=\"(max-width: 1512px) 100vw, 1512px\" \/><p id=\"caption-attachment-10326\" class=\"wp-caption-text\">Ein erfahrener Kollege gibt Luca Riesen Tipps zur Reparatur des Motors.<\/p><\/div>\n<p>F\u00fcr den Innenausbau sorgte die Schreinerei Lamprecht aus Bassersdorf. Auch sie \u00fcberliess die meisten Arbeiten einer Lernenden. Sie r\u00fcstete den Bus mit einer neuen Sitzbank, einem Tisch, einem Schubladenstock und einem sch\u00f6nen Holzhimmel aus. So wirkt er innen genauso speziell wie aussen.<\/p>\n<h3><strong>Design von Lernenden erstellt<\/strong><\/h3>\n<p>Alle AMAG Lernenden konnten Vorschl\u00e4ge f\u00fcr das Aussendesign erstellen. Eine Mischung aus zwei Vorschl\u00e4gen hat schlussendlich das Rennen gemacht. Der Bus wird knallig, auff\u00e4llig und zeigt alle Lehrberufe der AMAG vereinfacht auf. Die Original-Felgen konnten mit dem peppigen Auftritt nicht mithalten. Frechere Felgen zu finden, war gar nicht so einfach. Denn die Auswahl an zugelassenen Felgen f\u00fcr dieses Modell ist heutzutage klein. Die Spezialisten der VW Buswerkstatt in Winterthur, einem VW Classic Competence Center, standen deshalb mit Rat zur Seite. Von den passenden Reifen lagerten nur noch drei St\u00fcck in Buchs, der vierte konnte erst drei Wochen sp\u00e4ter angeliefert werden.<\/p>\n<p><script type=\"text\/javascript\" src=\"\/\/amagtv.bbvms.com\/p\/default\/c\/2982003.js\" ><\/script><\/p>\n<p>\u00abWir sind stolz auf die Leistung unserer Lernenden. Dass der Bus in nur drei Monaten und praktisch nur durch die Arbeit unserer Auszubildenden eine so grosse Ver\u00e4nderung durchgemacht hat, zeigt, dass wir in der Berufsbildung auf dem richtigen Weg sind\u00bb, bilanziert Marcel Schlatter, Projektleiter \u00abSchnuppibus\u00bb.<\/p>\n<div id=\"attachment_10324\" style=\"width: 1930px\" class=\"wp-caption alignnone\"><img decoding=\"async\" aria-describedby=\"caption-attachment-10324\" class=\"size-full wp-image-10324\" src=\"https:\/\/www.amag-group.ch\/blog\/wp-content\/uploads\/2018\/08\/Schnuppibus-fertig.jpg\" alt=\"Der \u00abSchnuppibus\u00bb f\u00e4llt mit seinen knalligen Farben sofort auf. \" width=\"1920\" height=\"1440\" srcset=\"https:\/\/www.amag-group.ch\/blog\/wp-content\/uploads\/2018\/08\/Schnuppibus-fertig.jpg 1920w, https:\/\/www.amag-group.ch\/blog\/wp-content\/uploads\/2018\/08\/Schnuppibus-fertig-552x414.jpg 552w, https:\/\/www.amag-group.ch\/blog\/wp-content\/uploads\/2018\/08\/Schnuppibus-fertig-768x576.jpg 768w\" sizes=\"(max-width: 1920px) 100vw, 1920px\" \/><p id=\"caption-attachment-10324\" class=\"wp-caption-text\">Der \u00abSchnuppibus\u00bb ist fertig! Die Lernenden der AMAG Kloten d\u00fcrfen stolz sein. V.l.n.r: Fabian Lauffer, Sven Assfalk, Luca Riesen. Ebenfalls am Bus gearbeitet haben die Lernenden Fatlind Bilali, Valentina Kasper und Bunnjamin Hani.<\/p><\/div>\n<p><span style=\"text-decoration: underline;\"><strong><a href=\"https:\/\/www.amag-group.ch\/blog\/tag\/berufslehre\/\">Weitere Informationen \u00fcber die Ausbildungsberufe bei der AMAG.<\/a><\/strong><\/span><\/p>\n","protected":false},"excerpt":{"rendered":"<p>Sechs Lernende der AMAG Kloten haben einen alten VW T3 zum \u00abSchnuppibus\u00bb verwandelt. Sch\u00fclerinnen und Sch\u00fcler k\u00f6nnen sich an vielen Anl\u00e4ssen beim knalligen Bus zum Lehrstellenangebot der AMAG informieren. <\/p>\n","protected":false},"author":27,"featured_media":10324,"comment_status":"open","ping_status":"open","sticky":false,"template":"","format":"standard","meta":{"_acf_changed":false,"inline_featured_image":false,"footnotes":""},"categories":[9816],"tags":[],"class_list":["post-10321","post","type-post","status-publish","format-standard","has-post-thumbnail","hentry","category-next-generation"],"acf":[],"_links":{"self":[{"href":"https:\/\/www.amag-group.ch\/blog\/wp-json\/wp\/v2\/posts\/10321","targetHints":{"allow":["GET"]}}],"collection":[{"href":"https:\/\/www.amag-group.ch\/blog\/wp-json\/wp\/v2\/posts"}],"about":[{"href":"https:\/\/www.amag-group.ch\/blog\/wp-json\/wp\/v2\/types\/post"}],"author":[{"embeddable":true,"href":"https:\/\/www.amag-group.ch\/blog\/wp-json\/wp\/v2\/users\/27"}],"replies":[{"embeddable":true,"href":"https:\/\/www.amag-group.ch\/blog\/wp-json\/wp\/v2\/comments?post=10321"}],"version-history":[{"count":1,"href":"https:\/\/www.amag-group.ch\/blog\/wp-json\/wp\/v2\/posts\/10321\/revisions"}],"predecessor-version":[{"id":31688,"href":"https:\/\/www.amag-group.ch\/blog\/wp-json\/wp\/v2\/posts\/10321\/revisions\/31688"}],"wp:featuredmedia":[{"embeddable":true,"href":"https:\/\/www.amag-group.ch\/blog\/wp-json\/wp\/v2\/media\/10324"}],"wp:attachment":[{"href":"https:\/\/www.amag-group.ch\/blog\/wp-json\/wp\/v2\/media?parent=10321"}],"wp:term":[{"taxonomy":"category","embeddable":true,"href":"https:\/\/www.amag-group.ch\/blog\/wp-json\/wp\/v2\/categories?post=10321"},{"taxonomy":"post_tag","embeddable":true,"href":"https:\/\/www.amag-group.ch\/blog\/wp-json\/wp\/v2\/tags?post=10321"}],"curies":[{"name":"wp","href":"https:\/\/api.w.org\/{rel}","templated":true}]}}