{"id":10245,"date":"2018-08-21T09:00:23","date_gmt":"2018-08-21T07:00:23","guid":{"rendered":"https:\/\/www.amag-group.ch\/blog\/?p=10245"},"modified":"2025-03-21T08:11:12","modified_gmt":"2025-03-21T07:11:12","slug":"tipps-fuer-eine-erfolgreiche-lehre","status":"publish","type":"post","link":"https:\/\/www.amag-group.ch\/blog\/tipps-fuer-eine-erfolgreiche-lehre\/","title":{"rendered":"Tipps f\u00fcr eine erfolgreiche Lehre"},"content":{"rendered":"<p>Sie hat ihren Lehrabschluss als Lackiererin bereits in der Tasche und das als Abschlussbeste des Kantons Z\u00fcrich. Isabella Joss hat diesen Sommer ihre vierj\u00e4hrige Lehre in der <a href=\"https:\/\/www.uster.amag.ch\/de\" target=\"_blank\" rel=\"noopener noreferrer\">AMAG Uster<\/a>\u00a0mit Bravur abgeschlossen. \u00abDie vier Jahre sind wie im Flug vergangen\u00bb, sagt Isabella. Gute Stimmung im Team, abwechslungsreiche Arbeit und ein Ausbildungsbetrieb, der sie immer unterst\u00fctzt hat, trugen zur Motivation bei, betont sie.<\/p>\n<p>Was man selber alles f\u00fcr einen erfolgreichen Lehrabschluss tun kann, haben wir mit Isabella Joss und Fitore Velija, Projektleiterin AMAG Berufsbildung, zusammengetragen.<\/p>\n<div id=\"attachment_10243\" style=\"width: 562px\" class=\"wp-caption aligncenter\"><img decoding=\"async\" aria-describedby=\"caption-attachment-10243\" class=\"size-medium wp-image-10243\" src=\"https:\/\/www.amag-group.ch\/blog\/wp-content\/uploads\/2018\/08\/Isabella-Joos-552x414.jpg\" alt=\"Isabella Joss bereitet ein Fahrzeug f\u00fcr die Lackierungsarbeiten vor, indem sie Teile des Autos mit Folie und Klebband abdeckt.\" width=\"552\" height=\"414\" srcset=\"https:\/\/www.amag-group.ch\/blog\/wp-content\/uploads\/2018\/08\/Isabella-Joos-552x414.jpg 552w, https:\/\/www.amag-group.ch\/blog\/wp-content\/uploads\/2018\/08\/Isabella-Joos-768x576.jpg 768w, https:\/\/www.amag-group.ch\/blog\/wp-content\/uploads\/2018\/08\/Isabella-Joos.jpg 1920w\" sizes=\"(max-width: 552px) 100vw, 552px\" \/><p id=\"caption-attachment-10243\" class=\"wp-caption-text\">Isabella Joss bereitet ein Fahrzeug f\u00fcr die Lackierungsarbeiten vor.<\/p><\/div>\n<h3><strong>P\u00fcnktlichkeit und Engagement lohnen sich<\/strong><\/h3>\n<p>Wichtig ist ein morgendlicher p\u00fcnktlicher Arbeitsbeginn, denn dies strahlt Zuverl\u00e4ssigkeit aus. Zeigt man zudem Engagement und ist offen f\u00fcr Neues, wirkt man interessiert und dies sch\u00e4tzen sowohl der Ausbildner als auch die anderen Teammitglieder. \u00abMir ist bei den Lernenden wichtig, dass sie ihre Ideen miteinbringen, immer einen Schritt voraus denken, Extrameilen gehen und mutig sind\u00bb, meint Fitore Velija.<\/p>\n<div id=\"attachment_10244\" style=\"width: 389px\" class=\"wp-caption alignleft\"><img decoding=\"async\" aria-describedby=\"caption-attachment-10244\" class=\"wp-image-10244 size-medium\" src=\"https:\/\/www.amag-group.ch\/blog\/wp-content\/uploads\/2018\/08\/Velija-Fitore-379x414.jpg\" alt=\"Fitore Velija, Projektleiterin AMAG Berufsbildung, sch\u00e4tzt engagierte und mutige Lernende.\" width=\"379\" height=\"414\" srcset=\"https:\/\/www.amag-group.ch\/blog\/wp-content\/uploads\/2018\/08\/Velija-Fitore-379x414.jpg 379w, https:\/\/www.amag-group.ch\/blog\/wp-content\/uploads\/2018\/08\/Velija-Fitore-768x839.jpg 768w, https:\/\/www.amag-group.ch\/blog\/wp-content\/uploads\/2018\/08\/Velija-Fitore.jpg 1758w\" sizes=\"(max-width: 379px) 100vw, 379px\" \/><p id=\"caption-attachment-10244\" class=\"wp-caption-text\">Fitore Velija, Projektleiterin AMAG Berufsbildung, sch\u00e4tzt engagierte und mutige Lernende.<\/p><\/div>\n<h3>\u00a0<\/h3>\n<h3>\u00a0<\/h3>\n<h3><strong>Aufmerksamkeit und Neugier bringen einem weiter<\/strong><\/h3>\n<p>Es gibt keine dummen Fragen. \u00abEgal, ob ich im ersten oder vierten Lehrjahr war, ich habe immer Fragen gestellt, wenn ich etwas nicht verstanden habe oder mehr dar\u00fcber erfahren wollte\u00bb, sagt Isabella zu diesem Thema. Fragen bringen einem weiter und helfen, Prozesse besser nachvollziehen zu k\u00f6nnen.<\/p>\n<h3>Selbst\u00e4ndiges Arbeiten und Vertrauen<\/h3>\n<p>Fitore Velija h\u00e4lt fest: \u00abAuch die M\u00f6glichkeit des selbst\u00e4ndigen Arbeitens f\u00fchrt zu einer erfolgreichen Lehre. Damit schenkt der Ausbildner den Lernenden Vertrauen, was eine grosse Motivation ist.\u00bb<\/p>\n<h3>\u00a0<\/h3>\n<h3>\u00a0<\/h3>\n<h3>\u00a0<\/h3>\n<h3>\u00a0<\/h3>\n<h3>Respekt und H\u00f6flichkeit sind ein Muss<\/h3>\n<p>Ob es sich um Kunden oder Arbeitskollegen handelt, so wie man selber behandelt werden m\u00f6chte, so soll man auch sein Gegen\u00fcber behandeln. Dieses Kredo lebt Ruedi Schoch, Betriebsleiter AMAG Uster, selber vor und erwartet das auch von seinen Mitarbeitenden: \u00abNur ein gut funktionierendes Team, welches sich gegenseitig respektiert, kann H\u00f6chstleistungen erreichen. Diese Leistungen spiegeln sich direkt in der Servicequalit\u00e4t gegen\u00fcber unseren Kunden wider.\u00bb<\/p>\n<h3><strong>Schule und Lernen sind Pflicht<\/strong><\/h3>\n<p>In der Schule lohnt es sich aufzupassen, Zusammenfassungen zu schreiben und die Beispielpr\u00fcfungen regelm\u00e4ssig zu l\u00f6sen. \u00abMan muss sich f\u00fcr das Lernen auf die Abschlusspr\u00fcfung gen\u00fcgend Zeit einplanen. Hat man in der Schule gut aufgepasst und sich Notizen gemacht, hat man bereits ein gutes Grundger\u00fcst\u00bb, betont Isabella. Ein Wissensaustausch unter Schulkollegen und das Bilden von Lerngruppen unterst\u00fctzen ebenfalls den Lernprozess. Isabella f\u00fcgt an: \u00abDas Lernen in der Gruppe macht zudem auch viel mehr Spass.\u00bb<\/p>\n<div id=\"attachment_10242\" style=\"width: 1930px\" class=\"wp-caption aligncenter\"><img decoding=\"async\" aria-describedby=\"caption-attachment-10242\" class=\"wp-image-10242 size-full\" src=\"https:\/\/www.amag-group.ch\/blog\/wp-content\/uploads\/2018\/08\/Farbpalette.jpg\" alt=\"Isabella Joss w\u00e4hlt die richtige Farbe zum Anmischen aus.\" width=\"1920\" height=\"1440\" srcset=\"https:\/\/www.amag-group.ch\/blog\/wp-content\/uploads\/2018\/08\/Farbpalette.jpg 1920w, https:\/\/www.amag-group.ch\/blog\/wp-content\/uploads\/2018\/08\/Farbpalette-552x414.jpg 552w, https:\/\/www.amag-group.ch\/blog\/wp-content\/uploads\/2018\/08\/Farbpalette-768x576.jpg 768w\" sizes=\"(max-width: 1920px) 100vw, 1920px\" \/><p id=\"caption-attachment-10242\" class=\"wp-caption-text\">Das Mischen der richtigen Farbe geh\u00f6rt zum Alltag eines Carrosserie Lackierers.<\/p><\/div>\n<h3>Mut zum Fehler machen<\/h3>\n<p>Fehler d\u00fcrfen passieren, denn aus Fehlern lernt man. Wichtig ist hier vor allem, dass man sich den Fehler auch eingesteht. \u00abWenn unsere Lernenden mit Fehlern umzugehen wissen, st\u00e4rkt das gleichzeitig auch ihr Selbstbewusstsein\u00bb, erz\u00e4hlt Fitore Velija aus ihrer Erfahrung.<\/p>\n<h3>Gute Work-Life-Balance<\/h3>\n<p>W\u00e4hrend der Ausbildung d\u00fcrfen Familie und Freunde aber nicht zu kurz kommen. Ein guter Ausgleich zwischen Beruf und Privatleben f\u00f6rdert die Motivation und macht auch den Kopf frei. \u00abDie Mischung macht\u2019s!\u00bb, meint Isabella schmunzelnd.<\/p>\n<p>&nbsp;<\/p>\n<h2>Weiterf\u00fchrende Artikel:<\/h2>\n<p><a href=\"https:\/\/www.amag-group.ch\/blog\/lehre_als_autolackierer\/\" target=\"_blank\" rel=\"noopener noreferrer\">Mein spannender Beruf: Carrossier Lackiererei<\/a><\/p>\n<p><a href=\"https:\/\/www.amag-group.ch\/blog\/autospengler-autolackierer\/\" target=\"_blank\" rel=\"noopener noreferrer\">Duell der Carrosserie-Berufe<\/a><\/p>\n<p><a href=\"https:\/\/www.amag-group.ch\/blog\/carrosserie-berufe-zukunftspotential-und-fachkraeftemangel\/\" target=\"_blank\" rel=\"noopener noreferrer\">Carrosserie-Berufe: Zukunftspotential und Fachkr\u00e4ftemangel<\/a><\/p>\n<p><a href=\"https:\/\/www.beobachter.ch\/bildung\/lehre-studium\/lehrabschlussprufung-so-bist-du-bei-der-lap-top\" target=\"_blank\" rel=\"noopener noreferrer\">So bist du bei der LAP top!<\/a><\/p>\n","protected":false},"excerpt":{"rendered":"<p>Hat man den Lehrvertrag erst mal unterschrieben, kann es bis zum Lehrbeginn gar nicht schnell genug gehen. Die Vorfreude ist riesig und die Motivation gross. Damit dieses Gef\u00fchl auch bis zum Lehrabschluss anh\u00e4lt, haben wir hierf\u00fcr einige Tipps zusammengestellt.<\/p>\n","protected":false},"author":40,"featured_media":10241,"comment_status":"open","ping_status":"open","sticky":false,"template":"","format":"standard","meta":{"_acf_changed":false,"inline_featured_image":false,"footnotes":""},"categories":[9816],"tags":[],"class_list":["post-10245","post","type-post","status-publish","format-standard","has-post-thumbnail","hentry","category-next-generation"],"acf":[],"_links":{"self":[{"href":"https:\/\/www.amag-group.ch\/blog\/wp-json\/wp\/v2\/posts\/10245","targetHints":{"allow":["GET"]}}],"collection":[{"href":"https:\/\/www.amag-group.ch\/blog\/wp-json\/wp\/v2\/posts"}],"about":[{"href":"https:\/\/www.amag-group.ch\/blog\/wp-json\/wp\/v2\/types\/post"}],"author":[{"embeddable":true,"href":"https:\/\/www.amag-group.ch\/blog\/wp-json\/wp\/v2\/users\/40"}],"replies":[{"embeddable":true,"href":"https:\/\/www.amag-group.ch\/blog\/wp-json\/wp\/v2\/comments?post=10245"}],"version-history":[{"count":1,"href":"https:\/\/www.amag-group.ch\/blog\/wp-json\/wp\/v2\/posts\/10245\/revisions"}],"predecessor-version":[{"id":31687,"href":"https:\/\/www.amag-group.ch\/blog\/wp-json\/wp\/v2\/posts\/10245\/revisions\/31687"}],"wp:featuredmedia":[{"embeddable":true,"href":"https:\/\/www.amag-group.ch\/blog\/wp-json\/wp\/v2\/media\/10241"}],"wp:attachment":[{"href":"https:\/\/www.amag-group.ch\/blog\/wp-json\/wp\/v2\/media?parent=10245"}],"wp:term":[{"taxonomy":"category","embeddable":true,"href":"https:\/\/www.amag-group.ch\/blog\/wp-json\/wp\/v2\/categories?post=10245"},{"taxonomy":"post_tag","embeddable":true,"href":"https:\/\/www.amag-group.ch\/blog\/wp-json\/wp\/v2\/tags?post=10245"}],"curies":[{"name":"wp","href":"https:\/\/api.w.org\/{rel}","templated":true}]}}