{"id":964,"date":"2016-06-27T11:19:58","date_gmt":"2016-06-27T09:19:58","guid":{"rendered":"http:\/\/www.amag-group.ch\/blog\/it\/?p=964"},"modified":"2018-02-23T10:07:05","modified_gmt":"2018-02-23T10:07:05","slug":"luomo-per-tutte-le-stagioni","status":"publish","type":"post","link":"https:\/\/www.amag-group.ch\/blog\/it\/luomo-per-tutte-le-stagioni\/","title":{"rendered":"L&#8217;uomo per tutte le stagioni"},"content":{"rendered":"<p>Domenica 19 giugno 2016, appassionati e conducenti di Porsche storiche si sono incontrati al quarto Porsche Classic Day di Schinznach-Bad. All&#8217;evento di quest&#8217;anno l&#8217;organizzatore, il Centro Porsche Service di Schinznach-Bad, ha invitato in qualit\u00e0 di ospite d&#8217;onore l&#8217;ex pilota automobilistico J\u00fcrgen Barth, il quale, avendo in passato vinto la 24 Ore di Le Mans, ha entusiasmato gli appassionati di auto con i racconti delle sue esperienze nelle corse sportive.<\/p>\n<p>Nell&#8217;intervista dal vivo con Dino Graf, responsabile Corporate Communication di AMAG, J\u00fcrgen Barth ha risposto a domande su svariati argomenti, tra cui la sua carriera, i momenti delle corse che a livello personale giudica culminanti e lo sviluppo di autoveicoli. Qui potete leggere un estratto dell&#8217;intervista:<\/p>\n<p><img decoding=\"async\" class=\"alignnone size-medium wp-multi-image wp-multi-image-965\" src=\"https:\/\/www.amag-group.ch\/blog\/wp-content\/uploads\/sites\/3\/2016\/06\/bozza-automatica-2-620x414.jpg\" alt=\"Bozza automatica 1\" width=\"620\" height=\"414\" \/><\/p>\n<p><strong>Se si guarda la classifica attuale della corsa di Le Mans, che si svolge in questo fine settimana, il cuore Porsche sanguina un po&#8217;, non \u00e8 vero? <\/strong>S\u00ec, certamente, ma \u00e8 una corsa interessante [nota: al momento dell&#8217;intervista era in testa Toyota]. Qui si scrive il futuro dello sport automobilistico e dell&#8217;automobile. I veicoli ibridi che ottengono un buon piazzamento saranno quelli che in futuro avremo sulle nostre strade.<\/p>\n<p><strong>La sua carriera \u00e8 iniziata in Porsche e si \u00e8 conclusa in Porsche. Quali sono stati i momenti pi\u00f9 importanti? <\/strong>Sono nato nel 1947 nella Germania dell&#8217;Est, la vecchia DDR. Mio padre [nota: Edgar Barth], che come me era un pilota automobilistico, \u00e8 stato quattro o cinque volte campione nella DDR su BMW. Improvvisamente, per\u00f2, \u00e8 stato deciso che in uno Stato comunista non era pi\u00f9 possibile correre con le auto. Cos\u00ec mio padre \u00e8 rimasto disoccupato e poi \u00e8 stato assunto da Porsche. Nel 1957 ha corso la sua prima gara per Porsche al N\u00fcrburgring, vincendola. Al momento della premiazione, per\u00f2, \u00e8 stato suonato erroneamente l&#8217;inno sbagliato: quello della Repubblica Federale Tedesca. Di conseguenza, mio padre non si \u00e8 pi\u00f9 potuto recare nell&#8217;Est, altrimenti sarebbe stato arrestato per alto tradimento. In seguito anche mia mamma \u00e8 fuggita con me nella Germania Ovest. Nel 1963 ho iniziato il mio apprendistato da Porsche come meccanico di veicoli a motore. Successivamente, ho seguito un tirocinio in ambito commerciale, poi sono diventato ingegnere e sono arrivato al reparto stampa e sport. Qui mi sono occupato dell&#8217;organizzazione amministrativa dell&#8217;intera attivit\u00e0 delle corse sportive di Porsche.<\/p>\n<p><strong>Che cosa \u00e8 stato in prevalenza: manager sportivo o pilota? <\/strong>Non sono mai stato solo un pilota. Certo, nel 1977 ho vinto a Le Mans. La settimana dopo, per\u00f2, sono partito per l&#8217;Australia con la mia cassetta degli attrezzi per offrire supporto come tecnico dell&#8217;assistenza in occasione della corsa Londra-Sidney. Il vincitore di Le Mans si \u00e8 infilato sotto l&#8217;auto a stringere bulloni!<\/p>\n<p><strong>Lei non \u00e8 stato solo un pilota di corse, ha anche testato veicoli da strada. Quale apporto ha potuto fornire nello sviluppo dei test in serie in qualit\u00e0 di pilota collaudatore? <\/strong>In effetti non ero un pilota collaudatore nel senso pi\u00f9 classico. Quando correvamo i rally portavamo sempre con noi le auto da collaudare e poi scrivevamo i rapporti. Me lo ricordo ancora bene: alle prove di Monte Carlo abbiamo portato la 928 con un ABS completamente nuovo. Era terribile: a Monte Carlo abbiamo trovato tantissima neve e lastre di ghiaccio. L&#8217;ABS non ha funzionato correttamente e di conseguenza il rapporto \u00e8 stato lungo. All&#8217;epoca erano questi i miei interventi di collaudo per il settore delle auto da strada.<\/p>\n<p><strong>Se dovesse definire la sua carriera in una parola, come si definirebbe: pilota o qualcos&#8217;altro? <\/strong>Una volta su un giornale \u00e8 uscito un articolo dal titolo: &#8220;L&#8217;uomo per tutte le stagioni&#8221;. Mi descrive correttamente perch\u00e9 sono stato impiegato nelle situazioni pi\u00f9 svariate. Ad esempio, una volta sono stato prestato per due anni alla Opel per organizzare i Safari Rally e occuparmi dello sviluppo dell'&#8221;Ascona&#8221; e della &#8220;Kadett&#8221; per l&#8217;Africa.<\/p>\n<p><strong>Qual \u00e8 secondo lei la migliore Porsche? <\/strong>Trovo che l&#8217;ultima automobile sia sempre la migliore. Nelle corse, per me l&#8217;auto pi\u00f9 geniale \u00e8 stata la 908\/3, progettata e sviluppata da Ferdinand Pi\u00ebch in persona. Il pilota era seduto praticamente sull&#8217;asse anteriore e non c&#8217;era sicurezza nella zona anteriore: le crash box erano i piedi. Serbatoio, batteria e serbatoio dell&#8217;olio si trovavano a destra, il cambio era davanti all&#8217;asse posteriore. Era un&#8217;auto straordinariamente sbilanciata. Nel 1980, quando ho vinto la 1000 km sul N\u00fcrburgring, aveva gi\u00e0 quasi 10 anni.<\/p>\n<p>L&#8217;intervista completa e dettagliata \u00e8 visibile nel seguente video (solo in tedesco):<\/p>\n<p><iframe src=\"https:\/\/www.youtube.com\/embed\/vol-BhUi-9g\" width=\"560\" height=\"315\" frameborder=\"0\" allowfullscreen=\"allowfullscreen\"><\/iframe><\/p>\n<p><span style=\"text-decoration: underline;\"><strong><a title=\"car policy\" href=\"http:\/\/www.amag.ch\/amagch\/corp\/it\/newsletter\/anmeldeformular_Blog.html\" target=\"_blank\" rel=\"noopener\">Attualit\u00e0 e retroscena dall\u2019universo dell\u2019auto.\u00a0Abbonatevi subito.<\/a><\/strong><\/span><\/p>\n","protected":false},"excerpt":{"rendered":"<p>L&#8217;ex pilota J\u00fcrgen Barth ha partecipato in qualit\u00e0 di ospite al quarto Porsche Classic Day di Schinznach-Bad. In un&#8217;intervista dal vivo rilasciata sul posto, l&#8217;ex vincitore della 24 Ore di Le Mans ha raccontato alcuni aneddoti molto personali.<\/p>\n","protected":false},"author":27,"featured_media":7329,"comment_status":"open","ping_status":"open","sticky":false,"template":"","format":"standard","meta":{"_acf_changed":false,"inline_featured_image":false,"footnotes":""},"categories":[2228],"tags":[],"class_list":["post-964","post","type-post","status-publish","format-standard","has-post-thumbnail","hentry","category-classic-car-it"],"acf":[],"_links":{"self":[{"href":"https:\/\/www.amag-group.ch\/blog\/it\/wp-json\/wp\/v2\/posts\/964","targetHints":{"allow":["GET"]}}],"collection":[{"href":"https:\/\/www.amag-group.ch\/blog\/it\/wp-json\/wp\/v2\/posts"}],"about":[{"href":"https:\/\/www.amag-group.ch\/blog\/it\/wp-json\/wp\/v2\/types\/post"}],"author":[{"embeddable":true,"href":"https:\/\/www.amag-group.ch\/blog\/it\/wp-json\/wp\/v2\/users\/27"}],"replies":[{"embeddable":true,"href":"https:\/\/www.amag-group.ch\/blog\/it\/wp-json\/wp\/v2\/comments?post=964"}],"version-history":[{"count":0,"href":"https:\/\/www.amag-group.ch\/blog\/it\/wp-json\/wp\/v2\/posts\/964\/revisions"}],"wp:featuredmedia":[{"embeddable":true,"href":"https:\/\/www.amag-group.ch\/blog\/it\/wp-json\/wp\/v2\/media\/7329"}],"wp:attachment":[{"href":"https:\/\/www.amag-group.ch\/blog\/it\/wp-json\/wp\/v2\/media?parent=964"}],"wp:term":[{"taxonomy":"category","embeddable":true,"href":"https:\/\/www.amag-group.ch\/blog\/it\/wp-json\/wp\/v2\/categories?post=964"},{"taxonomy":"post_tag","embeddable":true,"href":"https:\/\/www.amag-group.ch\/blog\/it\/wp-json\/wp\/v2\/tags?post=964"}],"curies":[{"name":"wp","href":"https:\/\/api.w.org\/{rel}","templated":true}]}}