{"id":891,"date":"2016-04-25T11:11:46","date_gmt":"2016-04-25T09:11:46","guid":{"rendered":"http:\/\/www.amag-group.ch\/blog\/it\/?p=891"},"modified":"2018-02-23T10:07:08","modified_gmt":"2018-02-23T10:07:08","slug":"sfide-attuali-della-politica-dei-trasporti","status":"publish","type":"post","link":"https:\/\/www.amag-group.ch\/blog\/it\/sfide-attuali-della-politica-dei-trasporti\/","title":{"rendered":"Sfide attuali della politica dei trasporti"},"content":{"rendered":"<p>Il Consigliere nazionale Jean-Fran\u00e7ois Rime ha inaugurato l&#8217;evento con una relazione sul tema &#8220;Sfide della politica dei trasporti&#8221;. Ha descritto il 2016 come l&#8217;anno chiave per l&#8217;Unione svizzera delle arti e dei mestieri e per la politica dei trasporti svizzera. L&#8217;apertura dell&#8217;evento \u00e8 stata accompagnata da un esito soddisfacente delle votazioni: il &#8220;s\u00ec&#8221; del popolo svizzero alla seconda canna del traforo del San Gottardo. Secondo l&#8217;USAM si tratta di una chiara presa di posizione da parte dei cittadini svizzeri a favore della strada e una conferma dell&#8217;importanza di questa arteria viaria.<\/p>\n<p>L&#8217;onorevole Rime ha inoltre citato l&#8217;importanza della politica dei trasporti e di un&#8217;infrastruttura stradale funzionante per le imprese, strumento imprescindibile per garantire la distribuzione capillare di merci e servizi. \u00c8 fondamentale che tutte le vie di comunicazione si integrino alla perfezione: ferrovia, strada, vie aeree e idrovie. Dal 1990 il traffico \u00e8 pi\u00f9 che raddoppiato, ma la rete stradale non \u00e8 cresciuta di pari passo. Il presidente dell&#8217;USAM ha continuato menzionando gli ingorghi sulle strade svizzere, responsabili di oltre 21&#8217;500 ore trascorse nel traffico ogni anno. I costi di tale situazione ammontano a circa 2 miliardi di franchi per l&#8217;economia svizzera. L&#8217;USAM richiede a gran voce uno sviluppo consono ai bisogni dell&#8217;infrastruttura interregionale, l&#8217;eliminazione degli ingorghi sulla rete stradale nazionale e tagli al sovvenzionamento trasversale dalla strada alla ferrovia.<\/p>\n<p><img decoding=\"async\" class=\"alignnone size-full wp-multi-image wp-multi-image-893\" src=\"https:\/\/www.amag-group.ch\/blog\/wp-content\/uploads\/sites\/3\/2016\/04\/Foto-5-Rime.png\" alt=\"Foto 5 Rime\" width=\"1000\" height=\"669\" \/><\/p>\n<p>Dal canto suo, il Consiglio nazionale ha annunciato due importanti progetti per il finanziamento della rete stradale: il Fondo per le strade nazionali e il traffico d&#8217;agglomerato (FOSTRA) e l&#8217;Iniziativa per un equo finanziamento dei trasporti. Il progetto FOSTRA \u00e8 stato ridiscusso dal Consiglio degli Stati nella sessione di primavera. L&#8217;USAM ritiene che sia la direzione giusta da seguire. Tuttavia, l&#8217;onorevole Rime \u00e8 comunque del parere che il progetto sia ulteriormente migliorabile.<\/p>\n<p>Inoltre, Jean-Fran\u00e7ois Rime ha manifestato pieno appoggio dell&#8217;USAM all&#8217;Iniziativa della &#8220;vacca da mungere&#8221; (Iniziativa per un equo finanziamento dei trasporti), oggetto in votazione il 5 giugno. L&#8217;USAM ritiene che l&#8217;iniziativa non chieda niente di straordinario: il denaro riscosso dallo Stato tramite tributi, imposte e tasse versati dagli utenti della strada deve essere reinvestito in modo vincolato e per intero nell&#8217;infrastruttura stradale. In aggiunta, anche il diritto di codecisione degli automobilisti andrebbe rafforzato sottoponendo obbligatoriamente l&#8217;introduzione o l&#8217;aumento di eventuali imposte a referendum facoltativo.\u00a0\u00a0 Secondo il Consigliere nazionale, l&#8217;Iniziativa per un equo finanziamento dei trasporti \u00e8 il rimedio giusto per risolvere i noti problemi di finanziamento dell&#8217;infrastruttura stradale. \u00c8 innegabile la necessit\u00e0 di impiegare maggiori fondi nello sviluppo della rete stradale. Infatti, anche i trasporti pubblici \u2013 i bus ad esempio \u2013 approfitterebbero dell&#8217;Iniziativa della &#8220;vacca da mungere&#8221; poich\u00e9 vi sarebbero meno ingorghi anche per loro.<\/p>\n<p><img decoding=\"async\" class=\"alignnone size-full wp-multi-image wp-multi-image-894\" src=\"https:\/\/www.amag-group.ch\/blog\/wp-content\/uploads\/sites\/3\/2016\/04\/panel-blog.png\" alt=\"panel blog\" width=\"2781\" height=\"1831\" \/><\/p>\n<p>A seguito delle interessanti riflessioni dell&#8217;onorevole Jean-Fran\u00e7ois Rime, nella tavola rotonda con Morten Hannesbo, CEO di AMAG, l&#8217;argomento \u00e8 poi stato approfondito e sono stati discussi i punti a favore di un &#8220;s\u00ec&#8221; all&#8217;Iniziativa per un equo finanziamento dei trasporti. Hannesbo ha sottolineato l&#8217;importanza di poter contare su buone condizioni di traffico e viabilit\u00e0 per gli utenti della strada. Secondo il CEO di AMAG, a prescindere dal proprio mezzo di trasporto \u2013 automobile, bus, bicicletta o trattore che sia \u2013, un &#8220;s\u00ec&#8221; all&#8217;iniziativa gioverebbe a tutti quanti. Proprio per questo motivo tutto il settore si \u00e8 schierato a sostegno della campagna.<\/p>\n<p>&nbsp;<\/p>\n<p><a title=\"car policy\" href=\"http:\/\/www.amag.ch\/amagch\/corp\/it\/newsletter\/anmeldeformular_Blog.html\" target=\"_blank\" rel=\"noopener\">Attualit\u00e0 e retroscena dall\u2019universo dell\u2019auto.\u00a0<span style=\"text-decoration: underline;\"><strong>Abbonatevi subito.<\/strong><\/span><\/a><\/p>\n","protected":false},"excerpt":{"rendered":"<p>In occasione dell&#8217;evento &#8220;AMAG Impulse Breakfast&#8221; del 6 aprile 2016, il Consigliere nazionale e presidente dell&#8217;Unione svizzera delle arti e dei mestieri (USAM) Jean-Fran\u00e7ois Rime ha espresso il proprio punto di vista sul tema &#8220;Sfide della politica dei trasporti&#8221;. Nella successiva tavola rotonda l&#8217;argomento \u00e8 stato quindi approfondito anche con il CEO di AMAG, Morten Hannesbo. <\/p>\n","protected":false},"author":27,"featured_media":7245,"comment_status":"open","ping_status":"open","sticky":false,"template":"","format":"standard","meta":{"_acf_changed":false,"inline_featured_image":false,"footnotes":""},"categories":[2211],"tags":[],"class_list":["post-891","post","type-post","status-publish","format-standard","has-post-thumbnail","hentry","category-sostenibilita"],"acf":[],"_links":{"self":[{"href":"https:\/\/www.amag-group.ch\/blog\/it\/wp-json\/wp\/v2\/posts\/891","targetHints":{"allow":["GET"]}}],"collection":[{"href":"https:\/\/www.amag-group.ch\/blog\/it\/wp-json\/wp\/v2\/posts"}],"about":[{"href":"https:\/\/www.amag-group.ch\/blog\/it\/wp-json\/wp\/v2\/types\/post"}],"author":[{"embeddable":true,"href":"https:\/\/www.amag-group.ch\/blog\/it\/wp-json\/wp\/v2\/users\/27"}],"replies":[{"embeddable":true,"href":"https:\/\/www.amag-group.ch\/blog\/it\/wp-json\/wp\/v2\/comments?post=891"}],"version-history":[{"count":0,"href":"https:\/\/www.amag-group.ch\/blog\/it\/wp-json\/wp\/v2\/posts\/891\/revisions"}],"wp:featuredmedia":[{"embeddable":true,"href":"https:\/\/www.amag-group.ch\/blog\/it\/wp-json\/wp\/v2\/media\/7245"}],"wp:attachment":[{"href":"https:\/\/www.amag-group.ch\/blog\/it\/wp-json\/wp\/v2\/media?parent=891"}],"wp:term":[{"taxonomy":"category","embeddable":true,"href":"https:\/\/www.amag-group.ch\/blog\/it\/wp-json\/wp\/v2\/categories?post=891"},{"taxonomy":"post_tag","embeddable":true,"href":"https:\/\/www.amag-group.ch\/blog\/it\/wp-json\/wp\/v2\/tags?post=891"}],"curies":[{"name":"wp","href":"https:\/\/api.w.org\/{rel}","templated":true}]}}