{"id":8882,"date":"2018-03-01T06:19:35","date_gmt":"2018-03-01T05:19:35","guid":{"rendered":"https:\/\/www.amag-group.ch\/blog\/?p=8882"},"modified":"2018-03-21T11:14:58","modified_gmt":"2018-03-21T10:14:58","slug":"grand-tour-of-switzerland-da-zurigo-a-stein-am-rhein","status":"publish","type":"post","link":"https:\/\/www.amag-group.ch\/blog\/it\/grand-tour-of-switzerland-da-zurigo-a-stein-am-rhein\/","title":{"rendered":"Grand Tour of Switzerland: da Zurigo a Stein am Rhein"},"content":{"rendered":"<p>Se dovessimo descrivere questa sezione del Grand Tour of Switzerland con una sola parola, diremmo che \u00e8 magnifica! Nella <a href=\"http:\/\/grandtour.myswitzerland.com\/\">homepage di Svizzera Turismo<\/a>, come punti salienti di questa tappa vengono segnalati il Grossm\u00fcnster, l&#8217;antico duomo di Zurigo, e le cascate del Reno di Sciaffusa. Tuttavia, noi ne abbiamo individuati molti altri.<\/p>\n<p>In questa fredda ma assolata giornata di febbraio (secondo la Meteo della Televisione Svizzera la pi\u00f9 fredda dell&#8217;inverno), il punto di partenza \u00e8 Zurigo. Abbiamo in programma di visitare il Niederdorf (centro storico) di Zurigo e abbiamo anche trovato un parcheggio vicino al Palazzo di giustizia.<\/p>\n<h3><strong>Destinazione: il Grossm\u00fcnster di Zurigo<\/strong><\/h3>\n<p>Allo \u00abHirschgraben\u00bb svoltiamo nella \u00abObere Z\u00e4une\u00bb e ci godiamo la quiete mattutina in questa splendida parte del Niederdorf.<\/p>\n<div id=\"attachment_8850\" style=\"width: 630px\" class=\"wp-caption aligncenter\"><img decoding=\"async\" aria-describedby=\"caption-attachment-8850\" class=\"size-medium wp-image-8850\" src=\"https:\/\/www.amag-group.ch\/blog\/wp-content\/uploads\/2018\/03\/Grand_Tour_of_Switzerland_Zuerich_Obere_Zaune-620x414.jpg\" alt=\"Il centro storico del Niederdorf, uno sguardo sull'Obere Z\u00e4une di Zurigo\" width=\"620\" height=\"414\" srcset=\"https:\/\/www.amag-group.ch\/blog\/wp-content\/uploads\/2018\/03\/Grand_Tour_of_Switzerland_Zuerich_Obere_Zaune-620x414.jpg 620w, https:\/\/www.amag-group.ch\/blog\/wp-content\/uploads\/2018\/03\/Grand_Tour_of_Switzerland_Zuerich_Obere_Zaune-768x512.jpg 768w, https:\/\/www.amag-group.ch\/blog\/wp-content\/uploads\/2018\/03\/Grand_Tour_of_Switzerland_Zuerich_Obere_Zaune-720x480.jpg 720w, https:\/\/www.amag-group.ch\/blog\/wp-content\/uploads\/2018\/03\/Grand_Tour_of_Switzerland_Zuerich_Obere_Zaune.jpg 1920w\" sizes=\"(max-width: 620px) 100vw, 620px\" \/><p id=\"caption-attachment-8850\" class=\"wp-caption-text\">Uno sguardo sull&#8217;Obere Z\u00e4une<\/p><\/div>\n<p>Poi si prosegue verso il simbolo della capitale del cantone: il <a href=\"https:\/\/www.grossmuenster.ch\/en\/\" target=\"_blank\" rel=\"noopener\">Grossm\u00fcnster<\/a>. Purtroppo, fino a marzo l&#8217;accesso \u00e8 vietato ai turisti a causa delle riprese in corso, quindi possiamo ammirare questo capolavoro solo dall&#8217;esterno.<\/p>\n<div id=\"attachment_8847\" style=\"width: 630px\" class=\"wp-caption aligncenter\"><img decoding=\"async\" aria-describedby=\"caption-attachment-8847\" class=\"size-medium wp-image-8847\" src=\"https:\/\/www.amag-group.ch\/blog\/wp-content\/uploads\/2018\/03\/Grand_Tour_of_Switzerland_Zuerich_Grossmunster-620x408.jpg\" alt=\"I campanili del Grossm\u00fcnster di Zurigo nel Grand Tour of Switzerland\" width=\"620\" height=\"408\" srcset=\"https:\/\/www.amag-group.ch\/blog\/wp-content\/uploads\/2018\/03\/Grand_Tour_of_Switzerland_Zuerich_Grossmunster-620x408.jpg 620w, https:\/\/www.amag-group.ch\/blog\/wp-content\/uploads\/2018\/03\/Grand_Tour_of_Switzerland_Zuerich_Grossmunster-768x506.jpg 768w, https:\/\/www.amag-group.ch\/blog\/wp-content\/uploads\/2018\/03\/Grand_Tour_of_Switzerland_Zuerich_Grossmunster.jpg 1800w\" sizes=\"(max-width: 620px) 100vw, 620px\" \/><p id=\"caption-attachment-8847\" class=\"wp-caption-text\">Il Grossm\u00fcnster di Zurigo<\/p><\/div>\n<p>Dato che abbiamo un programma piuttosto saturo, dobbiamo limitarci a visitare solo queste due attrazioni tra le tante cose da vedere in citt\u00e0. Percorriamo Seilergraben, Central e la galleria del Milchbuck per imboccare l&#8217;autostrada che ci porter\u00e0 alla nostra prossima tappa: Kyburg. Grazie all&#8217;ora mattutina, usciamo dalla citt\u00e0 e dal traffico di chi sta andando al lavoro velocemente e senza intoppi.<\/p>\n<p>Arrivati a Kyburg, rimaniamo affascinati non solo dal castello, ma anche dall&#8217;antico e pittoresco <a href=\"http:\/\/www.kyburg.ch\/\">paesino<\/a>, che da gennaio 2016 fa parte del comune di Illnau-Effretikon. Le case a graticcio che si affacciano sulla piazza del paese brillano sotto il gelido sole del mattino, a meno 6,5 gradi centigradi.<\/p>\n<div id=\"attachment_8878\" style=\"width: 630px\" class=\"wp-caption aligncenter\"><img decoding=\"async\" aria-describedby=\"caption-attachment-8878\" class=\"size-medium wp-image-8878\" src=\"https:\/\/www.amag-group.ch\/blog\/wp-content\/uploads\/2018\/03\/Grand_Tour_of_Switzerland_Kyburg-1-620x414.jpg\" alt=\"Grand Tour of Switzerland: visita al paese di Kyburg e al suo Castello\" width=\"620\" height=\"414\" srcset=\"https:\/\/www.amag-group.ch\/blog\/wp-content\/uploads\/2018\/03\/Grand_Tour_of_Switzerland_Kyburg-1-620x414.jpg 620w, https:\/\/www.amag-group.ch\/blog\/wp-content\/uploads\/2018\/03\/Grand_Tour_of_Switzerland_Kyburg-1-768x512.jpg 768w, https:\/\/www.amag-group.ch\/blog\/wp-content\/uploads\/2018\/03\/Grand_Tour_of_Switzerland_Kyburg-1-720x480.jpg 720w\" sizes=\"(max-width: 620px) 100vw, 620px\" \/><p id=\"caption-attachment-8878\" class=\"wp-caption-text\">Kyburg in un&#8217;assolata mattina invernale<\/p><\/div>\n<p>Anche il Castello di Kyburg si riscalda al sole. Al suo interno ospita un museo che mostra la vita quotidiana dell&#8217;antico borgo durante gli ultimi 800 anni. Il Castello di Kyburg rappresenta il castello feudale meglio conservato della Svizzera nordorientale ed era la residenza del conte di Kyburg. Rimandiamo la visita del Castello a una giornata pi\u00f9 calda.<\/p>\n<p>Continuiamo a scendere a valle seguendo una pittoresca strada che attraversa un bosco e arriva al fiume T\u00f6ss, che superiamo su un vecchio ponte rosso. Google ci dice che questo \u00e8 il ponte di Kyburg.<\/p>\n<div id=\"attachment_8826\" style=\"width: 630px\" class=\"wp-caption aligncenter\"><img decoding=\"async\" aria-describedby=\"caption-attachment-8826\" class=\"size-medium wp-image-8826\" src=\"https:\/\/www.amag-group.ch\/blog\/wp-content\/uploads\/2018\/03\/Grand_Tour_of_Switzerland_Kyburgerbrugg-620x414.jpg\" alt=\"Grand Tour of Switzerland: passiamo sul bel ponte rosso di Kyburg\" width=\"620\" height=\"414\" srcset=\"https:\/\/www.amag-group.ch\/blog\/wp-content\/uploads\/2018\/03\/Grand_Tour_of_Switzerland_Kyburgerbrugg-620x414.jpg 620w, https:\/\/www.amag-group.ch\/blog\/wp-content\/uploads\/2018\/03\/Grand_Tour_of_Switzerland_Kyburgerbrugg-768x512.jpg 768w, https:\/\/www.amag-group.ch\/blog\/wp-content\/uploads\/2018\/03\/Grand_Tour_of_Switzerland_Kyburgerbrugg-720x480.jpg 720w, https:\/\/www.amag-group.ch\/blog\/wp-content\/uploads\/2018\/03\/Grand_Tour_of_Switzerland_Kyburgerbrugg.jpg 1920w\" sizes=\"(max-width: 620px) 100vw, 620px\" \/><p id=\"caption-attachment-8826\" class=\"wp-caption-text\">Il ponte di Kyburg sopra la T\u00f6ss<\/p><\/div>\n<h3><strong>Weinland zurighese: una gradita sorpresa <\/strong><\/h3>\n<p>A Winterthur decidiamo di adeguarci alla stagione e di visitare il <a href=\"https:\/\/www.fotomuseum.ch\/en\/\" target=\"_blank\" rel=\"noopener\">Fotomuseum<\/a> (museo della fotografia). Nella seconda citt\u00e0 per grandezza del Cantone di Zurigo facciamo solo una breve sosta, in quanto il museo apre alle 11:00. Il viaggio continua verso Marthalen, nel Weinland zurighese. Purtroppo siamo di nuovo arrivati in una zona nebbiosa. Il piccolo comune, che conta circa 2&#8217;000 abitanti, riesce comunque a rallegrarci. Le numerose e antiche case a graticcio ci sorprendono per la loro bellezza! Si inseriscono tutte armoniosamente nella cornice del villaggio. Non riusciamo a smettere di guardarle e, a forza di scattare foto a meno 3,0 gradi centigradi, ci stiamo quasi congelando le dita.<\/p>\n<div id=\"attachment_8829\" style=\"width: 630px\" class=\"wp-caption aligncenter\"><img decoding=\"async\" aria-describedby=\"caption-attachment-8829\" class=\"size-medium wp-image-8829\" src=\"https:\/\/www.amag-group.ch\/blog\/wp-content\/uploads\/2018\/03\/Grand_Tour_of_Switzerland_Marthalen-620x414.jpg\" alt=\"Grand Tour of Switzerland: Marthalen con le sue numerose case a graticcio \" width=\"620\" height=\"414\" srcset=\"https:\/\/www.amag-group.ch\/blog\/wp-content\/uploads\/2018\/03\/Grand_Tour_of_Switzerland_Marthalen-620x414.jpg 620w, https:\/\/www.amag-group.ch\/blog\/wp-content\/uploads\/2018\/03\/Grand_Tour_of_Switzerland_Marthalen-768x512.jpg 768w, https:\/\/www.amag-group.ch\/blog\/wp-content\/uploads\/2018\/03\/Grand_Tour_of_Switzerland_Marthalen-720x480.jpg 720w, https:\/\/www.amag-group.ch\/blog\/wp-content\/uploads\/2018\/03\/Grand_Tour_of_Switzerland_Marthalen.jpg 1920w\" sizes=\"(max-width: 620px) 100vw, 620px\" \/><p id=\"caption-attachment-8829\" class=\"wp-caption-text\">Una delle splendide case a graticcio di Marthalen<\/p><\/div>\n<h3><strong>Lo spettacolo dell&#8217;acqua a Sciaffusa<\/strong><\/h3>\n<p>Il nostro viaggio procede verso una delle maggiori attrazioni turistiche della Svizzera: le <a href=\"http:\/\/www.rheinfall.ch\/en\/\" target=\"_blank\" rel=\"noopener\">cascate del Reno<\/a>. Naturalmente, non vogliamo lasciarci sfuggire lo spettacolo della natura. Ci godiamo la vista della fragorosa massa d&#8217;acqua dalla riva settentrionale, a Neuhausen am Rheinfall, una zona molto meno affollata.<\/p>\n<div id=\"attachment_8835\" style=\"width: 630px\" class=\"wp-caption aligncenter\"><img decoding=\"async\" aria-describedby=\"caption-attachment-8835\" class=\"size-medium wp-image-8835\" src=\"https:\/\/www.amag-group.ch\/blog\/wp-content\/uploads\/2018\/03\/Grand_Tour_of_Switzerland_Rheinfall-620x414.jpg\" alt=\"Grand Tour of Switzerland: le cascate del Reno vicino a Sciaffusa\" width=\"620\" height=\"414\" srcset=\"https:\/\/www.amag-group.ch\/blog\/wp-content\/uploads\/2018\/03\/Grand_Tour_of_Switzerland_Rheinfall-620x414.jpg 620w, https:\/\/www.amag-group.ch\/blog\/wp-content\/uploads\/2018\/03\/Grand_Tour_of_Switzerland_Rheinfall-768x512.jpg 768w, https:\/\/www.amag-group.ch\/blog\/wp-content\/uploads\/2018\/03\/Grand_Tour_of_Switzerland_Rheinfall-720x480.jpg 720w, https:\/\/www.amag-group.ch\/blog\/wp-content\/uploads\/2018\/03\/Grand_Tour_of_Switzerland_Rheinfall.jpg 1920w\" sizes=\"(max-width: 620px) 100vw, 620px\" \/><p id=\"caption-attachment-8835\" class=\"wp-caption-text\">Veduta dalla riva settentrionale delle cascate del Reno e del Castello di Laufen<\/p><\/div>\n<p>A Sciaffusa ammiriamo da lontano l&#8217;emblema della capitale del cantone, il Munot. Da notare che anche qui abbiamo previsto un programma invernale e la visita a un museo. Volevamo fare un salto al <a href=\"https:\/\/www.iwc.com\/it\/company\/museum.html\" target=\"_blank\" rel=\"noopener\">Museo IWC<\/a>, presso la sede principale della nota marca di orologi, che per\u00f2 oggi apre solo alle 15:00.<\/p>\n<div id=\"attachment_8838\" style=\"width: 630px\" class=\"wp-caption aligncenter\"><img decoding=\"async\" aria-describedby=\"caption-attachment-8838\" class=\"size-medium wp-image-8838\" src=\"https:\/\/www.amag-group.ch\/blog\/wp-content\/uploads\/2018\/03\/Grand_Tour_of_Switzerland_Schaffhausen-620x414.jpg\" alt=\"Grand Tour of Switzerland: il Munot di Sciaffusa sul Reno\" width=\"620\" height=\"414\" srcset=\"https:\/\/www.amag-group.ch\/blog\/wp-content\/uploads\/2018\/03\/Grand_Tour_of_Switzerland_Schaffhausen-620x414.jpg 620w, https:\/\/www.amag-group.ch\/blog\/wp-content\/uploads\/2018\/03\/Grand_Tour_of_Switzerland_Schaffhausen-768x512.jpg 768w, https:\/\/www.amag-group.ch\/blog\/wp-content\/uploads\/2018\/03\/Grand_Tour_of_Switzerland_Schaffhausen-720x480.jpg 720w, https:\/\/www.amag-group.ch\/blog\/wp-content\/uploads\/2018\/03\/Grand_Tour_of_Switzerland_Schaffhausen.jpg 1920w\" sizes=\"(max-width: 620px) 100vw, 620px\" \/><p id=\"caption-attachment-8838\" class=\"wp-caption-text\">Bitte \u00fcbersetzen Il Munot troneggia maestoso sulla citt\u00e0 vecchia di Sciaffusa.<\/p><\/div>\n<h3><strong>La bellissima conclusione di questo Grand Tour of Switzerland a Stein am Rhein<\/strong><\/h3>\n<p>Dopo una breve passeggiata attraverso il bel centro storico di Sciaffusa, proseguiamo verso la nostra destinazione di questa sezione del Grand Tour of Switzerland: Stein am Rhein. Il viaggio ci porta attraverso una semiautostrada tra la riva del Reno e i vigneti.<\/p>\n<p>Per fortuna visitiamo la splendida cittadina in inverno e durante la settimana, cos\u00ec anche il parcheggio all&#8217;ingresso del centro storico \u00e8 praticamente vuoto. <a href=\"http:\/\/www.tourismus.steinamrhein.ch\/de\/\">\u00abUn piccolo paradiso\u00bb<\/a>, recita la homepage dell&#8217;Ufficio del turismo. Non possiamo che essere d&#8217;accordo. Il primo sguardo attraverso la porta di ingresso del centro storico \u00e8 gi\u00e0 molto promettente.<\/p>\n<p><div id=\"attachment_8841\" style=\"width: 630px\" class=\"wp-caption aligncenter\"><img decoding=\"async\" aria-describedby=\"caption-attachment-8841\" class=\"size-medium wp-image-8841\" src=\"https:\/\/www.amag-group.ch\/blog\/wp-content\/uploads\/2018\/03\/Grand_Tour_of_Switzerland_Stein_am_Rhein-620x414.jpg\" alt=\"Grand Tour of Switzerland: il centro storico di Stein am Rhein\" width=\"620\" height=\"414\" srcset=\"https:\/\/www.amag-group.ch\/blog\/wp-content\/uploads\/2018\/03\/Grand_Tour_of_Switzerland_Stein_am_Rhein-620x414.jpg 620w, https:\/\/www.amag-group.ch\/blog\/wp-content\/uploads\/2018\/03\/Grand_Tour_of_Switzerland_Stein_am_Rhein-768x512.jpg 768w, https:\/\/www.amag-group.ch\/blog\/wp-content\/uploads\/2018\/03\/Grand_Tour_of_Switzerland_Stein_am_Rhein-720x480.jpg 720w, https:\/\/www.amag-group.ch\/blog\/wp-content\/uploads\/2018\/03\/Grand_Tour_of_Switzerland_Stein_am_Rhein.jpg 1920w\" sizes=\"(max-width: 620px) 100vw, 620px\" \/><p id=\"caption-attachment-8841\" class=\"wp-caption-text\">Vista del centro storico di Stein am Rhein<\/p><\/div> <div id=\"attachment_8844\" style=\"width: 630px\" class=\"wp-caption aligncenter\"><img decoding=\"async\" aria-describedby=\"caption-attachment-8844\" class=\"size-medium wp-image-8844\" src=\"https:\/\/www.amag-group.ch\/blog\/wp-content\/uploads\/2018\/03\/Grand_Tour_of_Switzerland_Stein_am_Rhein2-620x414.jpg\" alt=\"Grand Tour of Switzerland: Stein am Rhein si fa apprezzare da tutti i turisti per il suo bellissimo centro storico\" width=\"620\" height=\"414\" srcset=\"https:\/\/www.amag-group.ch\/blog\/wp-content\/uploads\/2018\/03\/Grand_Tour_of_Switzerland_Stein_am_Rhein2-620x414.jpg 620w, https:\/\/www.amag-group.ch\/blog\/wp-content\/uploads\/2018\/03\/Grand_Tour_of_Switzerland_Stein_am_Rhein2-768x512.jpg 768w, https:\/\/www.amag-group.ch\/blog\/wp-content\/uploads\/2018\/03\/Grand_Tour_of_Switzerland_Stein_am_Rhein2-720x480.jpg 720w, https:\/\/www.amag-group.ch\/blog\/wp-content\/uploads\/2018\/03\/Grand_Tour_of_Switzerland_Stein_am_Rhein2.jpg 1920w\" sizes=\"(max-width: 620px) 100vw, 620px\" \/><p id=\"caption-attachment-8844\" class=\"wp-caption-text\">Le eleganti facciate delle case del centro storico di Stein am Rhein<\/p><\/div><\/p>\n<p>Girovaghiamo nel centro storico ammirando le eleganti facciate delle case, le belle finestre a golfo e l&#8217;intrico dei vicoli. Numerosi caff\u00e8 e ristoranti invitano a fermarsi, naturalmente anche sulla passeggiata in riva al fiume. Da qui \u00e8 possibile imbarcarsi per una breve crociera o, in estate, anche fare il bagno. Sulla riva del Reno concludiamo il nostro tour di oggi e ripensiamo ancora una volta a tutte le belle cose che abbiamo visto.<\/p>\n","protected":false},"excerpt":{"rendered":"<p>Eccoci arrivati a un&#8217;altra sezione del Grand Tour of Switzerland. Accompagnateci nel nostro viaggio da Zurigo a Stein am Rhein.<\/p>\n","protected":false},"author":27,"featured_media":8834,"comment_status":"open","ping_status":"open","sticky":false,"template":"","format":"standard","meta":{"_acf_changed":false,"inline_featured_image":false,"footnotes":""},"categories":[8121],"tags":[],"class_list":["post-8882","post","type-post","status-publish","format-standard","has-post-thumbnail","hentry","category-auto-e-tecnologia"],"acf":[],"_links":{"self":[{"href":"https:\/\/www.amag-group.ch\/blog\/it\/wp-json\/wp\/v2\/posts\/8882","targetHints":{"allow":["GET"]}}],"collection":[{"href":"https:\/\/www.amag-group.ch\/blog\/it\/wp-json\/wp\/v2\/posts"}],"about":[{"href":"https:\/\/www.amag-group.ch\/blog\/it\/wp-json\/wp\/v2\/types\/post"}],"author":[{"embeddable":true,"href":"https:\/\/www.amag-group.ch\/blog\/it\/wp-json\/wp\/v2\/users\/27"}],"replies":[{"embeddable":true,"href":"https:\/\/www.amag-group.ch\/blog\/it\/wp-json\/wp\/v2\/comments?post=8882"}],"version-history":[{"count":0,"href":"https:\/\/www.amag-group.ch\/blog\/it\/wp-json\/wp\/v2\/posts\/8882\/revisions"}],"wp:featuredmedia":[{"embeddable":true,"href":"https:\/\/www.amag-group.ch\/blog\/it\/wp-json\/wp\/v2\/media\/8834"}],"wp:attachment":[{"href":"https:\/\/www.amag-group.ch\/blog\/it\/wp-json\/wp\/v2\/media?parent=8882"}],"wp:term":[{"taxonomy":"category","embeddable":true,"href":"https:\/\/www.amag-group.ch\/blog\/it\/wp-json\/wp\/v2\/categories?post=8882"},{"taxonomy":"post_tag","embeddable":true,"href":"https:\/\/www.amag-group.ch\/blog\/it\/wp-json\/wp\/v2\/tags?post=8882"}],"curies":[{"name":"wp","href":"https:\/\/api.w.org\/{rel}","templated":true}]}}