{"id":859,"date":"2016-03-12T15:19:53","date_gmt":"2016-03-12T13:19:53","guid":{"rendered":"http:\/\/www.amag-group.ch\/blog\/it\/?p=859"},"modified":"2018-02-23T10:07:09","modified_gmt":"2018-02-23T10:07:09","slug":"interessanti-formazioni-professionali-impiegata-di-commercio-al-dettaglio-e-addetto-alla-logistica-2","status":"publish","type":"post","link":"https:\/\/www.amag-group.ch\/blog\/it\/interessanti-formazioni-professionali-impiegata-di-commercio-al-dettaglio-e-addetto-alla-logistica-2\/","title":{"rendered":"Interessanti formazioni professionali: impiegata di commercio al dettaglio e addetto alla logistica"},"content":{"rendered":"<h2><strong>La scelta della professione<\/strong><\/h2>\n<p><strong>Chantal Schneider:<\/strong> Per me \u00e8 stato chiaro sin dall&#8217;inizio che avrei lavorato nel settore automobilistico. \u00c8 stato mio padre a trasmettermi questa passione. Cos\u00ec sono cresciuta in mezzo al fascino delle quattro ruote. L&#8217;amore per la tecnica mi ha sempre accompagnata,\u00a0 cos\u00ec mi sono messa alla ricerca di un posto d&#8217;apprendista come meccatronica d&#8217;automobili. Un aspetto che per\u00f2 mi mancava in questa professione era il contatto con la gente. Dato che mi piace molto interagire con gli altri e instaurare nuovi contatti, dovevo trovare un mestiere che avesse a che fare sia con la tecnica automobilistica che con la vendita. Mi sono quindi presentata da AMAG per esaminare pi\u00f9 nei dettagli la professione di impiegata del commercio al dettaglio nel settore ricambi auto \/ logistica. Sin dal primo momento in cui sono entrata in AMAG ho capito che quello era il posto giusto per me, il mio ambiente.<\/p>\n<p><strong>Meshach Francis:<\/strong> Durante la ricerca del posto di apprendistato mi sono imbattuto nel mestiere dell&#8217;impiegato in logistica. Il mio obiettivo era imparare qualcosa di interessante. Proprio quello che offre la professione di impiegato in logistica. Inoltre volevo a tutti i costi poter guidare il carrello elevatore. Manca ancora poco agli esami finali e devo dire che con il carrello elevatore non me la cavo per nulla male.<\/p>\n<h2><strong>L&#8217;esordio nella professione<\/strong><\/h2>\n<p><strong>Meshach Francis:\u00a0<\/strong>L&#8217;ingresso nel mondo del lavoro \u00e8 stato tutt&#8217;altro che semplice. Era un po&#8217; strano non dover andare ogni giorno a scuola e avere soltanto un giorno a settimana di scuola professionale. Il lavoro, gran parte del quale da svolgere in piedi, era estremamente faticoso, soprattutto all&#8217;inizio. Con me a Buchs hanno iniziato l&#8217;apprendistato di impiegato in logistica AFC altri otto tirocinanti. Questo mi \u00e8 sicuramente stato d&#8217;aiuto. Ogni volta che uno di noi incontrava qualche difficolt\u00e0, poteva andare dai colleghi apprendisti e farsi dare una mano.<\/p>\n<p><strong>Chantal Schneider:\u00a0<\/strong>Il primo giorno di lavoro ho vissuto un misto di sensazioni. Da una parte provavo una gioia enorme, dall&#8217;altra ero nervosa e molto intimorita dal mondo del lavoro. Insieme agli altri apprendisti che hanno iniziato il tirocinio in AMAG nell&#8217;estate 2013, ci \u00e8 stata presentata l&#8217;intera azienda. Sin dal primo giorno ci siamo resi conto di quanto fosse grande e varia AMAG. Una visita al Centro consegne veicoli di Birrfeld ci ha aperto gli occhi. \u00c8 bastato poco tempo per capire di aver preso la decisione giusta. Mi alzo ogni giorno molto motivata e vado al lavoro con il sorriso.<\/p>\n<div id=\"attachment_870\" style=\"width: 810px\" class=\"wp-caption alignnone\"><img decoding=\"async\" aria-describedby=\"caption-attachment-870\" class=\"size-full wp-multi-image wp-multi-image-870\" src=\"https:\/\/www.amag-group.ch\/blog\/wp-content\/uploads\/sites\/3\/2016\/03\/Chantal-work-neu.png\" alt=\"Chantal Schneider sul posto di lavoro\" width=\"800\" height=\"487\" \/><p id=\"caption-attachment-870\" class=\"wp-caption-text\">Chantal Schneider sul posto di lavoro<\/p><\/div>\n<h2><strong>Il lavoro quotidiano<\/strong><\/h2>\n<p><strong>Chantal Schneider: \u00a0<\/strong>Il nostro tirocinio \u00e8 molto variegato. Operiamo in diversi reparti, quindi non ha importanza in quale passeremo la giornata. Ci si alza la mattina senza mai sapere cosa ci porter\u00e0 la giornata. Ciascuno di noi ha un compito che aspetta di essere risolto. La sfida pi\u00f9 importante e interessante \u00e8 quella che ci riserva lo shop AMAG. Agli apprendisti compete l&#8217;intera responsabilit\u00e0 dello shop, un compito a cui vengono preparati nel primo e nel secondo anno di apprendistato. Il know-how degli apprendisti dovrebbe essere alla pari di quello di un meccanico, in modo da potersi rivolgere con competenza sia ai garagisti che ai clienti privati.<\/p>\n<p><strong>Meshach Francis:\u00a0<\/strong>All&#8217;inizio la quotidianit\u00e0 lavorativa era abbastanza faticosa, soprattutto perch\u00e9 ci si doveva abituare a molte cose nuove. Il lavoro all&#8217;entrata merci, al commissionamento e all&#8217;uscita merci \u00e8 davvero variegato e interessante. Lavorare con i 24 apprendisti impiegati in logistica e anche con gli altri colleghi di AMAG \u00e8 molto divertente.<\/p>\n<div id=\"attachment_871\" style=\"width: 810px\" class=\"wp-caption alignnone\"><img decoding=\"async\" aria-describedby=\"caption-attachment-871\" class=\"size-full wp-multi-image wp-multi-image-871\" src=\"https:\/\/www.amag-group.ch\/blog\/wp-content\/uploads\/sites\/3\/2016\/03\/Meshach.jpg\" alt=\"Meshach Francis al lavoro\" width=\"800\" height=\"600\" \/><p id=\"caption-attachment-871\" class=\"wp-caption-text\">Meshach Francis al lavoro<\/p><\/div>\n<h2><strong>Il futuro<\/strong><\/h2>\n<p><strong>Meshach Francis: \u00a0<\/strong>In questo momento come piano per il futuro mi sono soltanto prefissato di superare la procedura di qualificazione. Dopo mi piacerebbe frequentare la formazione continua di tecnico SSS diplomato.<\/p>\n<p><strong>Chantal Schneider:\u00a0<\/strong>L&#8217;orizzonte qui \u00e8 infinito. Chi guarda con attenzione intravede numerosissime possibilit\u00e0 che lo attendono. Il mio obiettivo \u00e8 collegare la scuola di maturit\u00e0 professionale all&#8217;apprendistato e continuare a lavorare al 50% come addetta del reparto accessori \/ management prodotto. In questo modo avr\u00f2 un diploma di grado superiore e mi si apriranno nuove porte. Dopo la maturit\u00e0 vorrei continuare a lavorare in AMAG perch\u00e9 per me, oltre al lavoro in s\u00e9, \u00e8 molto importante la motivazione.<\/p>\n<p><iframe src=\"https:\/\/www.youtube.com\/embed\/NftXMS-lBts\" width=\"560\" height=\"315\" frameborder=\"0\" allowfullscreen=\"allowfullscreen\"><\/iframe><\/p>\n<p><span style=\"text-decoration: underline;\"><strong><a href=\"http:\/\/www.amag.ch\/amagch\/corp\/it\/jobs\/lehrstellen-und-praktika.html\" target=\"_blank\" rel=\"noopener\">Maggiori informazioni sulle formazioni professionali da AMAG.<\/a><\/strong><\/span><\/p>\n<p><span style=\"text-decoration: underline;\"><a title=\"car policy\" href=\"http:\/\/www.amag.ch\/amagch\/corp\/it\/newsletter\/anmeldeformular_Blog.html\" target=\"_blank\" rel=\"noopener\">Attualit\u00e0 e retroscena dall\u2019universo dell\u2019auto.<\/a><strong><a title=\"car policy\" href=\"http:\/\/www.amag.ch\/amagch\/corp\/it\/newsletter\/anmeldeformular_Blog.html\" target=\"_blank\" rel=\"noopener\">\u00a0Abbonatevi subito.<\/a><\/strong><\/span><\/p>\n<p>&nbsp;<\/p>\n","protected":false},"excerpt":{"rendered":"<p>Chantal e Meshach ci spiegano alcuni aspetti della loro attivit\u00e0 professionale quotidiana di impiegata di commercio al dettaglio e addetto alla logistica. Entrambi sono gi\u00e0 al termine del loro percorso formativo in AMAG e hanno cose interessanti da raccontare sulla scelta della professione e sulle loro ambizioni per il futuro. Il video illustra ulteriori aspetti dell&#8217;ambito professionale dei due apprendisti.<\/p>\n","protected":false},"author":27,"featured_media":7218,"comment_status":"open","ping_status":"open","sticky":false,"template":"","format":"standard","meta":{"_acf_changed":false,"inline_featured_image":false,"footnotes":""},"categories":[9828],"tags":[],"class_list":["post-859","post","type-post","status-publish","format-standard","has-post-thumbnail","hentry","category-next-generation-it"],"acf":[],"_links":{"self":[{"href":"https:\/\/www.amag-group.ch\/blog\/it\/wp-json\/wp\/v2\/posts\/859","targetHints":{"allow":["GET"]}}],"collection":[{"href":"https:\/\/www.amag-group.ch\/blog\/it\/wp-json\/wp\/v2\/posts"}],"about":[{"href":"https:\/\/www.amag-group.ch\/blog\/it\/wp-json\/wp\/v2\/types\/post"}],"author":[{"embeddable":true,"href":"https:\/\/www.amag-group.ch\/blog\/it\/wp-json\/wp\/v2\/users\/27"}],"replies":[{"embeddable":true,"href":"https:\/\/www.amag-group.ch\/blog\/it\/wp-json\/wp\/v2\/comments?post=859"}],"version-history":[{"count":0,"href":"https:\/\/www.amag-group.ch\/blog\/it\/wp-json\/wp\/v2\/posts\/859\/revisions"}],"wp:featuredmedia":[{"embeddable":true,"href":"https:\/\/www.amag-group.ch\/blog\/it\/wp-json\/wp\/v2\/media\/7218"}],"wp:attachment":[{"href":"https:\/\/www.amag-group.ch\/blog\/it\/wp-json\/wp\/v2\/media?parent=859"}],"wp:term":[{"taxonomy":"category","embeddable":true,"href":"https:\/\/www.amag-group.ch\/blog\/it\/wp-json\/wp\/v2\/categories?post=859"},{"taxonomy":"post_tag","embeddable":true,"href":"https:\/\/www.amag-group.ch\/blog\/it\/wp-json\/wp\/v2\/tags?post=859"}],"curies":[{"name":"wp","href":"https:\/\/api.w.org\/{rel}","templated":true}]}}