{"id":850,"date":"2016-02-12T10:00:42","date_gmt":"2016-02-12T08:00:42","guid":{"rendered":"http:\/\/www.amag-group.ch\/blog\/it\/?p=850"},"modified":"2018-02-23T10:07:09","modified_gmt":"2018-02-23T10:07:09","slug":"gestione-delle-crisi-e-dei-contatti-con-la-stampa","status":"publish","type":"post","link":"https:\/\/www.amag-group.ch\/blog\/it\/gestione-delle-crisi-e-dei-contatti-con-la-stampa\/","title":{"rendered":"Gestione delle crisi e dei contatti con la stampa"},"content":{"rendered":"<p>Heinz Karrer, presidente di economiesuisse, ha inaugurato l&#8217;evento con una relazione finalizzata a sollevare alcuni spunti di riflessione sulla gestione delle crisi e dei contatti con la stampa. Oltre a condividere le esperienze accumulate nel corso della sua carriera professionale, Karrer ha riferito anche delle situazioni verificatesi in Intersport, Axpo ed economiesuisse.<\/p>\n<p><img decoding=\"async\" class=\"alignnone size-full wp-multi-image wp-multi-image-852\" src=\"https:\/\/www.amag-group.ch\/blog\/wp-content\/uploads\/sites\/3\/2016\/02\/Karrer.jpg\" alt=\"Karrer\" width=\"500\" height=\"350\" \/><\/p>\n<p>Heinz Karrer ha sottolineato in tutti gli esempi di aver appreso lezioni molto semplici e basilari durante le rispettive crisi quattro:<\/p>\n<p>1. Se subentra una crisi, va immediatamente posta l&#8217;attenzione sull&#8217;organizzazione chiamata a gestire la crisi. Allo stesso tempo occorre assicurare che l&#8217;attivit\u00e0 quotidiana possa proseguire regolarmente, se non addirittura meglio del solito. \u00c8 importante accettare che la gestione della crisi possa trasformarsi nella mansione principale.<\/p>\n<p>2. In caso di crisi, la comunicazione \u00e8 un compito che spetta al capo, e non \u00e8 possibile delegarlo. Sebbene tenore, tempistiche, contenuti e altri dettagli vadano concordati con gli esperti, alla fine \u00e8 sempre il capo a \u00abdoverci mettere la faccia\u00bb e a presentarsi ai microfoni.<\/p>\n<p>3. \u00c8 richiesta una capacit\u00e0 di resistenza sul lungo periodo, in modo particolare perch\u00e9 le crisi, come nello sport d&#8217;\u00e9lite, implicano sovente la necessit\u00e0 di doversi spingere fino ai propri limiti. Si consiglia pertanto di prevedere ogni tanto una pausa per riposarsi e ricaricare le pile.<\/p>\n<p>4. Infine, una regola molto semplice: dire quello che si fa, e fare quello che si dice. Durante le crisi, le dichiarazioni e le azioni intraprese vengono osservate molto attentamente. Il miglior asso nella manica per gestire le crisi \u00e8 la credibilit\u00e0.<\/p>\n<p><img decoding=\"async\" class=\"alignnone size-full wp-multi-image wp-multi-image-851\" src=\"https:\/\/www.amag-group.ch\/blog\/wp-content\/uploads\/sites\/3\/2016\/02\/Podium.jpg\" alt=\"Podium\" width=\"500\" height=\"313\" \/><\/p>\n<p>Dopo questa relazione interessante e vivace, l&#8217;argomento \u00e8 stato approfondito con Morten Hannesbo in un&#8217;apposita tavola rotonda. Il CEO di AMAG ha confermato quanto esposto da Heinz Karrer e ha aggiunto le proprie esperienze, soprattutto quelle raccolte lo scorso anno con l&#8217;abolizione del tasso di minimo cambio con l&#8217;euro e con l&#8217;attuale vicenda dei motori diesel. Hannesbo ha poi ribadito l&#8217;importanza per le aziende colpite da una crisi di non perdere la propria credibilit\u00e0 e di assumersi la responsabilit\u00e0 nei confronti dei clienti.<\/p>\n<p>&nbsp;<\/p>\n<p><span style=\"text-decoration: underline;\"><strong><a title=\"car policy\" href=\"http:\/\/www.amag.ch\/amagch\/corp\/it\/newsletter\/anmeldeformular_Blog.html\" target=\"_blank\" rel=\"noopener\">Attualit\u00e0 e retroscena dall\u2019universo dell\u2019auto.\u00a0Abbonatevi subito.<\/a><\/strong><\/span><\/p>\n<p>&nbsp;<\/p>\n","protected":false},"excerpt":{"rendered":"<p>Al primo \u00abcolazione impulso AMAG\u00bb del 29 gennaio 2016, il presidente di economiesuisse Heinz Karrer ha tenuto una relazione sulla \u00abGestione delle crisi e dei contatti con la stampa\u00bb. L&#8217;argomento \u00e8 in seguito stato approfondito in una tavola rotonda moderata alla quale ha partecipato anche il CEO di AMAG Morten Hannesbo.<\/p>\n","protected":false},"author":27,"featured_media":7197,"comment_status":"open","ping_status":"open","sticky":false,"template":"","format":"standard","meta":{"_acf_changed":false,"inline_featured_image":false,"footnotes":""},"categories":[2211],"tags":[],"class_list":["post-850","post","type-post","status-publish","format-standard","has-post-thumbnail","hentry","category-sostenibilita"],"acf":[],"_links":{"self":[{"href":"https:\/\/www.amag-group.ch\/blog\/it\/wp-json\/wp\/v2\/posts\/850","targetHints":{"allow":["GET"]}}],"collection":[{"href":"https:\/\/www.amag-group.ch\/blog\/it\/wp-json\/wp\/v2\/posts"}],"about":[{"href":"https:\/\/www.amag-group.ch\/blog\/it\/wp-json\/wp\/v2\/types\/post"}],"author":[{"embeddable":true,"href":"https:\/\/www.amag-group.ch\/blog\/it\/wp-json\/wp\/v2\/users\/27"}],"replies":[{"embeddable":true,"href":"https:\/\/www.amag-group.ch\/blog\/it\/wp-json\/wp\/v2\/comments?post=850"}],"version-history":[{"count":0,"href":"https:\/\/www.amag-group.ch\/blog\/it\/wp-json\/wp\/v2\/posts\/850\/revisions"}],"wp:featuredmedia":[{"embeddable":true,"href":"https:\/\/www.amag-group.ch\/blog\/it\/wp-json\/wp\/v2\/media\/7197"}],"wp:attachment":[{"href":"https:\/\/www.amag-group.ch\/blog\/it\/wp-json\/wp\/v2\/media?parent=850"}],"wp:term":[{"taxonomy":"category","embeddable":true,"href":"https:\/\/www.amag-group.ch\/blog\/it\/wp-json\/wp\/v2\/categories?post=850"},{"taxonomy":"post_tag","embeddable":true,"href":"https:\/\/www.amag-group.ch\/blog\/it\/wp-json\/wp\/v2\/tags?post=850"}],"curies":[{"name":"wp","href":"https:\/\/api.w.org\/{rel}","templated":true}]}}