{"id":8037,"date":"2017-08-08T14:37:47","date_gmt":"2017-08-08T12:37:47","guid":{"rendered":"http:\/\/www.amag-group.ch\/blog\/it\/?p=1356"},"modified":"2018-02-23T10:06:52","modified_gmt":"2018-02-23T10:06:52","slug":"primi-passi-nel-mondo-amag","status":"publish","type":"post","link":"https:\/\/www.amag-group.ch\/blog\/it\/primi-passi-nel-mondo-amag\/","title":{"rendered":"Primi passi nel mondo AMAG"},"content":{"rendered":"<p>La Umweltarena di Spreitenbach brulica di giovani. All&#8217;annuale evento di benvenuto partecipano tutti i neoapprendisti di AMAG da ogni angolo della Svizzera. Al Welcome Camp vengono loro trasmesse le nozioni pi\u00f9 importanti su AMAG, in modo da avere un bagaglio di informazioni per muovere i primi passi nel mondo professionale di AMAG.<\/p>\n<p>Alcuni di loro ci hanno svelato i motivi del loro entusiasmo verso il proprio indirizzo professionale e come mai abbiano scelto AMAG:<\/p>\n<p>\u00abSono da sempre un appassionato di automobili e volevo assolutamente un posto di apprendistato che mi permettesse di essere a contatto con le automobili. L&#8217;indirizzo commerciale fa proprio al caso mio, perch\u00e9 mi piace organizzare e lavorare al computer. Sono molto contento della mia formazione professionale, AMAG \u00e8 un&#8217;azienda che mi piace molto. Voglio imparare molte cose, ho anche la fortuna di avere un buon team; aspiro ad avere buoni voti e a lasciare un&#8217;impressione positiva.\u00bb<\/p>\n<p>Almedin Ramazani, apprendista commerciale, AMAG Import<\/p>\n<p><img decoding=\"async\" class=\"alignnone size-medium wp-multi-image wp-multi-image-1357\" src=\"https:\/\/www.amag-group.ch\/blog\/wp-content\/uploads\/sites\/3\/2017\/08\/1-Ramazani-Almedin-620x414.jpg\" alt=\"\" width=\"620\" height=\"414\" \/><\/p>\n<p>\u00abHo scelto AMAG perch\u00e9 qui durante l&#8217;apprendistato si ha molto margine di autonomia. Inoltre il team \u00e8 parecchio alla mano, sin dal primo giorno mi sono sentita parte del gruppo \u2013 l&#8217;atmosfera che si respira \u00e8 sempre distesa. Sono contenta di affrontare questo nuovo capitolo della mia vita, quello che porta a diventare maturi. Il mestiere che ho scelto \u00e8 veramente appassionante, riserver\u00e0 un bel po&#8217; di soddisfazioni!\u00bb<\/p>\n<p>Valentina Rohner, apprendista meccatronica d&#8217;automobili, AMAG Utoquai<\/p>\n<p><img decoding=\"async\" class=\"alignnone size-medium wp-multi-image wp-multi-image-1362\" src=\"https:\/\/www.amag-group.ch\/blog\/wp-content\/uploads\/sites\/3\/2017\/08\/6-Rohner-Valentina-620x414.jpg\" alt=\"\" width=\"620\" height=\"414\" \/><\/p>\n<p>\u00abAMAG \u00e8 un&#8217;azienda grande e importante, ecco perch\u00e9 l&#8217;ho scelta per il mio apprendistato. Non vedo l&#8217;ora di poter imparare tante cose nuove, \u00e8 anche per questo che sono qui!\u00bb<\/p>\n<p>Brandon Portaluri, apprendista carrozzerie lattoniere, AMAG Lugano<\/p>\n<p><img decoding=\"async\" class=\"alignnone size-medium wp-multi-image wp-multi-image-1359\" src=\"https:\/\/www.amag-group.ch\/blog\/wp-content\/uploads\/sites\/3\/2017\/08\/3-Portaluri-Brandon-620x414.jpg\" alt=\"\" width=\"620\" height=\"414\" \/><\/p>\n<p>\u00abLe automobili sono la mia passione. Seguo molte gare e il mio modello preferito \u00e8 la 911 GTS. All&#8217;inizio mia madre non voleva che facessi questo apprendistato, ma io ho insistito e ora posso realizzare questo mio sogno nel cassetto. Sono molto lieto di poter dare concretamente un aiuto al mio team, imparare cose nuove e gestire nuove situazioni.\u00bb<\/p>\n<p>Martina Dal Fuoco, apprendista meccanica di manutenzione per automobili, Centro Porsche Lugano?<\/p>\n<p><img decoding=\"async\" class=\"alignnone size-medium wp-multi-image wp-multi-image-1361\" src=\"https:\/\/www.amag-group.ch\/blog\/wp-content\/uploads\/sites\/3\/2017\/08\/5-Dal-Fuoco-Martina-620x414.jpg\" alt=\"\" width=\"620\" height=\"414\" \/><\/p>\n<p>\u00abIn particolare, non vedo l&#8217;ora di &#8220;lavorare&#8221;. Inoltre sono un grande appassionato di automobili e Audi \u00e8 la marca che mi piace di pi\u00f9. Il primo giorno di lavoro \u00e8 stato straordinario, ci siamo divertiti moltissimo con i colleghi e sono entusiasta di affrontare i miei tre anni di apprendistato.\u00bb<\/p>\n<p>Drilon Kjerimi, apprendista specialista di vendita al dettaglio, AMAG Dulliken<\/p>\n<p><img decoding=\"async\" class=\"alignnone size-medium wp-multi-image wp-multi-image-1358\" src=\"https:\/\/www.amag-group.ch\/blog\/wp-content\/uploads\/sites\/3\/2017\/08\/2-Kjerimi-Drilon-620x414.jpg\" alt=\"\" width=\"620\" height=\"414\" \/><\/p>\n<p>\u00abGi\u00e0 da piccolo volevo diventare meccanico di auto. \u00c8 un buon investimento nel futuro. Sono strafelice di potermi immergere nel mondo della meccatronica!<\/p>\n<p>Claudio Kump, apprendista meccatronico d&#8217;automobili, AMAG Lugano<\/p>\n<p><img decoding=\"async\" class=\"alignnone size-medium wp-multi-image wp-multi-image-1360\" src=\"https:\/\/www.amag-group.ch\/blog\/wp-content\/uploads\/sites\/3\/2017\/08\/4-Kump-Claudio-620x414.jpg\" alt=\"\" width=\"620\" height=\"414\" \/><\/p>\n<p>&nbsp;<\/p>\n<p><a href=\"http:\/\/www.amag.ch\/amagch\/corp\/it\/newsletter\/anmeldeformular_Blog.html\">Attualit\u00e0 e retroscena dall&#8217;universo dell&#8217;auto.\u00a0<span style=\"text-decoration: underline;\"><strong>Abbonatevi subito.<\/strong><\/span><\/a><\/p>\n","protected":false},"excerpt":{"rendered":"<p>AMAG \u00e8 una delle pi\u00f9 grandi aziende formatrici in Svizzera. La quota di apprendisti \u00e8 del 13% di tutti i collaboratori. Ad agosto 2017, in tutta la Svizzera hanno iniziato il proprio percorso formativo-professionale in AMAG ben 253 nuovi apprendisti. Al Welcome Camp 2017 siamo andati a caccia di interviste.<\/p>\n","protected":false},"author":27,"featured_media":7740,"comment_status":"open","ping_status":"open","sticky":false,"template":"","format":"standard","meta":{"_acf_changed":false,"inline_featured_image":false,"footnotes":""},"categories":[9828],"tags":[],"class_list":["post-8037","post","type-post","status-publish","format-standard","has-post-thumbnail","hentry","category-next-generation-it"],"acf":[],"_links":{"self":[{"href":"https:\/\/www.amag-group.ch\/blog\/it\/wp-json\/wp\/v2\/posts\/8037","targetHints":{"allow":["GET"]}}],"collection":[{"href":"https:\/\/www.amag-group.ch\/blog\/it\/wp-json\/wp\/v2\/posts"}],"about":[{"href":"https:\/\/www.amag-group.ch\/blog\/it\/wp-json\/wp\/v2\/types\/post"}],"author":[{"embeddable":true,"href":"https:\/\/www.amag-group.ch\/blog\/it\/wp-json\/wp\/v2\/users\/27"}],"replies":[{"embeddable":true,"href":"https:\/\/www.amag-group.ch\/blog\/it\/wp-json\/wp\/v2\/comments?post=8037"}],"version-history":[{"count":0,"href":"https:\/\/www.amag-group.ch\/blog\/it\/wp-json\/wp\/v2\/posts\/8037\/revisions"}],"wp:featuredmedia":[{"embeddable":true,"href":"https:\/\/www.amag-group.ch\/blog\/it\/wp-json\/wp\/v2\/media\/7740"}],"wp:attachment":[{"href":"https:\/\/www.amag-group.ch\/blog\/it\/wp-json\/wp\/v2\/media?parent=8037"}],"wp:term":[{"taxonomy":"category","embeddable":true,"href":"https:\/\/www.amag-group.ch\/blog\/it\/wp-json\/wp\/v2\/categories?post=8037"},{"taxonomy":"post_tag","embeddable":true,"href":"https:\/\/www.amag-group.ch\/blog\/it\/wp-json\/wp\/v2\/tags?post=8037"}],"curies":[{"name":"wp","href":"https:\/\/api.w.org\/{rel}","templated":true}]}}