{"id":8030,"date":"2016-11-18T17:05:40","date_gmt":"2016-11-18T15:05:40","guid":{"rendered":"http:\/\/www.amag-group.ch\/blog\/it\/?p=1131"},"modified":"2018-02-23T10:06:59","modified_gmt":"2018-02-23T10:06:59","slug":"una-serata-con-i-genitori-fuori-dal-comune","status":"publish","type":"post","link":"https:\/\/www.amag-group.ch\/blog\/it\/una-serata-con-i-genitori-fuori-dal-comune\/","title":{"rendered":"Una serata con i genitori fuori dal comune"},"content":{"rendered":"<p>Prima dell&#8217;esame finale gli apprendisti di commercio al dettaglio all&#8217;ultimo anno di formazione professionale devono affrontare una sfida non di poco conto: gestire autonomamente l&#8217;AMAG Shop di Buchs, con un collaboratore esperto che li segue soltanto da dietro le quinte. \u00abVogliamo che gli apprendisti assumano responsabilit\u00e0 durante il lavoro concreto. Devono imparare a organizzarsi, a lavorare in modo preciso e a rivolgersi correttamente ai clienti\u00bb, spiega Ivan Circone, incaricato di assistere gli apprendisti.<\/p>\n<div id=\"attachment_1134\" style=\"width: 630px\" class=\"wp-caption alignnone\"><img decoding=\"async\" aria-describedby=\"caption-attachment-1134\" class=\"wp-multi-image wp-multi-image-1134 size-medium\" src=\"https:\/\/www.amag-group.ch\/blog\/wp-content\/uploads\/sites\/3\/2016\/11\/bozza-automatica-14-620x414.jpg\" alt=\"Bozza automatica 13\" width=\"620\" height=\"414\" \/><p id=\"caption-attachment-1134\" class=\"wp-caption-text\">Durante un gioco di ruoli gli apprendisti mostrano ai genitori cosa hanno imparato nei due anni precedenti.<\/p><\/div>\n<p>Durante l&#8217;aperitivo abbiamo chiesto ai genitori se i loro figli fossero cambiati dall&#8217;inizio dell&#8217;apprendistato e come vedono AMAG in qualit\u00e0 di azienda formatrice.<\/p>\n<p>\u00abHa imparato a stringere i denti quando c&#8217;\u00e8 qualcosa che non va per il verso giusto. Non getta pi\u00f9 immediatamente la spugna come in passato, ma continua il proprio lavoro anche se \u00e8 costretto a rimboccarsi un bel po&#8217; le maniche\u00bb, ha riferito la madre di Fabio Colombo. Anche i genitori di Luca Pittaluga hanno constatato una crescita sul piano caratteriale del proprio figlio: \u00abLuca \u00e8 diventato pi\u00f9 cosciente di s\u00e9, ora si approccia diversamente alle persone. Soprattutto quando facciamo la spesa mostra grande comprensione per gli impiegati del commercio al dettaglio. Sa cosa c&#8217;\u00e8 dietro questo mestiere e fa tesoro di quello che vede fare ai colleghi.\u00bb Sulla stessa lunghezza d&#8217;onda il signor Panaro, che ha altres\u00ec notato come il figlio Michele sia diventato pi\u00f9 responsabile e adulto: \u00abChiaro, gli manca ancora un po&#8217; di esperienza di vita, ma con il tempo verr\u00e0.\u00bb<br \/>\nCambiamenti personali che, sebbene non siano riconducibili unicamente al tirocinio, possono senz&#8217;altro aiutare questi giovani nel proprio percorso di sviluppo. \u00abAgli apprendisti che lavorano nello shop viene data tantissima responsabilit\u00e0, per questo motivo sono fondamentali per il successo complessivo\u00bb, spiega ad esempio il signor Colombo. Gli fa eco il signor Pittaluga: \u00abAMAG si impegna molto per gli apprendisti e d\u00e0 loro il tempo necessario di maturare\u00bb.<\/p>\n<div id=\"attachment_1133\" style=\"width: 630px\" class=\"wp-caption alignnone\"><img decoding=\"async\" aria-describedby=\"caption-attachment-1133\" class=\"size-medium wp-multi-image wp-multi-image-1133\" src=\"https:\/\/www.amag-group.ch\/blog\/wp-content\/uploads\/sites\/3\/2016\/11\/bozza-automatica-13-620x414.jpg\" alt=\"Bozza automatica 12\" width=\"620\" height=\"414\" \/><p id=\"caption-attachment-1133\" class=\"wp-caption-text\">Numerosi gli scambi fra genitori, tirocinanti e maestri di tirocinio durante l&#8217;aperitivo.<\/p><\/div>\n<p dir=\"LTR\" align=\"LEFT\">E cosa ne pensano i diretti interessati, ossia gli apprendisti? Che idea si sono fatti di AMAG? Hanno notato dei cambiamenti?<\/p>\n<p dir=\"LTR\" align=\"LEFT\">Tutti si vedono come persone pi\u00f9 adulte e responsabili. \u00abHo imparato a tacere ogni tanto, e a non dire sempre subito come la penso\u00bb, dice Fabio Colombo. Molte delle capacit\u00e0 apprese durante il tirocinio tornano utili anche nella vita privata: \u00abEssendo a stretto contatto con i clienti ho sviluppato un maggiore senso di responsabilit\u00e0, me ne accorgo anche fuori dall&#8217;attivit\u00e0 lavorativa. Inoltre AMAG mi ha man mano dato sempre pi\u00f9 fiducia, il che mi ha portato a essere pi\u00f9 responsabile anche nell&#8217;ambito privato\u00bb, racconta Vildane Jashari-Dzelili. I tirocinanti riferiscono praticamente all&#8217;unisono che AMAG offre loro un apprendistato molto vario. Oltre a non trascorrere tre anni sempre allo stesso posto e con le stesse persone, possono fare esperienza in tutti i reparti dell&#8217;azienda, dagli acquisti alla logistica passando per il servizio vendita. I tirocinanti frequentano molti corsi di formazione che li preparano al meglio al lavoro nell&#8217;AMAG Shop e anche alla vita professionale dopo il tirocinio: \u00abAMAG ci apre tutte le porte, dobbiamo soltanto varcare la soglia\u00bb, spiega Heja Osmani con una metafora.<\/p>\n<p dir=\"LTR\" align=\"LEFT\">Dopo molti colloqui interessanti, genitori, apprendisti e maestri di tirocinio lasciano lo shop e rientrano a casa. Si conclude cos\u00ec una serata con i genitori fuori dal comune.<\/p>\n<p><a href=\"http:\/\/www.amag.ch\/amagch\/corp\/it\/jobs.html\" target=\"_blank\" rel=\"noopener\"><span style=\"text-decoration: underline;\">Maggiori informazioni sulla posto d\u2019apprendista e pratica.<\/span><\/a><\/p>\n<p><span style=\"text-decoration: underline;\"><a href=\"http:\/\/www.amag.ch\/amagch\/corp\/it\/newsletter\/anmeldeformular_Blog.html\" target=\"_blank\" rel=\"noopener\">Attualit\u00e0 e retroscena dall\u2019universo dell\u2019auto. <strong>Abbonatevi subito.<\/strong><\/a><\/span><\/p>\n","protected":false},"excerpt":{"rendered":"<p>Recentemente hanno iniziato il terzo anno di apprendistato e ora sono gi\u00e0 al centro di una speciale serata a loro dedicata: parliamo delle impiegate e degli impiegati di commercio al dettaglio che lavorano a Buchs. I loro genitori hanno potuto visitare i propri figli tirocinanti sul loro posto di lavoro. E questi non si sono tirati indietro quando sono stati chiamati a mostrare a mamma e pap\u00e0 cosa hanno imparato negli anni precedenti.<\/p>\n","protected":false},"author":27,"featured_media":7518,"comment_status":"open","ping_status":"open","sticky":false,"template":"","format":"standard","meta":{"_acf_changed":false,"inline_featured_image":false,"footnotes":""},"categories":[9828],"tags":[],"class_list":["post-8030","post","type-post","status-publish","format-standard","has-post-thumbnail","hentry","category-next-generation-it"],"acf":[],"_links":{"self":[{"href":"https:\/\/www.amag-group.ch\/blog\/it\/wp-json\/wp\/v2\/posts\/8030","targetHints":{"allow":["GET"]}}],"collection":[{"href":"https:\/\/www.amag-group.ch\/blog\/it\/wp-json\/wp\/v2\/posts"}],"about":[{"href":"https:\/\/www.amag-group.ch\/blog\/it\/wp-json\/wp\/v2\/types\/post"}],"author":[{"embeddable":true,"href":"https:\/\/www.amag-group.ch\/blog\/it\/wp-json\/wp\/v2\/users\/27"}],"replies":[{"embeddable":true,"href":"https:\/\/www.amag-group.ch\/blog\/it\/wp-json\/wp\/v2\/comments?post=8030"}],"version-history":[{"count":0,"href":"https:\/\/www.amag-group.ch\/blog\/it\/wp-json\/wp\/v2\/posts\/8030\/revisions"}],"wp:featuredmedia":[{"embeddable":true,"href":"https:\/\/www.amag-group.ch\/blog\/it\/wp-json\/wp\/v2\/media\/7518"}],"wp:attachment":[{"href":"https:\/\/www.amag-group.ch\/blog\/it\/wp-json\/wp\/v2\/media?parent=8030"}],"wp:term":[{"taxonomy":"category","embeddable":true,"href":"https:\/\/www.amag-group.ch\/blog\/it\/wp-json\/wp\/v2\/categories?post=8030"},{"taxonomy":"post_tag","embeddable":true,"href":"https:\/\/www.amag-group.ch\/blog\/it\/wp-json\/wp\/v2\/tags?post=8030"}],"curies":[{"name":"wp","href":"https:\/\/api.w.org\/{rel}","templated":true}]}}