{"id":8022,"date":"2015-08-18T15:51:09","date_gmt":"2015-08-18T13:51:09","guid":{"rendered":"http:\/\/www.amag-group.ch\/blog\/it\/?p=689"},"modified":"2018-02-23T10:07:16","modified_gmt":"2018-02-23T10:07:16","slug":"collaboratore-in-primo-piano-roman-heggli","status":"publish","type":"post","link":"https:\/\/www.amag-group.ch\/blog\/it\/collaboratore-in-primo-piano-roman-heggli\/","title":{"rendered":"Collaboratore in primo piano: Roman Heggli"},"content":{"rendered":"<p><strong>Hai due consigli da darti se avessi ancora 14 anni?<\/strong><\/p>\n<p>Rifarei l&#8217;apprendistato di meccanico d&#8217;auto (oggi meccatronico d&#8217;automobili). Trovo che una formazione artigianale sia sempre una buona base e lavorare nell&#8217;industria automobilistica non smette mai di piacermi. Inoltre se avessi 14 anni il mio consiglio sarebbe di andare all&#8217;estero per imparare le lingue straniere. Del resto \u00e8 un consiglio che do anche ai miei figli.<\/p>\n<p><strong>Cosa fa un amministratore delle regioni?<\/strong><\/p>\n<p>Siamo l&#8217;interfaccia tra le aziende che ci sono state assegnate nei settori Finanze, Controlling e Human Resources. Supportiamo i responsabili regionali e i direttori aziendali in ambito commerciale e inoltre siamo anche gli interlocutori per i collaboratori delle aziende per tutte le questioni amministrative.<br \/>\nSiamo anche responsabili dell&#8217;amministrazione dei creditori e debitori nei vari settori di competenza. Il nostro compito \u00e8 quello di individuare errori o differenze e correggerli. Sul fronte dei creditori vidimiamo e contabilizziamo le fatture delle aziende a noi assegnate. Inoltre, partecipiamo attivamente alle chiusure mensili e annuali, alla budgetizzazione e all&#8217;inventario dei veicoli.<br \/>\nTra le mie attivit\u00e0 figurano anche il controlling dei rimborsi di flotte e premi, il monitoraggio di vari conti materiali, le valutazioni degli utili lordi e il monitoraggio e l&#8217;approvazione delle provvigioni di vendita. Infine mi occupo anche del coordinamento e dell&#8217;esecuzione di punti di prova e reporting in base alle disposizioni del nostro sistema di controllo interno.<\/p>\n<div id=\"attachment_696\" style=\"width: 810px\" class=\"wp-caption alignnone\"><img decoding=\"async\" aria-describedby=\"caption-attachment-696\" class=\"size-full wp-multi-image wp-multi-image-696\" src=\"https:\/\/www.amag-group.ch\/blog\/wp-content\/uploads\/sites\/3\/2015\/08\/IMG_5843.jpg\" alt=\"Roman Heggli al suo posto di lavoro\" width=\"800\" height=\"405\" \/><p id=\"caption-attachment-696\" class=\"wp-caption-text\">Roman Heggli al suo posto di lavoro<\/p><\/div>\n<p><strong>Cosa ti piace di pi\u00f9 del tuo lavoro?<\/strong><\/p>\n<p>Il settore Controlling \u00e8 appassionante e mi diverte. \u00c8 un&#8217;attivit\u00e0 molto diversificata, che ogni giorno mi pone nuove sfide.<\/p>\n<p><strong>Quale carriera professionale hai seguito finora? <\/strong><\/p>\n<p>Ho concluso l&#8217;apprendistato di meccanico d&#8217;auto. Poi ho lavorato per otto anni e in questo periodo ho conseguito un perfezionamento commerciale. Al termine, nel 1988 ho ricoperto un posto che si era reso libero come incaricato della garanzia in AMAG e ora lavoro da ormai 10 anni circa nella contabilit\u00e0.<\/p>\n<p><strong>Cosa racconteresti al tuo migliore amico in merito ad AMAG? <\/strong><\/p>\n<p>Sono estremamente soddisfatto del mio impiego in AMAG. AMAG \u00e8 sempre un buon datore di lavoro. Disponiamo di una gamma molto ampia di veicoli con prodotti estremamente interessanti. Le auto mi hanno sempre affascinato e sono fiero di essere parte integrante del settore automobilistico.<\/p>\n<p><strong>Cosa fai quando non lavori? <\/strong><\/p>\n<p>Nel mio tempo libero pratico volentieri sport come squash, sci e bicicletta. Inoltre mi piace viaggiare con la mia famiglia, ad esempio in montagna o al mare.<\/p>\n<p><strong>Cosa vorresti aggiungere? <\/strong><\/p>\n<p>Attualmente, nel settore automobilistico la situazione non \u00e8 delle pi\u00f9 favorevoli. Tuttavia, AMAG ha gi\u00e0 superato molte tempeste e sono convinto che siamo sulla strada giusta. Perch\u00e9 quando il datore di lavoro naviga in buone acque, anche i dipendenti stanno bene.<\/p>\n<p><a title=\"car policy\" href=\"http:\/\/www.amag.ch\/amagch\/corp\/it\/newsletter\/anmeldeformular_Blog.html\" target=\"_blank\" rel=\"noopener\">Attualit\u00e0 e retroscena dall\u2019universo dell\u2019auto.\u00a0<span style=\"text-decoration: underline;\"><strong>Abbonatevi subito.<\/strong><\/span><\/a><\/p>\n","protected":false},"excerpt":{"rendered":"<p>Nell&#8217;intervista di oggi, Roman Heggli, Amministratore regioni, ci racconta della sua attivit\u00e0 in AMAG. Appassionato di auto, lavora da oltre 30 anni in AMAG e tiene costantemente sotto controllo le finanze delle aziende retail di cui \u00e8 responsabile. In questa intervista ci racconta delle sue entusiasmanti mansioni e ci spiega come si ricarica dalle fatiche del suo lavoro.<\/p>\n","protected":false},"author":27,"featured_media":7056,"comment_status":"closed","ping_status":"open","sticky":false,"template":"","format":"standard","meta":{"_acf_changed":false,"inline_featured_image":false,"footnotes":""},"categories":[2202],"tags":[],"class_list":["post-8022","post","type-post","status-publish","format-standard","has-post-thumbnail","hentry","category-lavoro-e-carriera"],"acf":[],"_links":{"self":[{"href":"https:\/\/www.amag-group.ch\/blog\/it\/wp-json\/wp\/v2\/posts\/8022","targetHints":{"allow":["GET"]}}],"collection":[{"href":"https:\/\/www.amag-group.ch\/blog\/it\/wp-json\/wp\/v2\/posts"}],"about":[{"href":"https:\/\/www.amag-group.ch\/blog\/it\/wp-json\/wp\/v2\/types\/post"}],"author":[{"embeddable":true,"href":"https:\/\/www.amag-group.ch\/blog\/it\/wp-json\/wp\/v2\/users\/27"}],"replies":[{"embeddable":true,"href":"https:\/\/www.amag-group.ch\/blog\/it\/wp-json\/wp\/v2\/comments?post=8022"}],"version-history":[{"count":0,"href":"https:\/\/www.amag-group.ch\/blog\/it\/wp-json\/wp\/v2\/posts\/8022\/revisions"}],"wp:featuredmedia":[{"embeddable":true,"href":"https:\/\/www.amag-group.ch\/blog\/it\/wp-json\/wp\/v2\/media\/7056"}],"wp:attachment":[{"href":"https:\/\/www.amag-group.ch\/blog\/it\/wp-json\/wp\/v2\/media?parent=8022"}],"wp:term":[{"taxonomy":"category","embeddable":true,"href":"https:\/\/www.amag-group.ch\/blog\/it\/wp-json\/wp\/v2\/categories?post=8022"},{"taxonomy":"post_tag","embeddable":true,"href":"https:\/\/www.amag-group.ch\/blog\/it\/wp-json\/wp\/v2\/tags?post=8022"}],"curies":[{"name":"wp","href":"https:\/\/api.w.org\/{rel}","templated":true}]}}