{"id":700,"date":"2015-08-13T10:23:46","date_gmt":"2015-08-13T08:23:46","guid":{"rendered":"http:\/\/www.amag-group.ch\/blog\/it\/?p=700"},"modified":"2018-02-21T11:29:29","modified_gmt":"2018-02-21T11:29:29","slug":"i-50-anni-della-prima-nuova-audi","status":"publish","type":"post","link":"https:\/\/www.amag-group.ch\/blog\/it\/i-50-anni-della-prima-nuova-audi\/","title":{"rendered":"I 50 anni della \u00abprima nuova Audi\u00bb"},"content":{"rendered":"<p>Facciamo un salto indietro fino al 1957, anno in cui la casa automobilistica allora nota con il nome di Daimler-Benz acquist\u00f2 l\u2019Auto-Union GmbH. All\u2019epoca, l\u2019Auto-Union era un rinomato costruttore di tipologie di veicoli diverse, dalla motocicletta fino al veicolo commerciale, che metteva in commercio con il marchio commerciale di DKW. L\u2019Auto-Union continuava a rimanere fedele al motore a due tempi che, per\u00f2, in quel periodo non era pi\u00f9 richiesto. Facendo ricorso ancora una volta a questa motorizzazione, nel 1963 l\u2019Auto-Union present\u00f2 la F 102, sebbene gi\u00e0 allora Daimler avesse evidenziato che si trattava di una tecnologia ormai superata e non pi\u00f9 al passo coi tempi. Allora, alcuni ingegneri Daimler facenti capo a Ludwig Kraus, ingegnere di magistrale perizia, armeggiavano dietro le quinte con un modello dotato di motore a quattro tempi che potesse prendere il posto dello sfortunato motore a due tempi. Gli ingegneri realizzarono un motore a quattro cilindri in linea da 1.7 litri di cilindrata con un rapporto di compressione sopra la media per un motore a benzina. Questo nuovo motore fu montato sul prototipo di Mercedes: la W119. Si capiva chiaramente che questo prototipo non era stato messo a punto per Mercedes, ma per l\u2019Auto-Union.<\/p>\n<p>L\u2019Auto-Union, per\u00f2, a quei tempi non voleva proprio sentir parlare di motore a quattro tempi poich\u00e9 credeva fermamente nel motore a due tempi come marchio di DKW. L\u2019attenzione rivolta unicamente al motore a due tempi fin\u00ec per tradursi, tuttavia, in cifre di vendita talmente ridicole per l\u2019Auto-Union che l\u2019azienda sembrava destinata a un inesorabile declino. La F 102 fece registrare vendite disastrose, mentre l\u2019economia tedesca conosceva un periodo davvero florido nella fase del miracolo economico successivo al secondo conflitto mondiale. Di questa congiuntura economica positiva pot\u00e9 beneficiare anche Volkswagen AG, che rilev\u00f2 l\u2019Auto-Union il 1\u00b0 gennaio 1965. Furono attuati rigorosi cambiamenti per salvare l\u2019Auto-Union, che nel frattempo si era indebitata fino al collo. Cos\u00ec, a partire da maggio 1965, nello stabilimento di Ingolstadt venivano prodotti ogni giorno fino a 500 esemplari del Maggiolino VW, anche perch\u00e9 la capacit\u00e0 produttiva dello stabilimento di Wolfsburg era allora troppo esigua, mentre lo stabilimento di Ingolstadt era scarsamente utilizzato.<\/p>\n<p>Dopo l\u2019acquisizione da parte di Volkswagen, molti dipendenti dell\u2019Auto-Union vennero licenziati, ma non l\u2019ingegnere Ludwig Kraus che, nella sua nuova veste di direttore tecnico, pot\u00e9 proseguire lo sviluppo del modello tenuto a battesimo con il nome di progetto di F 103. Il cosiddetto \u00abmotore a pressione media\u00bb sul quale si erano concentrati tutti gli sforzi ingegneristici, basato sul principio del motore a quattro tempi, fu montato sulla F102 di allora e gi\u00e0 nella primavera del 1965 fu possibile costruire 15 prototipi di questo modello, rispondente frattanto alla denominazione di F 103. In questo tipo di motore, alimentato con carburante contenente piombo, il rapporto di compressione era pi\u00f9 elevato rispetto al tradizionale motore a benzina, ma pi\u00f9 basso rispetto a un motore diesel. La denominazione di questo motore deriva dalla pressione intermedia di esercizio molto elevata per quell\u2019epoca. Si doveva necessariamente inventare un nuovo nome per questo modello con motore a quattro tempi dal momento che per il capo di Volkswagen, Heinrich Nordhoff, erano da escludere sia il marchio DKW con lo sfortunato motore a due tempi che il marchio Auto-Union. Scegliendo il nome Audi anzich\u00e9 DKW, si opt\u00f2 per una denominazione che era gi\u00e0 parte integrante della storia di Auto-Union e, negli anni immediatamente precedenti la guerra, era gi\u00e0 stato sinonimo di progresso tecnico. Allora erano stati i quattro marchi indipendenti riuniti sotto l\u2019egida di Auto-Union, ovvero Audi, DKW, Horch e Wanderer, ad avvalersi dell\u2019emblema dei quattro anelli interconnessi. Puntualmente in vista del Salone dell&#8217;Auto di Francoforte (IAA), con inizio a settembre, il 13 agosto 1965 venne prodotta la \u00abprima nuova Audi\u00bb. In casa Auto-Union regnava un\u2019atmosfera di somma soddisfazione e il modello veniva pubblicizzato in questi termini:<\/p>\n<blockquote><p>Audi monta un &#8216;motore a pressione media&#8217; che non trova eguali in nessun\u2019altra automobile. Inconsueto \u00a0perch\u00e9 il rapporto di compressione \u00e8 pi\u00f9 elevato rispetto a quello di tutti gli altri motori a quattro tempi paragonabili. E inconsueto anche per le sue origini. Messo a punto da Mercedes-Benz, viene costruito da Auto-Union.<\/p><\/blockquote>\n<p>Poich\u00e9 per il progetto Audi F 103 non fu possibile trovare un nome che mettesse d\u2019accordo tutti, inizialmente il modello si chiam\u00f2 semplicemente Audi, senza alcuna denominazione. Ufficiosamente si parlava di Audi 72, con un evidente riferimento al numero di CV. All\u2019inizio si trattava di una berlina a trazione anteriore con motore a quattro tempi, a quattro cilindri, da 1.7 litri di cilindrata, che costitu\u00ec la base dei riusciti modelli dall&#8217;Audi 60 alla Super 90. Seguirono altri modelli con motorizzazioni fino a 90 CV e, oltre alla Berlina, anche una vettura Combi. Quest&#8217;Audi pu\u00f2 essere considerata decisamente un modello di successo: fino al termine del suo periodo di produzione, nel 1972, ne furono costruiti circa 470&#8217;000 esemplari. Congratulazioni per il 50\u00b0 compleanno!<\/p>\n<p><span style=\"text-decoration: underline;\"><a title=\"car policy\" href=\"http:\/\/www.amag.ch\/amagch\/corp\/it\/newsletter\/anmeldeformular_Blog.html\" target=\"_blank\" rel=\"noopener\"><strong>Attualit\u00e0 e retroscena dall\u2019universo dell\u2019auto.\u00a0<\/strong>Abbonatevi subito.<\/a><\/span><\/p>\n","protected":false},"excerpt":{"rendered":"<p>Da tempo Audi e Mercedes-Benz, case automobilistiche di fascia alta, sono marchi affermati in concorrenza tra loro. Ci\u00f2 che molti invece ignorano \u00e8 che Mercedes-Benz ha svolto un ruolo decisivo nella seconda carriera di Audi, fornendo un contributo di spicco per salvare la Auto-Union dall\u2019ineluttabile declino cui era destinata a quei tempi. <\/p>\n","protected":false},"author":27,"featured_media":7053,"comment_status":"open","ping_status":"open","sticky":false,"template":"","format":"standard","meta":{"_acf_changed":false,"inline_featured_image":false,"footnotes":""},"categories":[2228],"tags":[],"class_list":["post-700","post","type-post","status-publish","format-standard","has-post-thumbnail","hentry","category-classic-car-it"],"acf":[],"_links":{"self":[{"href":"https:\/\/www.amag-group.ch\/blog\/it\/wp-json\/wp\/v2\/posts\/700","targetHints":{"allow":["GET"]}}],"collection":[{"href":"https:\/\/www.amag-group.ch\/blog\/it\/wp-json\/wp\/v2\/posts"}],"about":[{"href":"https:\/\/www.amag-group.ch\/blog\/it\/wp-json\/wp\/v2\/types\/post"}],"author":[{"embeddable":true,"href":"https:\/\/www.amag-group.ch\/blog\/it\/wp-json\/wp\/v2\/users\/27"}],"replies":[{"embeddable":true,"href":"https:\/\/www.amag-group.ch\/blog\/it\/wp-json\/wp\/v2\/comments?post=700"}],"version-history":[{"count":0,"href":"https:\/\/www.amag-group.ch\/blog\/it\/wp-json\/wp\/v2\/posts\/700\/revisions"}],"wp:featuredmedia":[{"embeddable":true,"href":"https:\/\/www.amag-group.ch\/blog\/it\/wp-json\/wp\/v2\/media\/7053"}],"wp:attachment":[{"href":"https:\/\/www.amag-group.ch\/blog\/it\/wp-json\/wp\/v2\/media?parent=700"}],"wp:term":[{"taxonomy":"category","embeddable":true,"href":"https:\/\/www.amag-group.ch\/blog\/it\/wp-json\/wp\/v2\/categories?post=700"},{"taxonomy":"post_tag","embeddable":true,"href":"https:\/\/www.amag-group.ch\/blog\/it\/wp-json\/wp\/v2\/tags?post=700"}],"curies":[{"name":"wp","href":"https:\/\/api.w.org\/{rel}","templated":true}]}}