{"id":600,"date":"2015-06-19T14:08:53","date_gmt":"2015-06-19T12:08:53","guid":{"rendered":"http:\/\/www.amag-group.ch\/blog\/it\/?p=600"},"modified":"2018-02-23T10:07:19","modified_gmt":"2018-02-23T10:07:19","slug":"collaboratore-in-primo-piano-marc-gugelmann","status":"publish","type":"post","link":"https:\/\/www.amag-group.ch\/blog\/it\/collaboratore-in-primo-piano-marc-gugelmann\/","title":{"rendered":"Collaboratore in primo piano: Marc Gugelmann"},"content":{"rendered":"<p><strong>Quali consigli ti senti di dare a chi intraprende un tirocinio?<\/strong><\/p>\n<p>Innanzitutto, non arrovellarsi il cervello a ogni minimo errore. Oggi so che ognuno fa errori e che gli errori fanno parte della vita. Ho imparato a essere pi\u00f9 disinvolto e a guardare oltre. Durante il tirocinio non era cos\u00ec. Inoltre sfrutterei il periodo di scuola per imparare le lingue straniere, soprattutto l&#8217;inglese. In viaggio \u00e8 un grosso vantaggio conoscere bene la lingua inglese.<\/p>\n<p><strong>Cosa fa un diagnostico d&#8217;automobili?<\/strong><\/p>\n<p>Mi occupo di tutti i problemi legati alle automobili. La professione di diagnostico d&#8217;automobili \u00e8 vasta e varia. Le attivit\u00e0 vanno dal cambio delle ruote alle diagnosi passando per la manutenzione periodica. Il mio compito principale per\u00f2 \u00e8 ricercare i guasti e assicurare il perfetto funzionamento del veicolo nel momento in cui questo lascia la nostra autofficina. Rientrano in questo compito lo smontaggio e il rimontaggio del motore e del cambio. Inoltre contribuisco alla formazione degli apprendisti. Durante i corsi tematici preparo gli apprendisti agli esami di fine tirocinio. Nella nostra autofficina facciamo inoltre un esame di prova, affinch\u00e9 gli apprendisti si familiarizzino con le condizioni d&#8217;esame e, se riscontriamo punti deboli, possiamo intervenire trasmettendo le nostre conoscenze ed esperienze.<\/p>\n<div id=\"attachment_604\" style=\"width: 810px\" class=\"wp-caption alignnone\"><img decoding=\"async\" aria-describedby=\"caption-attachment-604\" class=\"size-full wp-multi-image wp-multi-image-604\" src=\"https:\/\/www.amag-group.ch\/blog\/wp-content\/uploads\/sites\/3\/2015\/06\/IMG_5827.jpg\" alt=\"Marc Gugelmann, diagnostico d'automobili.\" width=\"800\" height=\"475\" \/><p id=\"caption-attachment-604\" class=\"wp-caption-text\">Marc Gugelmann, diagnostico d&#8217;automobili.<\/p><\/div>\n<p><strong>Cosa ti piace di pi\u00f9 del tuo lavoro?<\/strong><\/p>\n<p>La grande variet\u00e0 che la mia attivit\u00e0 comporta. Mi confronto continuamente con problemi diversi e cerco di risolverli. Riuscire a farlo in tempi adeguati \u00e8 motivo di grande soddisfazione e orgoglio. Anche il pensiero di aver di nuovo reso felice un cliente \u00e8 motivo di gioia per me. Naturalmente apprezzo anche la collaborazione con i colleghi del team e con gli apprendisti. Qui in azienda prevale un&#8217;atmosfera rilassata, un ottimo spirito di squadra.<\/p>\n<p><strong>Ci racconti qualcosa della tua carriera professionale fino a oggi?<\/strong><\/p>\n<p>Dopo la scuola ho iniziato un tirocinio come meccatronico d&#8217;automobili all&#8217;AMAG di Schinznach per le marche Audi e \u0160KODA. Al termine del tirocinio, nel 2011, il mio superiore mi ha offerto la possibilit\u00e0 di compiere il corso di formazione per diagnostico d&#8217;automobili parallelamente al lavoro, corso che nel frattempo ho concluso con successo. All&#8217;inizio di quest&#8217;anno mi sono concesso tre mesi sabbatici in Australia per migliorare le mie conoscenze linguistiche e perlustrare il Paese. Ora sono rientrato nel pieno del lavoro quotidiano e ho in programma un perfezionamento professionale in economia aziendale nel settore automobilistico.<\/p>\n<p><strong>Cosa racconteresti di AMAG al tuo miglior amico?<\/strong><\/p>\n<p>AMAG mi ha permesso di compiere un&#8217;ottima formazione. La formazione \u00e8 di altissimo livello e gli apprendisti godono di ampio supporto. Sono stato sempre trattato bene e mi \u00e8 stata sempre offerta la possibilit\u00e0 di perfezionarmi. Se si dimostra impegno, si viene incentivati e qualche volta si pu\u00f2 anche prendere ferie non pagate o ottenere una riduzione del carico di lavoro per poter seguire dei corsi. AMAG \u00e8 un datore di lavoro sicuro, che investe sempre nell&#8217;infrastruttura, il che ci consente di lavorare al meglio.<\/p>\n<p><strong>Cosa fai quando non lavori?<\/strong><\/p>\n<p>Nel tempo libero mi piace incontrare gli amici e fare qualcosa insieme. Da poco tempo vado anche in moto. Per riposare la mente faccio fitness in palestra. Sono pochissimi i momenti in cui non faccio nulla.<\/p>\n<p><strong>Cos&#8217;altro vorresti dire?<\/strong><\/p>\n<p>Durante il mio soggiorno all&#8217;estero mi sono reso conto che dovremmo goderci di pi\u00f9 la vita. Per noi svizzeri il lavoro \u00e8 spesso prioritario. Ritengo sia un peccato, perch\u00e9 la vita va vissuta e non si pu\u00f2 soltanto lavorare. Ciononostante apprezzo l&#8217;elevato standard di vita del nostro Paese e il fatto che, mettendoci l&#8217;impegno necessario, ognuno possa svolgere la professione che pi\u00f9 gli piace.<\/p>\n<div id=\"attachment_603\" style=\"width: 809px\" class=\"wp-caption alignnone\"><img decoding=\"async\" aria-describedby=\"caption-attachment-603\" class=\"size-full wp-multi-image wp-multi-image-603\" src=\"https:\/\/www.amag-group.ch\/blog\/wp-content\/uploads\/sites\/3\/2015\/06\/IMG_5821.jpg\" alt=\"Marc Gugelmann con un apprendista.\" width=\"799\" height=\"468\" \/><p id=\"caption-attachment-603\" class=\"wp-caption-text\">Marc Gugelmann con un apprendista.<\/p><\/div>\n<p>&nbsp;<\/p>\n<p><a title=\"car policy\" href=\"http:\/\/www.amag.ch\/amagch\/corp\/it\/newsletter\/anmeldeformular_Blog.html\" target=\"_blank\" rel=\"noopener\">Attualit\u00e0 e retroscena dall\u2019universo dell\u2019auto.\u00a0<span style=\"text-decoration: underline;\"><strong>Abbonatevi subito.<\/strong><\/span><\/a><\/p>\n","protected":false},"excerpt":{"rendered":"<p>Oggi intervistiamo Marc Gugelmann, diagnostico d&#8217;automobili. Ogni giorno, il giovane e brioso collaboratore indaga sulle cause di guasti e anomalie delle automobili e in pi\u00f9 assiste gli apprendisti. Nell&#8217;intervista, Marc ci spiega qual \u00e8 stato il percorso di formazione e perfezionamento compiuto nella sua breve carriera professionale e cosa gli piace di pi\u00f9 del suo lavoro. <\/p>\n","protected":false},"author":27,"featured_media":6960,"comment_status":"closed","ping_status":"open","sticky":false,"template":"","format":"standard","meta":{"_acf_changed":false,"inline_featured_image":false,"footnotes":""},"categories":[2202],"tags":[],"class_list":["post-600","post","type-post","status-publish","format-standard","has-post-thumbnail","hentry","category-lavoro-e-carriera"],"acf":[],"_links":{"self":[{"href":"https:\/\/www.amag-group.ch\/blog\/it\/wp-json\/wp\/v2\/posts\/600","targetHints":{"allow":["GET"]}}],"collection":[{"href":"https:\/\/www.amag-group.ch\/blog\/it\/wp-json\/wp\/v2\/posts"}],"about":[{"href":"https:\/\/www.amag-group.ch\/blog\/it\/wp-json\/wp\/v2\/types\/post"}],"author":[{"embeddable":true,"href":"https:\/\/www.amag-group.ch\/blog\/it\/wp-json\/wp\/v2\/users\/27"}],"replies":[{"embeddable":true,"href":"https:\/\/www.amag-group.ch\/blog\/it\/wp-json\/wp\/v2\/comments?post=600"}],"version-history":[{"count":0,"href":"https:\/\/www.amag-group.ch\/blog\/it\/wp-json\/wp\/v2\/posts\/600\/revisions"}],"wp:featuredmedia":[{"embeddable":true,"href":"https:\/\/www.amag-group.ch\/blog\/it\/wp-json\/wp\/v2\/media\/6960"}],"wp:attachment":[{"href":"https:\/\/www.amag-group.ch\/blog\/it\/wp-json\/wp\/v2\/media?parent=600"}],"wp:term":[{"taxonomy":"category","embeddable":true,"href":"https:\/\/www.amag-group.ch\/blog\/it\/wp-json\/wp\/v2\/categories?post=600"},{"taxonomy":"post_tag","embeddable":true,"href":"https:\/\/www.amag-group.ch\/blog\/it\/wp-json\/wp\/v2\/tags?post=600"}],"curies":[{"name":"wp","href":"https:\/\/api.w.org\/{rel}","templated":true}]}}