{"id":508,"date":"2015-05-04T15:53:00","date_gmt":"2015-05-04T13:53:00","guid":{"rendered":"http:\/\/www.amag-group.ch\/blog\/it\/?p=508"},"modified":"2018-02-23T10:07:22","modified_gmt":"2018-02-23T10:07:22","slug":"intervista-i-miei-primi-cento-giorni-in-amag","status":"publish","type":"post","link":"https:\/\/www.amag-group.ch\/blog\/it\/intervista-i-miei-primi-cento-giorni-in-amag\/","title":{"rendered":"Intervista: I miei primi cento giorni in AMAG"},"content":{"rendered":"<p><strong>Quando hai iniziato il tuo tirocinio e per quale professione ti stai formando?<\/strong><\/p>\n<p>Anna Tschudin: Ho iniziato il mio tirocinio in qualit\u00e0 di meccatronica di automobili il 1\u00b0 agosto 2014. A corredo della formazione professionale sto portando a termine anche la maturit\u00e0 professionale (MP).<\/p>\n<p><strong>Che cosa ti ha spinto a svolgere il tirocinio da AMAG?<\/strong><\/p>\n<p>Con la sua presenza online, AMAG mi ha fatto un\u2019ottima impressione. L\u2019azienda, inoltre, \u00e8 molto conosciuta e si avvale di eccellenti rappresentanze delle marche. Il tirocinio orientativo poi mi ha convinto definitivamente. L\u2019azienda \u00e8 apprezzata dalla gente e il suo nome \u00e8 sinonimo di alta qualit\u00e0.<\/p>\n<p><img decoding=\"async\" class=\"size-full wp-multi-image wp-multi-image-505\" src=\"https:\/\/www.amag-group.ch\/blog\/wp-content\/uploads\/sites\/3\/2015\/05\/Anna-Tschudin_11_klein.jpg\" alt=\"Anna Tschudin apprendista meccatronica d'automobili\" width=\"800\" height=\"798\" \/><\/p>\n<p><strong>I primi cento giorni sono passati. Come li hai vissuti?<\/strong><\/p>\n<p>Sono stati molto variati: ogni giorno era diverso dall\u2019altro. Ci\u00f2 che ho tanto apprezzato sin dal principio \u00e8 stato il fatto di essere accolta molto rapidamente nel team. L\u2019integrazione \u00e8 stata davvero facile e quindi sono riuscita ad approfittare anche delle competenze dei membri del mio team e ad apprendere tantissime cose nuove. In conclusione, posso sintetizzare perfettamente usando questi tre aggettivi: faticoso, istruttivo e divertente.<\/p>\n<p><strong>Che cosa ti piace in particolare della tua professione?<\/strong><\/p>\n<p>Non ci si annoia mai perch\u00e9 succede sempre qualcosa. Le attivit\u00e0 sono molto interessanti e varie. Mi fa anche piacere che il mio percorso formativo sia ambizioso e rappresenti una sfida continua. Quando riesco a superare le sfide avverto sempre una sensazione positiva. Apprezzo inoltre l\u2019attivit\u00e0 fisica e il fatto di non dover stare seduta tutto il giorno.<\/p>\n<p><strong>Dai tuoi colloqui con altri tirocinanti della tua cerchia di colleghi, cosa emerge di diverso rispetto ad altre aziende?\u00a0<\/strong><strong>Che cosa distingue AMAG?<\/strong><\/p>\n<p>Ovviamente le dimensioni, basta poco per rendersene conto. Le attrezzature dei garage sono ottime e c\u2019\u00e8 proprio tutto quello che serve. Anche l\u2019organizzazione \u00e8 eccellente. In compenso i contatti con la clientela sono alquanto limitati a causa delle grandi dimensioni. AMAG ha grande considerazione dei propri collaboratori. Dai colleghi della scuola sento spesso dire che hanno gi\u00e0 dovuto svolgere tante ore di straordinario, mentre io solo di rado devo lavorare pi\u00f9 a lungo. In parte vi sono ovviamente situazioni che non sono pianificate e che mi costringono, di tanto in tanto, a fermarmi un\u2019ora in pi\u00f9. In linea di massima, per\u00f2, le giornate sono ben organizzate, pertanto riusciamo a svolgere tutti i lavori entro l\u2019orario regolare di lavoro. E in questo rientrano compiti interessanti e molto vari. Pulire auto per intere settimane non rientra tra i miei compiti.<\/p>\n<p><strong>In che modo riesci a renderti utile in azienda?<\/strong><\/p>\n<p>Esistono diverse possibilit\u00e0. Non di rado mantengo l\u2019ordine in azienda, mi rendo disponibile ad aiutare e con il mio buonumore coinvolgo anche gli altri collaboratori. Posso anche proporre eventuali migliorie e la mia opinione viene presa in considerazione.<\/p>\n<p><strong>Che cosa apprezzi in particolare del tuo lavoro quotidiano?<\/strong><\/p>\n<p>Esiste una certa routine, ma al contempo svolgo anche mansioni sempre diverse. Ho la possibilit\u00e0 di imparare sempre cose nuove. Mi fa particolarmente piacere risolvere compiti complessi insieme al meccanico. Per questo motivo i lavori straordinari sono quelli pi\u00f9 divertenti. Eppure anche i lavori pi\u00f9 semplici sono molto allettanti, perch\u00e9 posso svolgerli da sola. Posso lavorare in autonomia e apprezzo davvero la fiducia che viene riposta in me.<\/p>\n<p><strong>Che cosa apprezzi dei tuoi colleghi di lavoro?<\/strong><\/p>\n<p>Sono molto inclini ad aiutare e rivolgono critiche costruttive e decorose. Al contempo sono simpatici, socievoli e posati. \u00c8 facile andare d\u2019accordo con loro. E non trovano nulla di strano nel fatto che io, giovane donna, impari una professione tipica per gli uomini.<\/p>\n<p><strong>Qual \u00e8 stata l\u2019esperienza pi\u00f9 bella che hai vissuto finora?<\/strong><\/p>\n<p>Quando ho superato il periodo di prova. Per il resto non riesco a optare per un evento in particolare perch\u00e9 vivo esperienze fantastiche quasi tutti i giorni.<\/p>\n<p><strong>Che cosa rappresenta per te l\u2019orientamento alla clientela?<\/strong><\/p>\n<p>Quando sorprendo il cliente con lavori che non si aspettava di ricevere. Ad esempio ho cambiato in ogni automobile l&#8217;orologio impostando l&#8217;orario invernale e al cambio ruote lavo ogni volta i cerchi.<\/p>\n<p><strong>Qual \u00e8 il tuo obiettivo personale per il futuro?<\/strong><\/p>\n<p>In primo luogo portare a termine con successo il tirocinio, poi lavorare come meccatronica e continuare il mio iter formativo. Dopo vorrei prendermi del tempo per andare a esplorare il mondo. Unitamente alla realizzazione di tutti gli obiettivi, la priorit\u00e0 assoluta \u00e8 comunque poter vivere la mia vita ed essere felice.<\/p>\n<p><strong>Grazie per l&#8217;intervista!<\/strong><\/p>\n<div id=\"attachment_506\" style=\"width: 810px\" class=\"wp-caption alignnone\"><img decoding=\"async\" aria-describedby=\"caption-attachment-506\" class=\"size-full wp-multi-image wp-multi-image-506\" src=\"https:\/\/www.amag-group.ch\/blog\/wp-content\/uploads\/sites\/3\/2015\/05\/Anna-Tschudin_22-klein.jpg\" alt=\"Anna Tschudin apprendista meccatronica d'automobili\" width=\"800\" height=\"719\" \/><p id=\"caption-attachment-506\" class=\"wp-caption-text\">Anna Tschudin apprendista meccatronica d&#8217;automobili<\/p><\/div>\n<p>&nbsp;<\/p>\n<p>&nbsp;<\/p>\n<p><a title=\"car policy\" href=\"http:\/\/www.amag.ch\/amagch\/corp\/it\/newsletter\/anmeldeformular_Blog.html\" target=\"_blank\" rel=\"noopener\">Attualit\u00e0 e retroscena dall\u2019universo dell\u2019auto.\u00a0<span style=\"text-decoration: underline;\"><strong>Abbonatevi subito.<\/strong><\/span><\/a><\/p>\n","protected":false},"excerpt":{"rendered":"<p>Dopo Silvan Breuer e Juri Borg, che ci hanno raccontato del loro apprendistato di carrozziere lattoniere \/ verniciatore, \u00e8 la volta di Anna Tschudin. Anna ci parla del suo indirizzo professionale: meccatronica d&#8217;automobili. Sebbene il suo sia un mestiere estremamente interessante, mancano le giovani leve a causa fra l&#8217;altro della crescente \u00abaccademizzazione\u00bb della formazione professionale e della bassa attrattivit\u00e0 di cui godono i mestieri artigianali.<\/p>\n","protected":false},"author":27,"featured_media":6762,"comment_status":"open","ping_status":"open","sticky":false,"template":"","format":"standard","meta":{"_acf_changed":false,"inline_featured_image":false,"footnotes":""},"categories":[9828],"tags":[],"class_list":["post-508","post","type-post","status-publish","format-standard","has-post-thumbnail","hentry","category-next-generation-it"],"acf":[],"_links":{"self":[{"href":"https:\/\/www.amag-group.ch\/blog\/it\/wp-json\/wp\/v2\/posts\/508","targetHints":{"allow":["GET"]}}],"collection":[{"href":"https:\/\/www.amag-group.ch\/blog\/it\/wp-json\/wp\/v2\/posts"}],"about":[{"href":"https:\/\/www.amag-group.ch\/blog\/it\/wp-json\/wp\/v2\/types\/post"}],"author":[{"embeddable":true,"href":"https:\/\/www.amag-group.ch\/blog\/it\/wp-json\/wp\/v2\/users\/27"}],"replies":[{"embeddable":true,"href":"https:\/\/www.amag-group.ch\/blog\/it\/wp-json\/wp\/v2\/comments?post=508"}],"version-history":[{"count":0,"href":"https:\/\/www.amag-group.ch\/blog\/it\/wp-json\/wp\/v2\/posts\/508\/revisions"}],"wp:featuredmedia":[{"embeddable":true,"href":"https:\/\/www.amag-group.ch\/blog\/it\/wp-json\/wp\/v2\/media\/6762"}],"wp:attachment":[{"href":"https:\/\/www.amag-group.ch\/blog\/it\/wp-json\/wp\/v2\/media?parent=508"}],"wp:term":[{"taxonomy":"category","embeddable":true,"href":"https:\/\/www.amag-group.ch\/blog\/it\/wp-json\/wp\/v2\/categories?post=508"},{"taxonomy":"post_tag","embeddable":true,"href":"https:\/\/www.amag-group.ch\/blog\/it\/wp-json\/wp\/v2\/tags?post=508"}],"curies":[{"name":"wp","href":"https:\/\/api.w.org\/{rel}","templated":true}]}}