{"id":32016,"date":"2025-05-02T12:14:38","date_gmt":"2025-05-02T10:14:38","guid":{"rendered":"https:\/\/www.amag-group.ch\/blog\/?p=32016"},"modified":"2025-05-02T12:14:38","modified_gmt":"2025-05-02T10:14:38","slug":"mobilita-rinnovabile","status":"publish","type":"post","link":"https:\/\/www.amag-group.ch\/blog\/it\/mobilita-rinnovabile\/","title":{"rendered":"Mobilit\u00e0 rinnovabile: ecco come funziona la mobilit\u00e0 del futuro"},"content":{"rendered":"<p>Nell\u2019agosto 2019 la Confederazione ha approvato lo \u00abZero Netto 2050\u00bb. L\u2019obiettivo? Entro la met\u00e0 del XXI\u00a0secolo non emettere nell\u2019atmosfera pi\u00f9 emissioni di CO2 di quante gli accumulatori naturali e artificiali possano assorbire. Nel 2023 questo obiettivo \u00e8 stato stabilito formalmente anche a livello legislativo. Anche il gruppo AMAG sostiene la medesima finalit\u00e0 della Confederazione. Con l\u2019\u00abAmbition Zero Netto 2040\u00bb si impegna con determinazione per raggiungere lo \u00abzero netto\u00bb gi\u00e0 nel 2040, perch\u00e9 l\u2019obiettivo delle zero emissioni nette \u00e8 una missione comune.<\/p>\r\n<h3><strong>La mobilit\u00e0 svizzera come punto cardine<\/strong><\/h3>\r\n<p>Le esigenze di mobilit\u00e0 delle cittadine e dei cittadini svizzeri sono in crescita, come \u00e8 emerso da un sondaggio condotto da Sotomo nel 2024. Il 73% della popolazione utilizza la propria auto ogni giorno per percorrere una distanza media di 40\u00a0km. L\u2019auto rester\u00e0 quindi una componente fissa della mobilit\u00e0 del futuro per la maggior parte delle cittadine e dei cittadini svizzeri. Di conseguenza molti sfruttano offerte di mobilit\u00e0 flessibili e in particolare l\u2019auto, ad esempio per recarsi al lavoro, fare la spesa settimanale o spostarsi da un punto all\u2019altro nelle zone rurali.<\/p>\r\n<p><img decoding=\"async\" class=\"aligncenter size-full wp-image-29990\" src=\"https:\/\/www.amag-group.ch\/blog\/wp-content\/uploads\/2024\/02\/SKODA-ENYAQ-COUPE-RS-iV_1.Platz-Auto-des-Jahres.jpg\" alt=\"1000 volle Ladezyklen im Elektroauto\u00a0 - Blog der AMAG Group AG\" width=\"1920\" height=\"1280\" srcset=\"https:\/\/www.amag-group.ch\/blog\/wp-content\/uploads\/2024\/02\/SKODA-ENYAQ-COUPE-RS-iV_1.Platz-Auto-des-Jahres.jpg 1920w, https:\/\/www.amag-group.ch\/blog\/wp-content\/uploads\/2024\/02\/SKODA-ENYAQ-COUPE-RS-iV_1.Platz-Auto-des-Jahres-620x414.jpg 620w, https:\/\/www.amag-group.ch\/blog\/wp-content\/uploads\/2024\/02\/SKODA-ENYAQ-COUPE-RS-iV_1.Platz-Auto-des-Jahres-1536x1024.jpg 1536w, https:\/\/www.amag-group.ch\/blog\/wp-content\/uploads\/2024\/02\/SKODA-ENYAQ-COUPE-RS-iV_1.Platz-Auto-des-Jahres-720x480.jpg 720w\" sizes=\"(max-width: 1920px) 100vw, 1920px\" \/><\/p>\r\n<p>Ma come si possono conciliare il raggiungimento dell\u2019obiettivo dello zero netto e una mobilit\u00e0 individuale illimitata? Mentre si occupa della decarbonizzazione dei propri processi aziendali, il gruppo AMAG sostiene anche la ricerca nei progetti energetici e di mobilit\u00e0 e lavora intensamente a una mobilit\u00e0 sostenibile per la sua clientela. Allo stesso tempo, sta diventando un fornitore di soluzioni di mobilit\u00e0 complete che confluiscono nella \u00abmobilit\u00e0 rinnovabile\u00bb.<\/p>\r\n<h3><strong>Ma che cos\u2019\u00e8 esattamente la \u00abmobilit\u00e0 rinnovabile\u00bb?<\/strong><\/h3>\r\n<p>La mobilit\u00e0 rinnovabile \u00e8 la combinazione di elettromobilit\u00e0 ed energie rinnovabili. La loro interconnessione \u00e8 una componente fondamentale per la creazione di una mobilit\u00e0 per la societ\u00e0 il pi\u00f9 possibile rispettosa dell\u2019ambiente, ma che resti anche illimitata, flessibile e individuale.<\/p>\r\n<p>Una delle pietre miliari del 2022 \u00e8 stata l\u2019acquisto della pioniera del solare <a href=\"https:\/\/www.helion.ch\/it\/?origin=amagretailnl\">Helion Energy SA<\/a> e la conseguente unione dei settori energia e mobilit\u00e0. Grazie a questa fusione dei due rami di attivit\u00e0 nel settore \u00ab<a href=\"https:\/\/www.amag-group.ch\/it\/energy-und-mobility.html\">AMAG Energy &amp; Mobility<\/a>\u00bb, il gruppo AMAG \u00e8 in grado di offrire, oltre alle sue auto elettriche, ovvero alla sua attivit\u00e0 principale, anche impianti fotovoltaici e una gestione della ricarica domestica e soluzioni di ricarica in viaggio.<\/p>\r\n<p>Ma non solo: la mobilit\u00e0 rinnovabile va oltre la combinazione di auto elettriche e impianti fotovoltaici e, di conseguenza, un esercizio a basse emissioni di CO2. Riguarda anche emissioni di CO2 possibilmente ridotte al minimo durante la produzione delle auto elettriche, e anche il successivo riciclaggio a fine vita di un veicolo contribuisce a risparmiare sulle emissioni di CO2. In questo modo, il gruppo AMAG intende contribuire alla riduzione delle emissioni di CO2 e all\u2019efficienza delle risorse lungo l\u2019intera catena di creazione del valore.<\/p>\r\n<p><img decoding=\"async\" class=\"aligncenter wp-image-31991 size-full\" src=\"https:\/\/www.amag-group.ch\/blog\/wp-content\/uploads\/2025\/05\/erneuerbare-mobilitaet-so-funktioniert-die-mobilitaet-der-zukunft-blog-amag-group-5.jpg\" alt=\"Erneuerbare Mobilit\u00e4t: Eine Grafik, die das Prinzip erkl\u00e4rt.\" width=\"1920\" height=\"1080\" srcset=\"https:\/\/www.amag-group.ch\/blog\/wp-content\/uploads\/2025\/05\/erneuerbare-mobilitaet-so-funktioniert-die-mobilitaet-der-zukunft-blog-amag-group-5.jpg 1920w, https:\/\/www.amag-group.ch\/blog\/wp-content\/uploads\/2025\/05\/erneuerbare-mobilitaet-so-funktioniert-die-mobilitaet-der-zukunft-blog-amag-group-5-620x349.jpg 620w, https:\/\/www.amag-group.ch\/blog\/wp-content\/uploads\/2025\/05\/erneuerbare-mobilitaet-so-funktioniert-die-mobilitaet-der-zukunft-blog-amag-group-5-1536x864.jpg 1536w\" sizes=\"(max-width: 1920px) 100vw, 1920px\" \/><\/p>\r\n<div class=\"about-person type2 full-mob\">\r\n  <div class=\"text-holder\">\r\n          <h3 class=\"h3\">Ma come possono i privati integrare la mobilit\u00e0 rinnovabile nella loro quotidianit\u00e0?<\/h3>\r\n        <p>Accompagna Raphaela e Marco a casa loro:<\/p>\n<p>Da quando l\u2019anno scorso Marco e sua moglie Raphaela hanno acquistato una casa nell\u2019area urbana di Berna, Marco \u00e8 felice ogni volta che imbocca la strada poco trafficata e intravede la sua casa, con le persiane blu scuro e la vecchia quercia dal fusto contorto che le cresce davanti. Sul tetto di casa troneggia il nuovo impianto fotovoltaico di Helion, che consente a Marco di risparmiare molto denaro.<\/p>\n<p>Quando Raphaela e Marco hanno comprato la casa, hanno subito dovuto rinnovare il vecchio impianto di riscaldamento. Marco, da vero patito di energia, ha scandagliato Internet alla ricerca di un sistema di riscaldamento efficiente, imbattendosi nella <a href=\"https:\/\/www.amag.ch\/it\/trova-auto\/auto-dei-concessionari-amag\/mobilita-elettrica\/soluzione-360-gradi.html#In viaggio\">soluzione a 360 gradi<\/a> del gruppo AMAG. Grazie a essa, Marco \u00e8 riuscito a prendere ben quattro piccioni con una fava: ora in casa ha collegato riscaldamento, energia solare e il suo Volkswagen ID. Buzz elettrico, risparmiando anche del denaro. Marco desiderava da tempo una soluzione all-in-one.<\/p>\n<p>La nuova stazione di ricarica nel carport viene ora alimentata con l\u2019energia solare dell\u2019impianto fotovoltaico. Il cavo giallo della stazione di ricarica si snoda sul pavimento fino all\u2019auto familiare elettrica, che ora viene caricata con l\u2019energia solare. Quando l\u2019impianto fotovoltaico installato sul tetto di Raphaela e Marco produce troppa energia e l\u2019accumulatore di energia interno \u00e8 pieno, il Volkswagen ID. Buzz parcheggiato sotto al carport assorbe la corrente elettrica. In viaggio, Raphaela e Marco utilizzano la loro App o scheda di ricarica <br \/>\ncon una <a href=\"https:\/\/www.autosense.ch\/it\/mobile-app\/promotions%23ladekarte-bestellen\">tariffa di ricarica<\/a> unitaria <a href=\"https:\/\/www.autosense.ch\/it\/mobile-app\/promotions%23ladekarte-bestellen\">di 28\u00a0centesimi<\/a>.<\/p>\n<p>Anche il nuovo sistema di riscaldamento, ubicato nella cantina di Marco e Raphaela, \u00e8 alimentato in gran parte con l\u2019energia solare di casa. Marco ha scelto una pompa di calore Helion in grado di assorbire energia dall\u2019aria, dal suolo o dall\u2019acqua trasformandola in calore. Il fabbisogno di acqua calda ed elettricit\u00e0 di Marco e Raphaela viene ora generato con la nuova pompa di calore. Quando Marco ha raccontato a Raphaela di questo sistema di riscaldamento alternativo, la moglie \u00e8 rimasta subito colpita delle sue basse emissioni di CO2, dal momento che il 75% del calore prodotto per il riscaldamento proviene da fonti rinnovabili.<\/p>\n<p>Con l\u2019app Helion ONE possono tenere sotto controllo il fabbisogno energetico della loro casa: quanta corrente viene consumata attualmente? Quanto \u00e8 carico l\u2019accumulatore di energia? E l\u2019elettricit\u00e0 in eccesso di cui l\u2019ID. Buzz non necessita pi\u00f9 viene attualmente venduta a un buon prezzo? L\u2019app consente di collegare in rete l\u2019accumulatore di corrente, la pompa di calore, l\u2019impianto solare e la stazione di ricarica elettrica, permettendo a Raphaela e Marco di avere tutto sotto controllo, poco importa che si trovino sul divano di casa, in pausa pranzo o in vacanza.<\/p>\n  <\/div>\r\n<\/div>\r\n\r\n\r\n<h3><strong>Soluzione a 360 gradi e oltre<\/strong><\/h3>\r\n<p>Per promuovere e rendere possibile un panorama di mobilit\u00e0 che tenga conto di tutte le esigenze della popolazione svizzera, il gruppo AMAG ha sviluppato tuttavia un\u2019ampia gamma di offerte. Il gruppo AMAG non offre quindi solo comode <a href=\"https:\/\/www.amag.ch\/it\/trova-auto\/auto-dei-concessionari-amag\/mobilita-elettrica\/soluzione-360-gradi.html\">soluzioni<\/a> per l\u2019auto elettrica e l\u2019abitazione di propriet\u00e0. Con l\u2019offerta \u00abon demand\u00bb di <a href=\"https:\/\/ondemand.europcar.ch\/it.html\">Europcar<\/a>, l\u2019abbonamento auto completamente elettrico <a href=\"https:\/\/clyde.ch\/it?gad_source=1&amp;gclid=EAIaIQobChMIle_zndXyjAMVupmDBx2lqgKsEAAYASAAEgLb4vD_BwE\">Clyde<\/a> che consente di effettuare il giro di prova pi\u00f9 lungo della Svizzera, o l\u2019app <a href=\"https:\/\/www.allride.swiss\/it.html\">allride<\/a>, un\u2019offerta per e-bike, auto elettriche e cargo bike elettriche nell\u2019area urbana, il gruppo AMAG offre anche soluzioni flessibili che vanno oltre il mero possesso di un\u2019auto elettrica.<\/p>\r\n<p>\r\n\r\n<div class=\"color-block-section darkgreen\">\r\n  <div class=\"row\">\r\n    <div class=\"col-lg-4\">\r\n      <div class=\"color-block\">\r\n                  <h3 class=\"h3\">I nostri consigli di lettura sulla mobilit\u00e0 rinnovabile:<\/h3>\r\n                      <\/div>\r\n    <\/div>\r\n    <div class=\"col-lg-8\">\r\n      <div class=\"text\">\r\n        <ul>\n<li><a href=\"https:\/\/www.amag-group.ch\/blog\/it\/come-passare-alla-mobilita-elettrica\/\">Il vostro ingresso nella mobilit\u00e0 elettrica: come avere successo | AMAG Autoblog<\/a><\/li>\n<li><a href=\"https:\/\/www.amag-group.ch\/blog\/it\/synfuels-carburanti-a-impatto-climatico-zero\/\">Synfuels: carburanti a impatto climatico zero<\/a><\/li>\n<li><a href=\"https:\/\/www.amag-group.ch\/blog\/it\/smart-charging\/\">Smart Charging: la ricarica delle auto elettriche sar\u00e0 presto intelligente? | AMAG Autoblog<\/a><\/li>\n<\/ul>\n      <\/div>\r\n    <\/div>\r\n  <\/div>\r\n<\/div>\r\n<\/p>","protected":false},"excerpt":{"rendered":"<p>Nell\u2019agosto 2019 la Confederazione ha approvato lo \u00abZero Netto 2050\u00bb. L\u2019obiettivo? Entro la met\u00e0 del XXI\u00a0secolo non emettere nell\u2019atmosfera pi\u00f9 emissioni di CO2 di quante gli accumulatori naturali e artificiali possano assorbire. Nel 2023 questo obiettivo \u00e8 stato stabilito formalmente anche a livello legislativo. Anche il gruppo AMAG sostiene la medesima finalit\u00e0 della Confederazione. Con [&hellip;]<\/p>\n","protected":false},"author":102,"featured_media":31985,"comment_status":"open","ping_status":"open","sticky":false,"template":"","format":"standard","meta":{"_acf_changed":false,"inline_featured_image":false,"footnotes":""},"categories":[9963],"tags":[],"class_list":["post-32016","post","type-post","status-publish","format-standard","has-post-thumbnail","hentry","category-soluzioni-del-futuro"],"acf":[],"_links":{"self":[{"href":"https:\/\/www.amag-group.ch\/blog\/it\/wp-json\/wp\/v2\/posts\/32016","targetHints":{"allow":["GET"]}}],"collection":[{"href":"https:\/\/www.amag-group.ch\/blog\/it\/wp-json\/wp\/v2\/posts"}],"about":[{"href":"https:\/\/www.amag-group.ch\/blog\/it\/wp-json\/wp\/v2\/types\/post"}],"author":[{"embeddable":true,"href":"https:\/\/www.amag-group.ch\/blog\/it\/wp-json\/wp\/v2\/users\/102"}],"replies":[{"embeddable":true,"href":"https:\/\/www.amag-group.ch\/blog\/it\/wp-json\/wp\/v2\/comments?post=32016"}],"version-history":[{"count":3,"href":"https:\/\/www.amag-group.ch\/blog\/it\/wp-json\/wp\/v2\/posts\/32016\/revisions"}],"predecessor-version":[{"id":32026,"href":"https:\/\/www.amag-group.ch\/blog\/it\/wp-json\/wp\/v2\/posts\/32016\/revisions\/32026"}],"wp:featuredmedia":[{"embeddable":true,"href":"https:\/\/www.amag-group.ch\/blog\/it\/wp-json\/wp\/v2\/media\/31985"}],"wp:attachment":[{"href":"https:\/\/www.amag-group.ch\/blog\/it\/wp-json\/wp\/v2\/media?parent=32016"}],"wp:term":[{"taxonomy":"category","embeddable":true,"href":"https:\/\/www.amag-group.ch\/blog\/it\/wp-json\/wp\/v2\/categories?post=32016"},{"taxonomy":"post_tag","embeddable":true,"href":"https:\/\/www.amag-group.ch\/blog\/it\/wp-json\/wp\/v2\/tags?post=32016"}],"curies":[{"name":"wp","href":"https:\/\/api.w.org\/{rel}","templated":true}]}}