{"id":30587,"date":"2024-09-06T14:37:52","date_gmt":"2024-09-06T12:37:52","guid":{"rendered":"https:\/\/www.amag-group.ch\/blog\/?p=30587"},"modified":"2025-07-02T09:07:58","modified_gmt":"2025-07-02T07:07:58","slug":"da-meccanico-a-dirigente-volkswagen-svizzera-una-carriera-straordinaria-grazie-alla-formazione-continua","status":"publish","type":"post","link":"https:\/\/www.amag-group.ch\/blog\/it\/da-meccanico-a-dirigente-volkswagen-svizzera-una-carriera-straordinaria-grazie-alla-formazione-continua\/","title":{"rendered":"Da meccanico a dirigente Volkswagen Svizzera: una carriera straordinaria grazie alla formazione continua"},"content":{"rendered":"\r\n<p>Formazione continua: solo poche persone come Sascha Leardi hanno interiorizzato cos\u00ec a fondo questo principio e lo hanno reso parte della propria vita. Dall\u2019apprendistato come meccanico di automobili nel 1999, Sascha si \u00e8 fatto strada fino a raggiungere una posizione dirigenziale all\u2019interno di AMAG, che vi sveleremo alla fine. Questa carriera straordinaria si deve non solo al duro lavoro, ma anche alla volont\u00e0 di continuare a formarsi e imparare ogni giorno qualcosa di nuovo.<\/p>\r\n\r\n\r\n<h3 class=\"wp-block-heading\">Come descriveresti il tuo percorso professionale in tappe fondamentali?<\/h3>\r\n\r\n\r\n<p>Beh, ce ne sono state davvero tante. Ho riconosciuto di trovarmi nella prima tappa importante del mio percorso quando ho optato per il settore automobilistico e ho iniziato il tirocinio come meccanico di automobili presso il reparto Volkswagen di AMAG a Schinznach. Ho sempre guardato a Porsche qui accanto e ho pensato che un giorno mi sarebbe piaciuto smanettare anche io con queste auto. Ma oggi vi devo svelare un piccolo spoiler: fortunatamente per loro, non ho mai fatto il meccanico per Porsche (ride).<\/p>\r\n<p>All\u2019et\u00e0 di 23 anni ho deciso di intraprendere un percorso di formazione come agente tecnico commerciale, diventando poi consulente di servizio, responsabile di servizio e responsabile Aftersales e gi\u00e0 allora ho avuto l\u2019opportunit\u00e0 di realizzare molti progetti, tra cui la ristrutturazione di un nuovo edificio. Dopo circa 10 anni in queste posizioni, sono stato nuovamente colto da una grande ambizione e ho iniziato la formazione per diventare economista aziendale SSS. La mia successiva tappa \u00e8 stata il periodo da responsabile Aftersales presso AMAG First nel Porsche Zentrum di Zurigo, durante il quale ho avuto l\u2019opportunit\u00e0 di fare molto, di crescere e fare crescere l\u2019attivit\u00e0. In quel periodo, mentre lavoravo, ho anche completato il mio EMBA presso la Scuola universitaria professionale di San Gallo e infine ho potuto assumere la direzione di due aziende. Oggi ricopro una posizione dirigenziale presso Volkswagen Svizzera, ma quello che faccio esattamente ve lo sveler\u00f2 solo alla fine dell\u2019intervista. \ud83d\ude09<\/p>\r\n\r\n\r\n<h3 class=\"wp-block-heading\">Qual stata \u00e8 la decisione che considereresti un punto di svolta?<\/h3>\r\n\r\n\r\n<p>Ogni volta c\u2019\u00e8 stato un punto di svolta in un certo senso, ma se dovessi scegliere direi che \u00e8 stata la decisione di diventare agente tecnico commerciale. Ero sicuro che altre persone avessero competenze artigianali migliori delle mie e che i miei punti di forza fossero lavorare con le persone e pensare in modo strategico.<\/p>\r\n<p><img decoding=\"async\" class=\"aligncenter wp-image-30601 size-medium\" src=\"https:\/\/www.amag-group.ch\/blog\/wp-content\/uploads\/2024\/09\/vom-automobilmechaniker-zur-vw-schweiz-fuehrungskraft-eine-beeindruckende-karriere-dank-lebenslangem-lernen-blog-amag-group-3-233x414.jpg\" alt=\"\" width=\"233\" height=\"414\" srcset=\"https:\/\/www.amag-group.ch\/blog\/wp-content\/uploads\/2024\/09\/vom-automobilmechaniker-zur-vw-schweiz-fuehrungskraft-eine-beeindruckende-karriere-dank-lebenslangem-lernen-blog-amag-group-3-233x414.jpg 233w, https:\/\/www.amag-group.ch\/blog\/wp-content\/uploads\/2024\/09\/vom-automobilmechaniker-zur-vw-schweiz-fuehrungskraft-eine-beeindruckende-karriere-dank-lebenslangem-lernen-blog-amag-group-3-864x1536.jpg 864w, https:\/\/www.amag-group.ch\/blog\/wp-content\/uploads\/2024\/09\/vom-automobilmechaniker-zur-vw-schweiz-fuehrungskraft-eine-beeindruckende-karriere-dank-lebenslangem-lernen-blog-amag-group-3.jpg 1080w\" sizes=\"(max-width: 233px) 100vw, 233px\" \/><\/p>\r\n\r\n\r\n<h3 class=\"wp-block-heading\">Quali capacit\u00e0 e qualit\u00e0 sono a tuo avviso indispensabili per il tuo lavoro attuale?<\/h3>\r\n\r\n\r\n<p>Dal mio punto di vista, queste non sono competenze che si possono impiegare solo in questo lavoro, ma in ogni contesto in cui si lavora con le persone. L\u2019importante \u00e8 essere autentici ed empatici. Riuscire a mettersi nei panni del proprio interlocutore e capire perch\u00e9 la persona affronta un tema in un certo modo \u00e8 di grande aiuto anche nella vita di tutti i giorni. E naturalmente \u00e8 vantaggioso pensare in modo analitico e poter mettere in pratica le informazioni che si ricevono.<\/p>\r\n\r\n\r\n<h3 class=\"wp-block-heading\">Sei in grado di descrivere una situazione in cui hai corso un rischio professionale e in che modo questo si \u00e8 ripercosso sul prosieguo della tua carriera?<\/h3>\r\n\r\n\r\n<p>Ogni cambio di lavoro ha rappresentato per me un rischio, in un certo senso. Il passaggio dall\u2019officina al servizio clienti forse ancora no, ma dopo, quando \u00e8 arrivato il momento di passare da un piccolo concessionario Volkswagen ad Aarau a Porsche in una grande citt\u00e0 come Zurigo, quello \u00e8 stato decisamente un rischio professionale per me.<\/p>\r\n<p>Quando si inizia un nuovo lavoro, all\u2019improvviso il lavoro svolto prima non conta pi\u00f9. Ci si chiede se si riuscir\u00e0 a inserirsi bene nel nuovo posto di lavoro, soddisfare le aspettative e dimostrare il proprio valore. Direi che nel mio caso ha funzionato. Lavorare da Porsche mi \u00e8 piaciuto davvero tanto e ho potuto imparare molto. A volte bisogna uscire dalla propria comfort zone, come si suol dire. Ci si dimentica subito che ci si trova nella propria comfort zone quando si \u00e8 stati in un luogo per un certo periodo di tempo. E poi fare il grande passo per iniziare qualcosa di nuovo \u00e8 sempre una sfida, ma allo stesso tempo qualcosa di molto bello ed emozionante.<\/p>\r\n\r\n\r\n<h3 class=\"wp-block-heading\">Sei in AMAG da molto tempo e hai sempre seguito corsi di perfezionamento. Quanto \u00e8 importante per te e per la tua crescita professionale la formazione continua?<\/h3>\r\n\r\n\r\n<p>Dal mio punto di vista \u00e8 essenziale, perch\u00e9 non c\u2019\u00e8 giorno in cui non si possa imparare qualcosa di nuovo. Quello che trovo sensazionale \u00e8 che sono riuscito a completare tutti i miei corsi di perfezionamento parallelamente al lavoro. Questo mi ha dato la possibilit\u00e0 di mettere in pratica e applicare tutto ci\u00f2 che ho imparato. Ma per me la formazione continua nella vita di tutti i giorni \u00e8 quasi ancora pi\u00f9 importante dei corsi di perfezionamento.<\/p>\r\n<p>Dico sempre, a volte anche senza darci troppo peso, che chiunque sa fare qualche cosa meglio di me. Riconoscerlo e imparare dagli altri \u00e8 estremamente prezioso. Un breve esempio: nel mio ultimo lavoro ho assunto una collega abbastanza giovane per il reparto Marketing. Ed \u00e8 stato incredibile quello che ho potuto imparare da questa persona, diversi punti di vista, diverse percezioni sullo stesso argomento. Queste esperienze mi entusiasmano e sono utili anche per crescere insieme come team.<\/p>\r\n\r\n\r\n<h3 class=\"wp-block-heading\">Quali consigli daresti a chi ambisce a una carriera simile alla tua?<\/h3>\r\n\r\n\r\n<p>Non mi piace dare consigli. I consigli a volte possono anche essere visti come delle critiche. Quello che invece mi piace fare \u00e8 condividere le mie esperienze. Un aspetto importante per me \u00e8 sempre stato confrontarmi nella mia sfera privata per capire quando \u00e8 il momento giusto per compiere il passo successivo nel mio percorso professionale. Questo aiuta a potenziare la comprensione reciproca e mi facilita nel concentrarmi pienamente sulle sfide. Un secondo punto importante \u00e8 che, a mio avviso, non c\u2019\u00e8 mai un momento giusto per iniziare un percorso di perfezionamento. Si trova sempre una scusa o un motivo per rimandare questo passo, quindi seguo la mentalit\u00e0 secondo cui non c\u2019\u00e8 momento migliore per iniziare che oggi.<\/p>\r\n\r\n\r\n<h3 class=\"wp-block-heading\">Come definisci il successo personale e come lo misuri?<\/h3>\r\n\r\n\r\n<p>Questa \u00e8 una domanda impegnativa. Naturalmente, il successo personale ha molto a che fare anche con la sfera privata. Sicuramente \u00e8 legato a come sta la famiglia, come stiamo insieme, se siamo tutti in salute, ecc. E dal punto di vista professionale sono due le cose che mi spronano, mi danno gioia e mi rendono orgoglioso. Da un lato, lavorare con le persone. \u00c8 incredibilmente bello riuscire a far crescere qualcuno in una posizione che prima sembrava irraggiungibile per quella persona. E dall\u2019altro, se sono riuscito a creare qualcosa e a costruire una cosa nuova e poi funziona, \u00e8 certamente una gioia immensa.\u00a0<\/p>\r\n\r\n\r\n<h3 class=\"wp-block-heading\">Qual \u00e8 la tua posizione attuale nel gruppo AMAG e come ci sei arrivato?<\/h3>\r\n\r\n\r\n<p>Attualmente sono Head of Sales del marchio Volkswagen. Come ci sono arrivato? Avevo trascorso tutta la mia vita nel commercio al dettaglio, che comunque \u00e8 stata un\u2019esperienza davvero appassionante. Avevo sempre lavorato a livello regionale, ma ora assumere il comando nazionale del reparto Sales ha esercitato su di me una grande forza di attrazione. Si tratta ovviamente di una sfida notevole, ma allo stesso tempo anche di un\u2019incredibile opportunit\u00e0. Ho avuto questa opportunit\u00e0 e spero di riuscire a ottenere buoni risultati e contribuire alla crescita.<\/p>\r\n<p><img decoding=\"async\" class=\"alignleft wp-image-30598 size-medium\" src=\"https:\/\/www.amag-group.ch\/blog\/wp-content\/uploads\/2024\/09\/vom-automobilmechaniker-zur-vw-schweiz-fuehrungskraft-eine-beeindruckende-karriere-dank-lebenslangem-lernen-blog-amag-group-2-233x414.jpg\" alt=\"\" width=\"233\" height=\"414\" srcset=\"https:\/\/www.amag-group.ch\/blog\/wp-content\/uploads\/2024\/09\/vom-automobilmechaniker-zur-vw-schweiz-fuehrungskraft-eine-beeindruckende-karriere-dank-lebenslangem-lernen-blog-amag-group-2-233x414.jpg 233w, https:\/\/www.amag-group.ch\/blog\/wp-content\/uploads\/2024\/09\/vom-automobilmechaniker-zur-vw-schweiz-fuehrungskraft-eine-beeindruckende-karriere-dank-lebenslangem-lernen-blog-amag-group-2-864x1536.jpg 864w, https:\/\/www.amag-group.ch\/blog\/wp-content\/uploads\/2024\/09\/vom-automobilmechaniker-zur-vw-schweiz-fuehrungskraft-eine-beeindruckende-karriere-dank-lebenslangem-lernen-blog-amag-group-2.jpg 1080w\" sizes=\"(max-width: 233px) 100vw, 233px\" \/><\/p>\r\n","protected":false},"excerpt":{"rendered":"<p>Formazione continua: solo poche persone come Sascha Leardi hanno interiorizzato cos\u00ec a fondo questo principio e lo hanno reso parte della propria vita. Dall\u2019apprendistato come meccanico di automobili nel 1999, Sascha si \u00e8 fatto strada fino a raggiungere una posizione dirigenziale all\u2019interno di AMAG, che vi sveleremo alla fine. Questa carriera straordinaria si deve non [&hellip;]<\/p>\n","protected":false},"author":100,"featured_media":30598,"comment_status":"open","ping_status":"open","sticky":false,"template":"","format":"standard","meta":{"_acf_changed":false,"inline_featured_image":false,"footnotes":""},"categories":[2202],"tags":[],"class_list":["post-30587","post","type-post","status-publish","format-standard","has-post-thumbnail","hentry","category-lavoro-e-carriera"],"acf":[],"_links":{"self":[{"href":"https:\/\/www.amag-group.ch\/blog\/it\/wp-json\/wp\/v2\/posts\/30587","targetHints":{"allow":["GET"]}}],"collection":[{"href":"https:\/\/www.amag-group.ch\/blog\/it\/wp-json\/wp\/v2\/posts"}],"about":[{"href":"https:\/\/www.amag-group.ch\/blog\/it\/wp-json\/wp\/v2\/types\/post"}],"author":[{"embeddable":true,"href":"https:\/\/www.amag-group.ch\/blog\/it\/wp-json\/wp\/v2\/users\/100"}],"replies":[{"embeddable":true,"href":"https:\/\/www.amag-group.ch\/blog\/it\/wp-json\/wp\/v2\/comments?post=30587"}],"version-history":[{"count":3,"href":"https:\/\/www.amag-group.ch\/blog\/it\/wp-json\/wp\/v2\/posts\/30587\/revisions"}],"predecessor-version":[{"id":32288,"href":"https:\/\/www.amag-group.ch\/blog\/it\/wp-json\/wp\/v2\/posts\/30587\/revisions\/32288"}],"wp:featuredmedia":[{"embeddable":true,"href":"https:\/\/www.amag-group.ch\/blog\/it\/wp-json\/wp\/v2\/media\/30598"}],"wp:attachment":[{"href":"https:\/\/www.amag-group.ch\/blog\/it\/wp-json\/wp\/v2\/media?parent=30587"}],"wp:term":[{"taxonomy":"category","embeddable":true,"href":"https:\/\/www.amag-group.ch\/blog\/it\/wp-json\/wp\/v2\/categories?post=30587"},{"taxonomy":"post_tag","embeddable":true,"href":"https:\/\/www.amag-group.ch\/blog\/it\/wp-json\/wp\/v2\/tags?post=30587"}],"curies":[{"name":"wp","href":"https:\/\/api.w.org\/{rel}","templated":true}]}}