{"id":29082,"date":"2023-02-17T14:06:27","date_gmt":"2023-02-17T13:06:27","guid":{"rendered":"https:\/\/www.amag-group.ch\/blog\/?p=29082"},"modified":"2023-02-17T14:06:31","modified_gmt":"2023-02-17T13:06:31","slug":"amag-next-generation-la-vita-sotto-il-segno-dellazione-di-severin","status":"publish","type":"post","link":"https:\/\/www.amag-group.ch\/blog\/it\/amag-next-generation-la-vita-sotto-il-segno-dellazione-di-severin\/","title":{"rendered":"AMAG Next Generation: <strong>La vita sotto il segno dell\u2019azione di Severin<\/strong>"},"content":{"rendered":"  <div class=\"text-block\">\r\n    <h3><strong>Parlaci un po\u2019 di te e del tuo percorso professionale finora<\/strong><\/h3>\n<p>Mi chiamo Severin, ho 19\u00a0anni e sono al secondo anno di apprendistato come impiegato di commercio AFC. Dopo aver concluso la scuola primaria a H\u00fcnenberg, ho frequentato i corsi di arte e sport alla scuola secondaria. Le attivit\u00e0 sportive mi hanno sempre accompagnato fin da quando ero bambino. Quindi ho ritenuto opportuno frequentare il corso di sport per poter soddisfare la mia passione. All\u2019epoca praticavo con passione il BMX (abbreviazione di \u00abBicycle Motocross\u00bb, una disciplina sportiva in cui gli sportivi compiono diverse acrobazie o gare su una bicicletta speciale) e allo stesso tempo giocavo anche a hockey su ghiaccio con l\u2019EV Zug.<\/p>\n  <\/div>\r\n\n\n\n<figure class=\"wp-block-gallery has-nested-images columns-default is-cropped wp-block-gallery-1 is-layout-flex wp-block-gallery-is-layout-flex\">\n<figure class=\"wp-block-image size-large\"><img decoding=\"async\" width=\"1024\" height=\"683\" data-id=\"29026\" src=\"https:\/\/www.amag-group.ch\/blog\/wp-content\/uploads\/2023\/02\/e9dc6406-23ea-48c7-b1d5-29ee63498ce9.jpg\" alt=\"\" class=\"wp-image-29026\" srcset=\"https:\/\/www.amag-group.ch\/blog\/wp-content\/uploads\/2023\/02\/e9dc6406-23ea-48c7-b1d5-29ee63498ce9.jpg 1024w, https:\/\/www.amag-group.ch\/blog\/wp-content\/uploads\/2023\/02\/e9dc6406-23ea-48c7-b1d5-29ee63498ce9-620x414.jpg 620w, https:\/\/www.amag-group.ch\/blog\/wp-content\/uploads\/2023\/02\/e9dc6406-23ea-48c7-b1d5-29ee63498ce9-720x480.jpg 720w\" sizes=\"(max-width: 1024px) 100vw, 1024px\" \/><\/figure>\n\n\n\n<figure class=\"wp-block-image size-large\"><img decoding=\"async\" width=\"887\" height=\"1920\" data-id=\"29038\" src=\"https:\/\/www.amag-group.ch\/blog\/wp-content\/uploads\/2023\/02\/IMG_0948.jpg\" alt=\"\" class=\"wp-image-29038\" srcset=\"https:\/\/www.amag-group.ch\/blog\/wp-content\/uploads\/2023\/02\/IMG_0948.jpg 887w, https:\/\/www.amag-group.ch\/blog\/wp-content\/uploads\/2023\/02\/IMG_0948-191x414.jpg 191w, https:\/\/www.amag-group.ch\/blog\/wp-content\/uploads\/2023\/02\/IMG_0948-710x1536.jpg 710w\" sizes=\"(max-width: 887px) 100vw, 887px\" \/><\/figure>\n<\/figure>\n\n\n  <div class=\"text-block\">\r\n    <p>Da giovane ho persino avuto l\u2019opportunit\u00e0 di partecipare a un campionato del mondo di BMX. \u00c8 stata un\u2019esperienza straordinaria che non dimenticher\u00f2 facilmente. Anche se amo entrambi gli sport, con il tempo ho sviluppato una predilezione per l\u2019hockey su ghiaccio e quindi ho iniziato a investire pi\u00f9 tempo in questo sport.<\/p>\n<p>Terminata la scuola secondaria, sono andato anche in Canada per un anno, per dedicarmi appieno, oltre alle lezioni scolastiche, anche all\u2019hockey su ghiaccio. Durante questo periodo ho giocato in un campionato giovanile canadese e ho imparato a conoscere questo sport in un modo del tutto nuovo grazie alle diverse modalit\u00e0 di gioco e alla maggiore intensit\u00e0.<\/p>\n<p>Tornato in Svizzera, ho iniziato il 10\u00b0 anno scolastico e ho svolto un tirocinio nel settore fiduciario. In seguito, mi sono candidato direttamente presso AMAG per un tirocinio come impiegato di commercio e ora sono gi\u00e0 al secondo anno di apprendistato. <\/p>\n  <\/div>\r\n\n\n<div class=\"about-person type3 full-mob\">\r\n  <div class=\"text-holder\">\r\n          <h3 class=\"h3\">Scheda<\/h3>\r\n        <div class=\"row\">\r\n      <div class=\"col-lg-6\">\r\n        <p><strong>Nome<\/strong>: Severin<\/p>\n<p>&nbsp;<\/p>\n<p><strong>Funzione<\/strong>: apprendista impiegato di commercio AFC (2\u00b0\u00a0anno di apprendistato)<\/p>\n<p>&nbsp;<\/p>\n<p><strong>Hobby<\/strong>: downhill, hockey su ghiaccio, motociclismo e corse automobilistiche<\/p>\n<p>&nbsp;<\/p>\n<p><strong>Motto<\/strong>: \u00abPrendo tutto come viene\u00bb<\/p>\n      <\/div>\r\n      <div class=\"col-lg-6\">\r\n        <figure class=\"alignnone\">\r\n                      <img decoding=\"async\" data-src=\"https:\/\/www.amag-group.ch\/blog\/wp-content\/uploads\/2023\/02\/IMG_2956-e1676617843274.jpg\" src=\"#\" alt=\"AMAG Next Generation: <strong>La vita sotto il segno dell\u2019azione di Severin<\/strong> &#8211; Blog der AMAG Group AG 2&#8243; loading=&#8221;lazy&#8221; class=&#8221;lazyload&#8221;>\r\n                            <\/figure>\r\n      <\/div>\r\n    <\/div>\r\n  <\/div>\r\n<\/div>\r\n\n\n\n\n  <div class=\"text-block\">\r\n    <h3><strong>Cosa ti ha portato a scegliere il gruppo AMAG come azienda formatrice?<\/strong><\/h3>\n<p>In realt\u00e0 per diverse ragioni. Da un lato, la mia famiglia guida auto AMAG gi\u00e0 da diversi anni. Poi conosco anche molte persone nella mia cerchia di conoscenze, ad esempio mio cugino e anche una vicina, che lavorano gi\u00e0 per AMAG. Non da ultimo, mi interessano anche molto le auto e quindi era chiaro che volessi entrare in AMAG. Sono contento e molto orgoglioso che sia andata a buon fine e che ora possa svolgere qui il mio apprendistato.<\/p>\n<h3><strong>Quali sono stati i momenti pi\u00f9 importanti dell\u2019apprendistato finora?<\/strong><\/h3>\n<p>In generale, ci\u00f2 che apprezzo molto \u00e8 la possibilit\u00e0 di conoscere tantissimi settori diversi. Inoltre, le mansioni e i progetti sono molto vari. Sono particolarmente orgoglioso di una mia ricerca e di una presentazione su un confronto tra pneumatici invernali, che i miei superiori hanno trovato molto utili e che sono arrivate fino a un produttore. Gi\u00e0 solo sapere che il mio lavoro pu\u00f2 avere un grande valore nella pratica pur essendo un apprendista \u00e8 semplicemente fantastico. A gennaio\u00a02023 ho avuto l\u2019opportunit\u00e0 di andare a Davos e partecipare all\u2019Audi Ice Experience per quasi una settimana: \u00e8 stato davvero divertente.<\/p>\n<p>\u00c8 un peccato che il ritmo di rotazione tra i vari reparti a volte sia un po\u2019 troppo rapido (6\u00a0mesi). Si ha a malapena il tempo per abituarsi a determinate procedure lavorative e per conoscere le colleghe e i colleghi che gi\u00e0 si deve andare via per conoscere il reparto successivo.<\/p>\n  <\/div>\r\n\n\n\n<figure class=\"wp-block-image size-full is-resized\"><img decoding=\"async\" src=\"https:\/\/www.amag-group.ch\/blog\/wp-content\/uploads\/2023\/02\/IMG_4260.jpg\" alt=\"\" class=\"wp-image-29071\" width=\"470\" height=\"313\" srcset=\"https:\/\/www.amag-group.ch\/blog\/wp-content\/uploads\/2023\/02\/IMG_4260.jpg 1920w, https:\/\/www.amag-group.ch\/blog\/wp-content\/uploads\/2023\/02\/IMG_4260-620x414.jpg 620w, https:\/\/www.amag-group.ch\/blog\/wp-content\/uploads\/2023\/02\/IMG_4260-1536x1024.jpg 1536w, https:\/\/www.amag-group.ch\/blog\/wp-content\/uploads\/2023\/02\/IMG_4260-720x480.jpg 720w\" sizes=\"(max-width: 470px) 100vw, 470px\" \/><\/figure>\n\n\n\n\n  <div class=\"text-block\">\r\n    <h3><strong>Parliamo brevemente delle tue esperienze all\u2019Audi Ice Experience. Come ci sei arrivato e com\u2019\u00e8 stato?<\/strong><\/h3>\n<p>Poco prima di cambiare reparto, il mio superiore mi ha chiesto se volessi partecipare. Dopo un breve chiarimento con i responsabili degli apprendisti sono stato immediatamente inserito nel gruppo. Il mio compito consisteva nel portare le auto da Davos al passo Fl\u00fcela al mattino e riportarle indietro la sera. Inoltre, ho supportato l\u2019intero team di Audi in diverse attivit\u00e0. Durante la giornata ho potuto unirmi a un istruttore e provare a guidare su ghiaccio e neve. \u00c8 molto difficile, devo ammetterlo.<\/p>\n<h3><strong>Ti rimane ancora poco meno di un anno e mezzo di apprendistato. Quali sono i tuoi piani per dopo?<\/strong><\/h3>\n<p>Probabilmente per prima cosa svolger\u00f2 il servizio militare. Dopodich\u00e9 vorrei prendere la maturit\u00e0 professionale e con la passerella accedere a un corso di laurea all\u2019Universit\u00e0 di San Gallo (HSG). Ma sono anche consapevole che alla fine le cose possono andare diversamente. Lo vedo ad esempio con mio fratello, che aveva lo stesso obiettivo e ora lavora come militare di professione. \ud83d\ude0aVorrei continuare a dedicarmi anche ai miei hobby attuali, il downhill e l\u2019hockey su ghiaccio. Soprattutto nell\u2019ambito dell\u2019hockey, non vedo l\u2019ora di scoprire dove mi porter\u00e0 il viaggio. E poi anche sperimentare altri sport \u00e8 in cima alla mia lista. Al momento sto pensando di iniziare a praticare il motocross. Di certo non mi annoier\u00f2 nei prossimi mesi e anni.\u00a0<\/p>\n  <\/div>\r\n","protected":false},"excerpt":{"rendered":"","protected":false},"author":98,"featured_media":29053,"comment_status":"open","ping_status":"open","sticky":false,"template":"","format":"standard","meta":{"_acf_changed":false,"inline_featured_image":false,"footnotes":""},"categories":[9828],"tags":[],"class_list":["post-29082","post","type-post","status-publish","format-standard","has-post-thumbnail","hentry","category-next-generation-it"],"acf":[],"_links":{"self":[{"href":"https:\/\/www.amag-group.ch\/blog\/it\/wp-json\/wp\/v2\/posts\/29082","targetHints":{"allow":["GET"]}}],"collection":[{"href":"https:\/\/www.amag-group.ch\/blog\/it\/wp-json\/wp\/v2\/posts"}],"about":[{"href":"https:\/\/www.amag-group.ch\/blog\/it\/wp-json\/wp\/v2\/types\/post"}],"author":[{"embeddable":true,"href":"https:\/\/www.amag-group.ch\/blog\/it\/wp-json\/wp\/v2\/users\/98"}],"replies":[{"embeddable":true,"href":"https:\/\/www.amag-group.ch\/blog\/it\/wp-json\/wp\/v2\/comments?post=29082"}],"version-history":[{"count":3,"href":"https:\/\/www.amag-group.ch\/blog\/it\/wp-json\/wp\/v2\/posts\/29082\/revisions"}],"predecessor-version":[{"id":29085,"href":"https:\/\/www.amag-group.ch\/blog\/it\/wp-json\/wp\/v2\/posts\/29082\/revisions\/29085"}],"wp:featuredmedia":[{"embeddable":true,"href":"https:\/\/www.amag-group.ch\/blog\/it\/wp-json\/wp\/v2\/media\/29053"}],"wp:attachment":[{"href":"https:\/\/www.amag-group.ch\/blog\/it\/wp-json\/wp\/v2\/media?parent=29082"}],"wp:term":[{"taxonomy":"category","embeddable":true,"href":"https:\/\/www.amag-group.ch\/blog\/it\/wp-json\/wp\/v2\/categories?post=29082"},{"taxonomy":"post_tag","embeddable":true,"href":"https:\/\/www.amag-group.ch\/blog\/it\/wp-json\/wp\/v2\/tags?post=29082"}],"curies":[{"name":"wp","href":"https:\/\/api.w.org\/{rel}","templated":true}]}}