{"id":26319,"date":"2022-03-08T10:29:28","date_gmt":"2022-03-08T09:29:28","guid":{"rendered":"https:\/\/www.amag-group.ch\/blog\/?p=26319"},"modified":"2022-03-08T11:17:27","modified_gmt":"2022-03-08T10:17:27","slug":"ecco-come-vivono-la-sostenibilita-i-collaboratori-e-le-collaboratrici-amag","status":"publish","type":"post","link":"https:\/\/www.amag-group.ch\/blog\/it\/ecco-come-vivono-la-sostenibilita-i-collaboratori-e-le-collaboratrici-amag\/","title":{"rendered":"Ecco come vivono la sostenibilit\u00e0 i collaboratori e le collaboratrici AMAG"},"content":{"rendered":"\n\n\n\n<div class=\"row\">\n\n  <div class=\"col-lg-5\">\n\n    <div class=\"about-person position-2 left-0\">\n\n      \n      <div class=\"text-holder\">\n\n        \n          <h3 class=\"h3\">Che cos\u2019\u00e8 la sostenibilit\u00e0? <\/h3>\n\n        \n        <p>Per sostenibilit\u00e0 si intende uno sviluppo che soddisfa le esigenze attuali senza privare le generazioni future dei mezzi di sussistenza. Spesso, nel linguaggio colloquiale, ad esso si ricollegano principalmente temi ecologici. Il concetto comprende tuttavia tre dimensioni: sostenibilit\u00e0 sociale, economica e ambientale.<\/p>\n\n      <\/div>\n\n    <\/div>\n\n  <\/div>\n\n  <div class=\"col-lg-7\">\n\n    <p>La sostenibilit\u00e0 \u00e8 un tema che sta molto a cuore non solo ad <span style=\"text-decoration: underline;\"><a href=\"https:\/\/www.amag-group.ch\/blog\/it\/entro-il-2025-il-gruppo-amag-sara-a-emissioni-zero\/\">AMAG come datore di lavoro<\/a><\/span>, ma anche a molti collaboratori e collaboratrici nella vita privata. Desideriamo rendere visibile questa passione, motivo per cui nei prossimi mesi condivideremo con voi i ritratti di collaboratori e collaboratrici particolarmente impegnati in questo ambito.<\/p>\n<h2><strong>La sostenibilit\u00e0 ha molte sfaccettature<\/strong><\/h2>\n<p>Sono considerati sostenibili non solo i collaboratori e le collaboratrici che piantano alberi e <span style=\"text-decoration: underline;\"><a href=\"https:\/\/www.amag-group.ch\/blog\/it\/amag-verso-una-mobilita-individuale-sostenibile\/\">guidano un\u2019auto elettrica<\/a><\/span> (anche se ovviamente questo \u00e8 fantastico),\u00a0<\/p>\n\n  <\/div>\n\n<\/div>\n\n\n\n  <div class=\"text-block\">\r\n    <p>ma anche tutti coloro che svolgono attivit\u00e0 di volontariato o investono il proprio denaro in progetti sostenibili. Ci sono molte opportunit\u00e0 per impegnarci a favore di una collaborazione sostenibile: nei prossimi mesi vi mostreremo quante sono qui e sul <span style=\"text-decoration: underline;\"><a href=\"http:\/\/www.instagram.com\/amag.group\">canale Instagram del gruppo AMAG<\/a><\/span>.<\/p>\n<h2><strong>Sette domande a Ina Walthert, Head of Group Sustainability di AMAG Group AG<\/strong><\/h2>\n<h3><strong>Ina, sei Head Group Sustainability di AMAG Group. Che cosa fai esattamente?<\/strong><\/h3>\n<p>Domanda legittima, visto che la funzione \u00e8 completamente nuova in AMAG. In qualit\u00e0 di Head Group Sustainability faccio parte del team Corporate Development. Nel mio ambito di competenza rientra l\u2019elaborazione di un principio di sostenibilit\u00e0 adeguato ad AMAG e l\u2019aiuto nella sua attuazione, dal punto di vista strategico e operativo.<\/p>\n  <\/div>\r\n\n\n<div class=\"text-and-apblock\">\r\n  <div class=\"row\">\r\n    <div class=\"col-lg-7\">\r\n                    <p>Attualmente stiamo lavorando intensamente alla creazione di processi e strutture per misurare i nostri progressi in futuro. A tal fine sono in contatto con tutte le business unit e quasi tutti i settori Corporate Services. E naturalmente in futuro si svolger\u00e0 un\u2019attivit\u00e0 regolare di comunicazione. Il primo rapporto di sostenibilit\u00e0 AMAG sar\u00e0 pubblicato in estate.<\/p>\n<h3><strong>Che cosa ti piace di pi\u00f9 del tuo lavoro?<\/strong><\/h3>\n<p>Amo il clima di lavoro positivo e cordiale, la forte volont\u00e0 e il sostegno per il mio ambito tematico nonch\u00e9 la possibilit\u00e0 di collaborare con molte persone diverse sulle questioni pi\u00f9 disparate. Questo mi ispira molto e d\u00e0 vita al concetto, di per s\u00e9 molto astratto, di \u00absostenibilit\u00e0\u00bb per AMAG. Allo stesso tempo, mi piace molto anche il lavoro di definizione delle basi e di sviluppo. \u00c8 emozionante vedere che c\u2019\u00e8 ancora molto da strutturare e da avviare.<\/p>\n<h3><strong>Qual \u00e8 stato il tuo percorso professionale finora?<\/strong><\/h3>\n<p>In realt\u00e0, all\u2019inizio volevo diventare una giornalista economica. Anzich\u00e9 giornalismo, ho studiato economia e, durante lo studio, ho scoperto la mia passione per l\u2019etica, la filosofia e lo sviluppo aziendale. Grazie al sostegno del mio professore, al termine degli studi ho ottenuto una borsa di studio per un dottorato in ricerca etica interdisciplinare.<\/p>\n          <\/div>\r\n    <div class=\"col-lg-5\">\r\n      <div class=\"about-person position-1\">\r\n                  <figure><img decoding=\"async\" data-src=\"https:\/\/www.amag-group.ch\/blog\/wp-content\/uploads\/2022\/03\/so-nachhaltig-leben-die-amag-mitarbeitenden-blog-amag-group.jpg\" src=\"#\" alt=\"Ecco come vivono la sostenibilit\u00e0 i collaboratori e le collaboratrici AMAG - Blog der AMAG Group AG 1\" loading=\"lazy\" class=\"lazyload\"><\/figure>\r\n                <div class=\"text-holder\">\r\n                      <h3 class=\"h3\">Su Ina<\/h3>\r\n                                            <p>\r\n                                                                              <strong>Nome:<\/strong>                 Ina Maria Walthert                                                                               <br>                 <strong>Funzione:<\/strong>                 Head of Group Sustainability                                                                               <br>                 <strong>Presso AMAG da:<\/strong>                 1\u00b0 novembre 2021                                                                               <br>                 <strong>Famiglia:<\/strong>                 sposata, due figli (6 e 7 anni)                                                                                <br>                 <strong>Hobby:<\/strong>                 il nostro giardino, la mia vecchia bici da corsa BMC e provare sempre qualcosa di nuovo.                                          <\/p>\r\n                  <\/div>\r\n      <\/div>\r\n    <\/div>\r\n  <\/div>\r\n<\/div>\r\n\n\n  <div class=\"text-block\">\r\n    <p>Ma poi mi sono presa una pausa dalla scienza e sono passata a un\u2019azienda di consulenza specializzata in sostenibilit\u00e0. Dopo un\u2019altra tappa in ambito scientifico e nella gestione della qualit\u00e0 in una scuola universitaria professionale, sono molto felice di essere ora in AMAG.<\/p>\n<h3><strong>Sino a oggi l\u2019industria automobilistica non \u00e8 certo stata percepita come il settore pi\u00f9 sostenibile. Cosa ti stimola a mettere a frutto le tue competenze nell\u2019industria automobilistica in generale e presso AMAG nello specifico?<\/strong><\/h3>\n<p>La mobilit\u00e0 mi ha sempre affascinata perch\u00e9 coinvolge tanti ambiti della vita e tematiche diverse: abitudini di consumo, pianificazione del territorio, modelli di lavoro, progresso tecnologico, digitalizzazione e ora sempre pi\u00f9 l\u2019energia. Naturalmente ci sono anche altri settori interessanti ed \u00e8 fantastico che vi siano anche aziende gi\u00e0 sostenibili, ma in questi settori occorrono competenze diverse. Preferisco lavorare per un settore in cui posso contribuire a cambiare le cose. \u00c8 questo il mio punto di forza.<\/p>\n<p>Quello che mi affascina di AMAG \u00e8 la volont\u00e0, che trovo ovunque, di plasmare la mobilit\u00e0 della Svizzera in modo nuovo, in linea con le esigenze e sostenibile. Dopo tutto, abbiamo un\u2019influenza reale come AMAG, questo \u00e8 un fattore motivante.<\/p>\n<h3><strong>La sostenibilit\u00e0 non consiste solo nella componente ambientale, ma anche in quella sociale ed economica. Dove interviene maggiormente AMAG?<\/strong><\/h3>\n<p>\u00c8 vero, ed \u00e8 per questo che il principio di sostenibilit\u00e0 di AMAG comprende anche tutti e tre gli ambiti di responsabilit\u00e0:<\/p>\n<p>con il programma interno \u00abAMAG Fairplay\u00bb guardiamo al livello economico, che garantisce la nostra \u00abLicense to operate\u00bb e il nostro successo economico anche in futuro. Tra questi rientrano temi come la governance, la compliance, ma anche una buona gestione dei rischi e importanti requisiti per la nostra gestione della sicurezza e della salute.<\/p>\n  <\/div>\r\n\n\n<div class=\"text-with-post\">\r\n  <div class=\"row\">\r\n    <div class=\"col-lg-7\">\r\n              <p>Con \u00abAMAG Engage\u00bb affrontiamo tutti i temi sociali che sono da sempre stati e che sono tuttora importanti per noi di AMAG. Come il nostro grande impegno nella formazione e nel perfezionamento, un approccio reciproco sui valori e il nostro impegno sociale.<\/p>\n<p>E \u00abAMAG Net Zero\u00bb \u00e8 tutto all\u2019insegna della nostra responsabilit\u00e0 ecologica. In quest\u2019ambito noi di AMAG esercitiamo l\u2019influenza maggiore sullo sviluppo sostenibile. <span style=\"text-decoration: underline;\"><a href=\"https:\/\/www.amag-group.ch\/blog\/it\/entro-il-2025-il-gruppo-amag-sara-a-emissioni-zero\/\">Il nostro obiettivo \u00e8 raggiungere un\u2019impronta ecologica a impatto zero entro il 2040<\/a><\/span>. In tutti e tre i settori abbiamo ancora molto lavoro da svolgere, ma la volont\u00e0 di fare qualcosa \u00e8 palpabile ovunque, il che \u00e8 fantastico.<\/p>\n          <\/div>\r\n    <div class=\"col-lg-5 col-xl-4\">\r\n      <div class=\"wrapper-right\">\r\n                <figure class=\"post\">\n  <a href=\"https:\/\/www.amag-group.ch\/blog\/it\/amag-verso-una-mobilita-individuale-sostenibile\/\" class=\"img\">\n                <img decoding=\"async\" class=\"lazyload\" src=\"#\" data-src=\"https:\/\/www.amag-group.ch\/blog\/wp-content\/uploads\/2022\/01\/die-amag-auf-dem-weg-zu-nachhaltiger-individueller-mobilitaet-blog-amag-group.jpg\" alt=\"AMAG verso una mobilit\u00e0 individuale sostenibile - Blog der AMAG Group AG\">\n      <\/a>\n  <figcaption>\n    <div class=\"wrap-text\">\n      <ul class=\"post-info\">\n        <li><a href=\"https:\/\/www.amag-group.ch\/blog\/it\/author\/dino\/\">Dino Graf<\/a><\/li>\n        <li>venerd\u00ec, 28. Gennaio 2022<\/li>\n      <\/ul>\n      <h3><a href=\"https:\/\/www.amag-group.ch\/blog\/it\/amag-verso-una-mobilita-individuale-sostenibile\/\">AMAG verso una mobilit\u00e0 individuale sostenibile<\/a><\/h3>\n            <p><a href=\"https:\/\/www.amag-group.ch\/blog\/it\/amag-verso-una-mobilita-individuale-sostenibile\/\">&#8230;<\/a><\/p>\n    <\/div>\n    <div class=\"bottom\">\n                    <ul class=\"cat-links\">\n          <li><a href=\"https:\/\/www.amag-group.ch\/blog\/it\/category\/mobilita\/soluzioni-del-futuro\/\">Soluzioni del futuro<\/a><\/li>        <\/ul>\n            <ul class=\"info-icons\">\n        <li>\n          <div class=\"icon-holder\">\n            <img decoding=\"async\" data-src=\"https:\/\/www.amag-group.ch\/blog\/wp-content\/themes\/autoblog-v2\/images\/icon-00001.svg\" src=\"#\" alt=\"image description\" loading=\"lazy\" class=\"lazyload\">\n          <\/div>0        <\/li>\n                  <li>\n            <div class=\"icon-holder\">\n              <img decoding=\"async\" data-src=\"https:\/\/www.amag-group.ch\/blog\/wp-content\/themes\/autoblog-v2\/images\/icon-00002.svg\" src=\"#\" alt=\"image description\" loading=\"lazy\" class=\"lazyload\">\n            <\/div>3015          <\/li>\n                <li>\n          <div class=\"share-block\">\r\n  <div class=\"icon-holder\"><img decoding=\"async\" data-src=\"https:\/\/www.amag-group.ch\/blog\/wp-content\/themes\/autoblog-v2\/images\/icon-00003.svg\" src=\"#\" alt=\"image description\" loading=\"lazy\" class=\"svg-html lazyload\"><\/div>\r\n  <div class=\"share-icons-wrapper\">\r\n    <ul class=\"share-icons\">\r\n       \r\n      <li><a href=\"https:\/\/wa.me\/?text=https:\/\/www.amag-group.ch\/blog\/it\/amag-verso-una-mobilita-individuale-sostenibile\/\" target=\"_blank\"><i class=\"fab fa-whatsapp\"><\/i><\/a><\/li>\r\n      <li><a href=\"http:\/\/www.facebook.com\/sharer.php?u=https:\/\/www.amag-group.ch\/blog\/it\/amag-verso-una-mobilita-individuale-sostenibile\/\" target=\"_blank\"><i class=\"fab fa-facebook-f\"><\/i><\/a><\/li>\r\n      <li><a href=\"http:\/\/www.linkedin.com\/shareArticle?mini=true&amp;url=https:\/\/www.amag-group.ch\/blog\/it\/amag-verso-una-mobilita-individuale-sostenibile\/\" target=\"_blank\"><i class=\"fab fa-linkedin-in\"><\/i><\/a><\/li>\r\n      <li><a href=\"http:\/\/twitter.com\/share?url=https:\/\/www.amag-group.ch\/blog\/it\/amag-verso-una-mobilita-individuale-sostenibile\/&amp;text=AMAG+verso+una+mobilit%C3%A0+individuale+sostenibile\" target=\"_blank\"><i class=\"fab fa-twitter\"><\/i><\/a><\/li>\r\n      <!-- <li><a href=\"#\" target=\"_blank\"><i class=\"fab fa-instagram\"><\/i><\/a><\/li> -->\r\n                    <li><a href=\"http:\/\/pinterest.com\/pin\/create\/button\/?url=https%3A%2F%2Fwww.amag-group.ch%2Fblog%2Fit%2Famag-verso-una-mobilita-individuale-sostenibile%2F&#038;media=https%3A%2F%2Fwww.amag-group.ch%2Fblog%2Fwp-content%2Fuploads%2F2022%2F01%2Fdie-amag-auf-dem-weg-zu-nachhaltiger-individueller-mobilitaet-blog-amag-group.jpg&#038;description=AMAG verso una mobilit\u00e0 individuale sostenibile\" class=\"pin-it-button\" count-layout=\"horizontal\"  target=\"_blank\"><span class=\"fab fa-pinterest-p\"><\/span><\/a><\/li>\r\n            <li><a class=\"link-copy\" href=\"https:\/\/www.amag-group.ch\/blog\/it\/amag-verso-una-mobilita-individuale-sostenibile\/\" target=\"_blank\"><i class=\"far fa-clone\"><\/i><\/a><\/li>\r\n    <\/ul>\r\n  <\/div>\r\n<\/div>        <\/li>\n      <\/ul>\n    <\/div>\n  <\/figcaption>\n<\/figure>      <\/div>\r\n    <\/div>\r\n  <\/div>\r\n<\/div>\r\n\n\n  <div class=\"text-block\">\r\n    <h3><strong>Anche nella vita privata ti impegni per la sostenibilit\u00e0?<\/strong><\/h3>\n<p>Ognuno di noi \u00e8 padrone della gestione dei propri consumi. Cerco sempre di mettere in discussione le mie abitudini di consumo, ma anche quelle della nostra famiglia. Mi concentro particolarmente sugli alimenti, che cerco sempre di acquistare a livello regionale e stagionale, possibilmente evitando la carne, e sull\u2019abbigliamento, per cui applico il motto \u00abmeno \u00e8, meglio \u00e8\u00bb come principio fisso. Abbiamo anche provato stili di vita senza plastica e vegani, anche se sul lungo termine non ci \u00e8 riuscito, con due bambini piccoli, ma ci stiamo lavorando. E nella nostra cittadina faccio volontariato presso la scuola e in una fondazione culturale.<\/p>\n<h3><strong>Cosa consigli ai collaboratori e alle collaboratrici interessati alla sostenibilit\u00e0, ma che non si impegnano ancora attivamente in tal senso?<\/strong><\/h3>\n<p>Iniziare dal piccolo e mettere in discussione i propri modelli comportamentali. Ci si pu\u00f2 orientare bene in base alle 5 R: Reuse, Reduce, Refuse, Rethink e Recycle e introdurre i primi piccoli cambiamenti comportamentali nella quotidianit\u00e0. Magari azzardare un esperimento, come un mese senza carne e formaggio, o provare a non comprare vestiti nuovi consapevolmente per un certo periodo di tempo. Nel frattempo, esistono ottimi blog e siti web che possono essere utilizzati come fonte di ispirazione.<\/p>\n  <\/div>\r\n","protected":false},"excerpt":{"rendered":"","protected":false},"author":94,"featured_media":26313,"comment_status":"open","ping_status":"open","sticky":false,"template":"","format":"standard","meta":{"_acf_changed":false,"inline_featured_image":false,"footnotes":""},"categories":[9595],"tags":[],"class_list":["post-26319","post","type-post","status-publish","format-standard","has-post-thumbnail","hentry","category-lavorare-presso-amag"],"acf":[],"_links":{"self":[{"href":"https:\/\/www.amag-group.ch\/blog\/it\/wp-json\/wp\/v2\/posts\/26319","targetHints":{"allow":["GET"]}}],"collection":[{"href":"https:\/\/www.amag-group.ch\/blog\/it\/wp-json\/wp\/v2\/posts"}],"about":[{"href":"https:\/\/www.amag-group.ch\/blog\/it\/wp-json\/wp\/v2\/types\/post"}],"author":[{"embeddable":true,"href":"https:\/\/www.amag-group.ch\/blog\/it\/wp-json\/wp\/v2\/users\/94"}],"replies":[{"embeddable":true,"href":"https:\/\/www.amag-group.ch\/blog\/it\/wp-json\/wp\/v2\/comments?post=26319"}],"version-history":[{"count":2,"href":"https:\/\/www.amag-group.ch\/blog\/it\/wp-json\/wp\/v2\/posts\/26319\/revisions"}],"predecessor-version":[{"id":26341,"href":"https:\/\/www.amag-group.ch\/blog\/it\/wp-json\/wp\/v2\/posts\/26319\/revisions\/26341"}],"wp:featuredmedia":[{"embeddable":true,"href":"https:\/\/www.amag-group.ch\/blog\/it\/wp-json\/wp\/v2\/media\/26313"}],"wp:attachment":[{"href":"https:\/\/www.amag-group.ch\/blog\/it\/wp-json\/wp\/v2\/media?parent=26319"}],"wp:term":[{"taxonomy":"category","embeddable":true,"href":"https:\/\/www.amag-group.ch\/blog\/it\/wp-json\/wp\/v2\/categories?post=26319"},{"taxonomy":"post_tag","embeddable":true,"href":"https:\/\/www.amag-group.ch\/blog\/it\/wp-json\/wp\/v2\/tags?post=26319"}],"curies":[{"name":"wp","href":"https:\/\/api.w.org\/{rel}","templated":true}]}}