{"id":23155,"date":"2021-08-09T08:21:53","date_gmt":"2021-08-09T06:21:53","guid":{"rendered":"https:\/\/www.amag-group.ch\/blog\/?p=23155"},"modified":"2021-08-09T08:21:53","modified_gmt":"2021-08-09T06:21:53","slug":"luomo-non-e-del-tutto-un-essere-razionale","status":"publish","type":"post","link":"https:\/\/www.amag-group.ch\/blog\/it\/luomo-non-e-del-tutto-un-essere-razionale\/","title":{"rendered":"\u00abL\u2019uomo non \u00e8 del tutto un essere razionale\u00bb"},"content":{"rendered":"<h3>Tobias, che ruolo svolgi nell\u2019Innovation LAB?<\/h3>\n<p>Sono un Business Development Manager. Assieme ad un team di colleghi ci occupiamo dell\u2019elaborazione e della messa in pratica di modelli aziendali. Tutto il processo di basa sui trend e sulle idee che troviamo, per esempio, tramite lo scouting sul mercato. Tra questi rientrano, tra le altre cose, la formulazione e la messa alla prova delle ipotesi, lo sviluppo e la validazione dei prototipi o l\u2019analisi delle customer journey.<\/p>\n<div id=\"attachment_23146\" style=\"width: 424px\" class=\"wp-caption alignright\"><a class=\"fancybox-link\" href=\"https:\/\/www.amag-group.ch\/blog\/wp-content\/uploads\/2021\/08\/LAB_Tobias.jpg\"><img decoding=\"async\" aria-describedby=\"caption-attachment-23146\" class=\"size-medium wp-image-23146\" src=\"https:\/\/www.amag-group.ch\/blog\/wp-content\/uploads\/2021\/08\/LAB_Tobias-414x414.jpg\" alt=\"\" width=\"414\" height=\"414\" srcset=\"https:\/\/www.amag-group.ch\/blog\/wp-content\/uploads\/2021\/08\/LAB_Tobias-414x414.jpg 414w, https:\/\/www.amag-group.ch\/blog\/wp-content\/uploads\/2021\/08\/LAB_Tobias-768x768.jpg 768w, https:\/\/www.amag-group.ch\/blog\/wp-content\/uploads\/2021\/08\/LAB_Tobias.jpg 1000w\" sizes=\"(max-width: 414px) 100vw, 414px\" \/><\/a><p id=\"caption-attachment-23146\" class=\"wp-caption-text\">Tobias Mirsch, Business Development Manager, AMAG Innovation &amp; Venture LAB<\/p><\/div>\n<h3>Di quali progetti innovativi ti stai occupando al momento?<\/h3>\n<p>Ce ne sono diversi. Un progetto che trovo davvero interessante \u00e8 il \u00abParkour\u00bb. La domanda che ci poniamo \u00e8 la seguente: come possiamo utilizzare in futuro gli autosili, se verranno utilizzati meno o in modo diverso, a causa degli sviluppi inerenti ai trasporti e alla politica ambientale? Tutto a un tratto ci occupiamo di questioni a cui nessuno aveva mai pensato prima.<\/p>\n<h3>In che senso?<\/h3>\n<p>Per dirla tutta, prima di questo progetto, non mi ero mai posto la domanda su quanto il rivestimento di un pavimento fosse resistente all\u2019abrasione. Questa \u00e8 invece una delle domande che \u00e8 sorta durante le riflessioni sulla riconversione degli autosili. Per fare un esempio, gli pneumatici gonfiati con l\u2019aria sono meno abrasivi rispetto ai rulli in poliuretano o nylon. Visto in questo modo, gli pneumatici di un veicolo hanno una forte influenza sull\u2019usura del manto stradale di un autosilo, sulle possibilit\u00e0 di utilizzo e sui costi. Durante il mio apprendistato non avrei mai pensato di dovermi occupare di argomenti di questo genere.<\/p>\n<h3>Ce lo possiamo immaginare. Da quale ambito di studi provieni?<\/h3>\n<p>I miei studi sono stati incentrati sulle Business Information. Si tratta di una combinazione di Business Studies, Performance Marketing, Web Research e ottimizzazione per i motori di ricerca. Lo studio ha un\u2019impronta tecnica, anche se la parte fondamentale \u00e8 costituita da studi di economia, con particolare riguardo al mondo digitale. Successivamente mi sono occupato di marketing e in questa occasione ho svolto alcuni progetti nell\u2019industria automobilistica. Il mio trasferimento in Svizzera \u00e8 dovuto ad un programma di tirocinio presso Fiat Chrysler Automobiles. Infine ho avuto la possibilit\u00e0 di svolgere un dottorato presso l\u2019Istituto di informatica aziendale di San Gallo, che ho portato a termine a febbraio 2019 con una tesi sul tema Omnichannel Management e Digital Nudging.<\/p>\n","protected":false},"excerpt":{"rendered":"<p>Tobias Mirsch \u00e8 entrato a far parte dell\u2019AMAG Innovation &#038; Venture LAB a gennaio del 2021. Per essere precisi, \u00e8 entrato a fare parte del team solo due settimane prima che l\u2019Amministrazione federale introducesse l\u2019obbligo di lavoro da remoto. Quando si \u00e8 costretti a conoscere i nuovi colleghi su Teams o mentre si indossa una mascherina, sicuramente non \u00e8 molto facile abituarsi a una nuova realt\u00e0 lavorativa. Ciononostante, in questi sei mesi Tobias si \u00e8 integrato molto bene e, anzi, ha potuto applicare al suo lavoro le conoscenze che ha acquisito durante il dottorato. Assieme a Tobias parleremo del progetto \u00abParkour\u00bb e dell\u2019argomento \u00abDigital Nudging\u00bb.<\/p>\n","protected":false},"author":83,"featured_media":23151,"comment_status":"open","ping_status":"open","sticky":true,"template":"","format":"standard","meta":{"_acf_changed":false,"inline_featured_image":false,"footnotes":""},"categories":[2202],"tags":[],"class_list":["post-23155","post","type-post","status-publish","format-standard","has-post-thumbnail","hentry","category-lavoro-e-carriera"],"acf":[],"_links":{"self":[{"href":"https:\/\/www.amag-group.ch\/blog\/it\/wp-json\/wp\/v2\/posts\/23155","targetHints":{"allow":["GET"]}}],"collection":[{"href":"https:\/\/www.amag-group.ch\/blog\/it\/wp-json\/wp\/v2\/posts"}],"about":[{"href":"https:\/\/www.amag-group.ch\/blog\/it\/wp-json\/wp\/v2\/types\/post"}],"author":[{"embeddable":true,"href":"https:\/\/www.amag-group.ch\/blog\/it\/wp-json\/wp\/v2\/users\/83"}],"replies":[{"embeddable":true,"href":"https:\/\/www.amag-group.ch\/blog\/it\/wp-json\/wp\/v2\/comments?post=23155"}],"version-history":[{"count":0,"href":"https:\/\/www.amag-group.ch\/blog\/it\/wp-json\/wp\/v2\/posts\/23155\/revisions"}],"wp:featuredmedia":[{"embeddable":true,"href":"https:\/\/www.amag-group.ch\/blog\/it\/wp-json\/wp\/v2\/media\/23151"}],"wp:attachment":[{"href":"https:\/\/www.amag-group.ch\/blog\/it\/wp-json\/wp\/v2\/media?parent=23155"}],"wp:term":[{"taxonomy":"category","embeddable":true,"href":"https:\/\/www.amag-group.ch\/blog\/it\/wp-json\/wp\/v2\/categories?post=23155"},{"taxonomy":"post_tag","embeddable":true,"href":"https:\/\/www.amag-group.ch\/blog\/it\/wp-json\/wp\/v2\/tags?post=23155"}],"curies":[{"name":"wp","href":"https:\/\/api.w.org\/{rel}","templated":true}]}}