{"id":21053,"date":"2020-12-11T14:53:43","date_gmt":"2020-12-11T13:53:43","guid":{"rendered":"https:\/\/www.amag-group.ch\/blog\/?p=21053"},"modified":"2020-12-11T14:53:43","modified_gmt":"2020-12-11T13:53:43","slug":"il-superiore-moderno-come-si-dirige-al-giorno-doggi","status":"publish","type":"post","link":"https:\/\/www.amag-group.ch\/blog\/it\/il-superiore-moderno-come-si-dirige-al-giorno-doggi\/","title":{"rendered":"Il superiore moderno: come si dirige al giorno d\u2019oggi?"},"content":{"rendered":"<p>Quattro dirigenti AMAG hanno spiegato a Nicole Jans, responsabile HR Development, come percepiscono il proprio ruolo di dirigente, gli aspetti che ritengono pi\u00f9 importanti in tema di gestione e quale esperienza vorrebbero poter trasmettere agli altri superiori. Un miscuglio di risposte interessanti e istruttive e uno sguardo sul mondo della leadership moderna.<\/p>\n<h2><strong><a class=\"fancybox-link\" href=\"https:\/\/www.amag-group.ch\/blog\/wp-content\/uploads\/2020\/12\/Luca-Hufschmid.jpg\"><img decoding=\"async\" class=\"alignleft size-medium wp-image-21041\" src=\"https:\/\/www.amag-group.ch\/blog\/wp-content\/uploads\/2020\/12\/Luca-Hufschmid-414x414.jpg\" alt=\"\" width=\"414\" height=\"414\" srcset=\"https:\/\/www.amag-group.ch\/blog\/wp-content\/uploads\/2020\/12\/Luca-Hufschmid-414x414.jpg 414w, https:\/\/www.amag-group.ch\/blog\/wp-content\/uploads\/2020\/12\/Luca-Hufschmid.jpg 483w\" sizes=\"(max-width: 414px) 100vw, 414px\" \/><\/a>Luca Hufschmid, Manager Pricing<br \/>\n<\/strong><em>\u00abDesidero vedere maggiormente sotto i riflettori i miei collaboratori piuttosto che me stesso\u00bb<\/em><\/h2>\n<h3><strong>Luca, perch\u00e9 sei diventato dirigente?<\/strong><\/h3>\n<p>La gestione ha sempre esercitato su di me un grande fascino. Mi piacciono le persone e ho una grande empatia che mi permette di mettermi al loro posto e comprenderne le esigenze. Principalmente ero attratto dalla sfida di poter stimolare e promuovere gli altri collaboratori. Poter migliorare il mio team giorno dopo giorno \u00e8 una mia esigenza personale, cos\u00ec come riuscire a portare alla luce il pieno potenziale dei miei collaboratori. Per raggiungere questo obiettivo cerco di fare le cose giuste nel modo giusto, imparando insieme dagli errori. Quando finalmente a luglio 2018 ho avuto l\u2019occasione di ricoprire un incarico dirigenziale ho accolto questa sfida con grande piacere, una scelta di cui fino ad oggi non mi sono mai pentito.<\/p>\n<h3><strong>Quali sono per te le sfide principali nella gestione?<\/strong><\/h3>\n<p>Per me \u00e8 stato prezioso il fatto di essere stato prima collaboratore e in seguito dirigente nello stesso settore. Ho dovuto imparare a darmi dei limiti, a capire il mio nuovo ruolo e a definirlo. Non avendo praticamente nessuna esperienza dirigenziale pregressa, ho cercato dei mentori che mi potessero aiutare in questa mia crescita.<\/p>\n<p>La nuova gestione a distanza \u00e8 qualcosa di molto difficile per me. Durante il lockdown causato dal coronavirus ho compreso la portata dello sforzo per la pianificazione e la concertazione all\u2019interno di un team. A causa della distanza fisica introdotta dal lavoro da remoto, la comunicazione ha assunto un ruolo ancora pi\u00f9 importante, soprattutto quando si tratta di mantenere il contatto con i collaboratori. A tal fine \u00e8 sicuramente fondamentale un sistema di feedback diretto e trasparente.<\/p>\n<p><span style=\"text-decoration: underline;\"><a href=\"https:\/\/www.linkedin.com\/pulse\/ich-m\u00f6chte-vermehrt-meine-mitarbeitenden-und-weniger-person-jans\/\">Vai all\u2019intera intervista su LinkedIn<\/a><\/span> (Tedesco)<\/p>\n<hr \/>\n<h2><strong>Franziska Schmidt, Teamleader Marketing Communication<a class=\"fancybox-link\" href=\"https:\/\/www.amag-group.ch\/blog\/wp-content\/uploads\/2020\/12\/Franziska-Schmidt.jpg\"><img decoding=\"async\" class=\"alignright size-full wp-image-21038\" src=\"https:\/\/www.amag-group.ch\/blog\/wp-content\/uploads\/2020\/12\/Franziska-Schmidt.jpg\" alt=\"\" width=\"352\" height=\"352\" \/><\/a> Audi<br \/>\n<\/strong><em>\u00abInsieme al mio team voglio azionare la freccia e mettere in strada i cavalli\u00bb<\/em><\/h2>\n<h3><strong>Come vivi in qualit\u00e0 di dirigente donna il settore automobilistico ancora tanto caratterizzato da uno stampo prettamente maschile? Ci sono delle sfide particolari?<\/strong><\/h3>\n<p>Effettivamente non \u00e8 sempre facile (sorride). Sicuramente aiuta molto avere pelo sullo stomaco e garantirsi un\u2019accettazione basata sulle competenze e le conoscenze tecniche. Personalmente, trovo che ci siano molti vantaggi in questa diversit\u00e0 che \u00e8 venuta a crearsi. Le donne hanno spesso un\u2019altra visione delle cose, portano nuove prospettive e aspetti aggiuntivi, per non parlare di un tocco di sensibilit\u00e0 in pi\u00f9 di tanto in tanto. Vorrei che in AMAG ci fossero pi\u00f9 colleghe donne a ricoprire posizioni dirigenziali.<\/p>\n<h3><strong>Cosa vorresti trasmettere ai futuri dirigenti sulla base della tua esperienza?<\/strong><\/h3>\n<p>Ritengo che sia estremamente importante coltivare un solido spirito di squadra e soprattutto concepire un posto di lavoro che sia piacevole: il team deve poter collaborare volentieri con te. Di una cosa sono certa: solo chi ha un fuoco dentro pu\u00f2 accendere la scintilla negli altri. Una comunicazione aperta e trasparente, la stima nei confronti dei collaboratori e la disponibilit\u00e0 ad agire anche in operativo quando serve: questi sono per me gli ingredienti semplici, ma fondamentali, di una gestione ben riuscita. \u00c8 altres\u00ec importante imparare a delegare e trovare un equilibrio tra quello che puoi fare da solo e quello che puoi affidare agli altri. Soprattutto quando, come \u00e8 successo a me, ti elevi dal team per assumere un ruolo dirigenziale.<\/p>\n<p><span style=\"text-decoration: underline;\"><a href=\"https:\/\/www.linkedin.com\/pulse\/ich-m%C3%B6chte-mit-meinem-team-den-blinker-setzen-und-die-nicole-jans\/?trackingId=RcNY6+8Odyn5FeH3\/sxGkQ==\">Vai all\u2019intera intervista su LinkedIn<\/a><\/span> (Tedesco)<\/p>\n<hr \/>\n<h2><strong><a class=\"fancybox-link\" href=\"https:\/\/www.amag-group.ch\/blog\/wp-content\/uploads\/2020\/12\/Michael-Ballistreri.jpg\"><img decoding=\"async\" class=\"alignleft size-medium wp-image-21035\" src=\"https:\/\/www.amag-group.ch\/blog\/wp-content\/uploads\/2020\/12\/Michael-Ballistreri-414x414.jpg\" alt=\"\" width=\"414\" height=\"414\" srcset=\"https:\/\/www.amag-group.ch\/blog\/wp-content\/uploads\/2020\/12\/Michael-Ballistreri-414x414.jpg 414w, https:\/\/www.amag-group.ch\/blog\/wp-content\/uploads\/2020\/12\/Michael-Ballistreri.jpg 536w\" sizes=\"(max-width: 414px) 100vw, 414px\" \/><\/a>Michel Ballistreri, Head of Business Growth da AMAG<br \/>\n<\/strong><em>\u00abHai sempre i collaboratori che ti meriti\u00bb<\/em><\/h2>\n<h3><strong>Qual \u00e8 il significato della gestione di questi tempi, Michael?<\/strong><\/h3>\n<p>Gestione per me significa innanzitutto saper governare se stessi. Questo vuol dire essere consapevoli dei propri punti di forza e dei propri limiti e riflettere regolarmente su se stessi, soprattutto quando non si raggiungono i successi sperati. Gestire comporta anche saper indicare ai collaboratori una strada per spianare loro la via verso il successo.<\/p>\n<h3><strong>Quali sono le principali sfide che i dirigenti si trovano ad affrontare oggigiorno?<\/strong><\/h3>\n<p>Una delle principali sfide \u00e8 certamente rappresentata dal mondo VUCA (acronimo di: volatilit\u00e0 [volatility], insicurezza [uncertainty], complessit\u00e0 [complexity] e ambiguit\u00e0 [ambiguity]) in cui viviamo. Per affrontare questa sfida ci vuole un \u00abGrowth Mindset\u00bb completo di tutte le abilit\u00e0 necessarie, come il coraggio di provare le cose, di correre dei rischi e di saltare anche in assenza di una rete di sicurezza. Purtroppo mi capita sempre pi\u00f9 spesso di vedere come le persone si blocchino di fronte ai cambiamenti per paura o insicurezza, impedendo cos\u00ec di fatto ogni innovazione e progresso.<\/p>\n<p><span style=\"text-decoration: underline;\"><a href=\"https:\/\/www.linkedin.com\/pulse\/man-hat-immer-die-mitarbeitenden-verdient-nicole-jans\/?trackingId=5SwEiBwuS36KM+u84yu5jA==\">Vai all\u2019intera intervista su LinkedIn<\/a> <\/span>(Tedesco)<\/p>\n<hr \/>\n<h2><strong><a class=\"fancybox-link\" href=\"https:\/\/www.amag-group.ch\/blog\/wp-content\/uploads\/2020\/12\/Veprim-Haliti.jpg\"><img decoding=\"async\" class=\"size-full wp-image-21047 alignright\" src=\"https:\/\/www.amag-group.ch\/blog\/wp-content\/uploads\/2020\/12\/Veprim-Haliti.jpg\" alt=\"\" width=\"301\" height=\"301\" \/><\/a>Veprim Haliti, <\/strong><strong>Direttore AMAG Pratteln, Liestal e Rheinfelden<br \/>\n<\/strong><em>\u00abUn dirigente \u00e8 bravo tanto quanto lo possono essere i suoi collaboratori\u00bb<\/em><\/h2>\n<h3><strong>Perch\u00e9 hai scelto il lavoro di dirigente?<\/strong><\/h3>\n<p>Le ragioni della mia scelta sono principalmente tre: volevo sapere se le mie idee e i miei concetti gestionali teorici potessero funzionare anche nella pratica, sono sempre stato affascinato dai numeri e volevo affrontare la sfida di raggiungere i risultati desiderati insieme ad altre persone e infine sono una persona a cui piace andare avanti e muovere le cose. Tutte queste sono caratteristiche che trovano espressione in un ruolo dirigenziale.<\/p>\n<h3><strong>Ti ispiri a qualcuno?<\/strong><\/h3>\n<p>No, in realt\u00e0 non mi ispiro a nessuno in particolare. Ascolto spesso podcast o TED Talks su temi gestionali e apprezzo molto gli spunti e i concetti di Simon Sinek. Inoltre, durante il periodo in cui sono stato project manager ho avuto modo di osservare diversi stili gestionali, tra cui anche alcuni esempi poco edificanti che ho capito di non voler mai seguire.<\/p>\n<p><span style=\"text-decoration: underline;\"><a href=\"https:\/\/www.linkedin.com\/pulse\/als-f%25C3%25BChrungsperson-bist-du-nur-so-gut-wie-deine-nicole-jans\/?trackingId=kwxky%2FM4Q4cCPuq0Vz%2FpKw%3D%3D\">Vai all\u2019intera intervista su LinkedIn<\/a><\/span> (Tedesco)<\/p>\n","protected":false},"excerpt":{"rendered":"<p>L\u2019idea di gestione \u00e8 cambiata radicalmente negli ultimi anni. Eravamo curiosi di sapere come i dirigenti AMAG percepiscono il proprio ruolo e glielo abbiamo chiesto. Ecco la panoramica dei principali risultati che abbiamo ottenuto.<\/p>\n","protected":false},"author":72,"featured_media":21046,"comment_status":"open","ping_status":"open","sticky":false,"template":"","format":"standard","meta":{"_acf_changed":false,"inline_featured_image":false,"footnotes":""},"categories":[2202],"tags":[],"class_list":["post-21053","post","type-post","status-publish","format-standard","has-post-thumbnail","hentry","category-lavoro-e-carriera"],"acf":[],"_links":{"self":[{"href":"https:\/\/www.amag-group.ch\/blog\/it\/wp-json\/wp\/v2\/posts\/21053","targetHints":{"allow":["GET"]}}],"collection":[{"href":"https:\/\/www.amag-group.ch\/blog\/it\/wp-json\/wp\/v2\/posts"}],"about":[{"href":"https:\/\/www.amag-group.ch\/blog\/it\/wp-json\/wp\/v2\/types\/post"}],"author":[{"embeddable":true,"href":"https:\/\/www.amag-group.ch\/blog\/it\/wp-json\/wp\/v2\/users\/72"}],"replies":[{"embeddable":true,"href":"https:\/\/www.amag-group.ch\/blog\/it\/wp-json\/wp\/v2\/comments?post=21053"}],"version-history":[{"count":0,"href":"https:\/\/www.amag-group.ch\/blog\/it\/wp-json\/wp\/v2\/posts\/21053\/revisions"}],"wp:featuredmedia":[{"embeddable":true,"href":"https:\/\/www.amag-group.ch\/blog\/it\/wp-json\/wp\/v2\/media\/21046"}],"wp:attachment":[{"href":"https:\/\/www.amag-group.ch\/blog\/it\/wp-json\/wp\/v2\/media?parent=21053"}],"wp:term":[{"taxonomy":"category","embeddable":true,"href":"https:\/\/www.amag-group.ch\/blog\/it\/wp-json\/wp\/v2\/categories?post=21053"},{"taxonomy":"post_tag","embeddable":true,"href":"https:\/\/www.amag-group.ch\/blog\/it\/wp-json\/wp\/v2\/tags?post=21053"}],"curies":[{"name":"wp","href":"https:\/\/api.w.org\/{rel}","templated":true}]}}