{"id":20978,"date":"2020-12-04T09:23:12","date_gmt":"2020-12-04T08:23:12","guid":{"rendered":"https:\/\/www.amag-group.ch\/blog\/?p=20978"},"modified":"2020-12-04T09:23:12","modified_gmt":"2020-12-04T08:23:12","slug":"labito-fa-il-monaco-visita-alla-vincitrice-del-family-business-award-la-metzler-co-ag","status":"publish","type":"post","link":"https:\/\/www.amag-group.ch\/blog\/it\/labito-fa-il-monaco-visita-alla-vincitrice-del-family-business-award-la-metzler-co-ag\/","title":{"rendered":"L\u2019abito fa il monaco: visita alla vincitrice del Family Business Award, la Metzler &#038; Co. AG"},"content":{"rendered":"<p>Quasi tre anni fa, Sandro e Alessia Mastroberardino si sono avvicendati ai genitori alla direzione della <span style=\"text-decoration: underline;\"><strong><a href=\"https:\/\/www.metzler-switzerland.ch\/\" target=\"_blank\" rel=\"noopener noreferrer\">Metzler &amp; Co. AG<\/a><\/strong><\/span>. La decisione giusta al momento giusto. Non solo a detta dei gemelli stessi, ma anche dei genitori, Tino e Heidi Mastroberardino-Metzler. Proprio come i genitori, poi, anche i clienti e i partner commerciali sono contenti che Sandro e Alessia abbiano assunto la guida dell\u2019azienda di famiglia. Il passaggio di testimone non \u00e8 avvenuto da un giorno all\u2019altro, ma \u00e8 stato il frutto di un attento e ponderato processo di transizione. Non \u00e8 stata quindi una sorpresa e nessuno dei clienti di lunga data, dei partner commerciali o dei fornitori ci \u00e8 rimasto male.<\/p>\n<h3><strong>Azienda a conduzione familiare con tanto cuore<\/strong><\/h3>\n<p>Anche se ora sono Sandro e Alessia a gestire l\u2019azienda, tutti i membri della famiglia continuano a impegnarsi anima e corpo per l\u2019azienda. I genitori sostengono e consigliano i figli, ovunque e in qualsiasi momento. Tuttavia, la responsabilit\u00e0 della gestione e della direzione strategica dell\u2019azienda \u00e8 chiaramente affidata a Sandro e Alessia. I gemelli hanno anche una sorella maggiore. Svenja Mastroberardino, pur non essendo operativamente attiva in azienda, fa parte del consiglio di amministrazione della societ\u00e0 dall\u2019inizio del 2020. I gemelli apprezzano molto il suo prezioso e onesto punto di vista esterno.<\/p>\n<div id=\"attachment_20935\" style=\"width: 630px\" class=\"wp-caption aligncenter\"><img decoding=\"async\" aria-describedby=\"caption-attachment-20935\" class=\"wp-image-20935 size-medium\" src=\"https:\/\/www.amag-group.ch\/blog\/wp-content\/uploads\/2020\/12\/DSCF1265-620x414.jpg\" alt=\"\" width=\"620\" height=\"414\" srcset=\"https:\/\/www.amag-group.ch\/blog\/wp-content\/uploads\/2020\/12\/DSCF1265-620x414.jpg 620w, https:\/\/www.amag-group.ch\/blog\/wp-content\/uploads\/2020\/12\/DSCF1265-768x512.jpg 768w, https:\/\/www.amag-group.ch\/blog\/wp-content\/uploads\/2020\/12\/DSCF1265-1536x1024.jpg 1536w, https:\/\/www.amag-group.ch\/blog\/wp-content\/uploads\/2020\/12\/DSCF1265-2048x1365.jpg 2048w, https:\/\/www.amag-group.ch\/blog\/wp-content\/uploads\/2020\/12\/DSCF1265-720x480.jpg 720w, https:\/\/www.amag-group.ch\/blog\/wp-content\/uploads\/2020\/12\/DSCF1265-scaled.jpg 1920w\" sizes=\"(max-width: 620px) 100vw, 620px\" \/><p id=\"caption-attachment-20935\" class=\"wp-caption-text\">I gemelli Sandro e Alessia Mastroberardino<\/p><\/div>\n<p>I gemelli si sono divisi i compiti in azienda secondo i loro punti di forza e i loro interessi: la sorella \u00e8 responsabile di tutti i compiti amministrativi e delle risorse umane. Alessia ha completato il tirocinio commerciale presso una banca, dove \u00e8 stata poi impiegata per diversi anni. Quando nel 2008 si \u00e8 presentata l\u2019opportunit\u00e0 di entrare nell\u2019azienda di famiglia a causa di un posto vacante, non ha esitato a lungo. Alessia ha trascorso due anni a familiarizzare con l\u2019azienda e il settore e, mentre lavorava, ha conseguito la laurea triennale in \u00abTextile Business Management\u00bb presso la Scuola del tessile.<\/p>\n<p>Sandro, come suo padre prima di lui, si occupa degli aspetti tecnici e della produzione. Di solito si reca presso lo stabilimento di produzione in Slovacchia ogni cinque settimane. Sandro \u00e8 un cuoco qualificato. Durante il servizio militare gli \u00e8 stata data l\u2019opportunit\u00e0 di assumere la responsabilit\u00e0 della formazione dei cuochi. Dopo un\u2019ulteriore formazione nell\u2019ambito, Sandro \u00e8 stato anche responsabile dell\u2019intera logistica della Scuola reclute. Proprio come Alessia, Sandro non ha esitato a lungo quando anche a lui \u00e8 stata offerta la possibilit\u00e0 di entrare nell\u2019azienda di famiglia nel 2012.<\/p>\n<div id=\"attachment_20968\" style=\"width: 630px\" class=\"wp-caption aligncenter\"><img decoding=\"async\" aria-describedby=\"caption-attachment-20968\" class=\"wp-image-20968 size-medium\" src=\"https:\/\/www.amag-group.ch\/blog\/wp-content\/uploads\/2020\/12\/DSCF1268-2-620x414.jpg\" alt=\"\" width=\"620\" height=\"414\" srcset=\"https:\/\/www.amag-group.ch\/blog\/wp-content\/uploads\/2020\/12\/DSCF1268-2-620x414.jpg 620w, https:\/\/www.amag-group.ch\/blog\/wp-content\/uploads\/2020\/12\/DSCF1268-2-768x512.jpg 768w, https:\/\/www.amag-group.ch\/blog\/wp-content\/uploads\/2020\/12\/DSCF1268-2-1536x1024.jpg 1536w, https:\/\/www.amag-group.ch\/blog\/wp-content\/uploads\/2020\/12\/DSCF1268-2-2048x1365.jpg 2048w, https:\/\/www.amag-group.ch\/blog\/wp-content\/uploads\/2020\/12\/DSCF1268-2-720x480.jpg 720w, https:\/\/www.amag-group.ch\/blog\/wp-content\/uploads\/2020\/12\/DSCF1268-2-scaled.jpg 1920w\" sizes=\"(max-width: 620px) 100vw, 620px\" \/><p id=\"caption-attachment-20968\" class=\"wp-caption-text\">Anche il cane di famiglia Joey, con la sua presenza, contribuisce in modo importante al successo dell\u2019azienda.<\/p><\/div>\n<p>Entrambi seguono e visitano i clienti e i fornitori, ma anche su altre questioni lo scambio di opinioni \u00e8 vivace e le decisioni importanti vengono prese consultandosi reciprocamente. Alessia e Sandro sono in perfetta armonia. Forse perch\u00e9 sono gemelli. Con una strizzatina d\u2019occhio, per\u00f2, entrambi sottolineano anche l\u2019importanza di avere uffici separati a Balgach.<\/p>\n<h3><strong>Innovazione che punta alla sostenibilit\u00e0 <\/strong><\/h3>\n<p>La Metzler &amp; Co. AG \u00e8 un\u2019azienda tessile innovativa che attribuisce grande importanza alla sostenibilit\u00e0.<\/p>\n<p>Avere un proprio impianto di produzione in Slovacchia porta molti vantaggi. Da quando \u00e8 entrato in funzione nel 2003, l\u2019azienda \u00e8 in grado di gestire i viaggi verso la Svizzera in modo efficiente con i propri camion e il proprio personale. Ci\u00f2 significa che i camion non viaggiano semivuoti o vuoti e che i tempi sono determinati in base al carico di lavoro. La Metzler &amp; Co. AG \u00e8 inoltre certificata STeP by OEKO-TEX al massimo livello. Questa certificazione attesta la costante attuazione di processi di produzione rispettosi dell\u2019ambiente, di una sicurezza ottimale sul lavoro e di condizioni di lavoro sociali.<\/p>\n<p><div id=\"attachment_20932\" style=\"width: 630px\" class=\"wp-caption aligncenter\"><img decoding=\"async\" aria-describedby=\"caption-attachment-20932\" class=\"wp-image-20932 size-medium\" src=\"https:\/\/www.amag-group.ch\/blog\/wp-content\/uploads\/2020\/12\/DSCF1250-620x414.jpg\" alt=\"\" width=\"620\" height=\"414\" srcset=\"https:\/\/www.amag-group.ch\/blog\/wp-content\/uploads\/2020\/12\/DSCF1250-620x414.jpg 620w, https:\/\/www.amag-group.ch\/blog\/wp-content\/uploads\/2020\/12\/DSCF1250-768x512.jpg 768w, https:\/\/www.amag-group.ch\/blog\/wp-content\/uploads\/2020\/12\/DSCF1250-1536x1024.jpg 1536w, https:\/\/www.amag-group.ch\/blog\/wp-content\/uploads\/2020\/12\/DSCF1250-2048x1365.jpg 2048w, https:\/\/www.amag-group.ch\/blog\/wp-content\/uploads\/2020\/12\/DSCF1250-720x480.jpg 720w, https:\/\/www.amag-group.ch\/blog\/wp-content\/uploads\/2020\/12\/DSCF1250-scaled.jpg 1920w\" sizes=\"(max-width: 620px) 100vw, 620px\" \/><p id=\"caption-attachment-20932\" class=\"wp-caption-text\">Smellproof Plus: Un tessuto appositamente sviluppato che assorbe i cattivi odori, li ingloba e li rilascia solo in lavatrice. Il tessuto \u00e8 anche resistente allo sporco. Non c\u2019\u00e8 macchia di vino rosso, ketchup o olio che possa danneggiare i capi, in quanto scivola semplicemente via. Il tessuto \u00e8 composto per il 100% da cotone e offre un elevato comfort di vestibilit\u00e0.<\/p><\/div> <div id=\"attachment_20989\" style=\"width: 630px\" class=\"wp-caption aligncenter\"><img decoding=\"async\" aria-describedby=\"caption-attachment-20989\" class=\"wp-image-20989 size-medium\" src=\"https:\/\/www.amag-group.ch\/blog\/wp-content\/uploads\/2020\/12\/stretchcol-small-620x410.jpg\" alt=\"\" width=\"620\" height=\"410\" srcset=\"https:\/\/www.amag-group.ch\/blog\/wp-content\/uploads\/2020\/12\/stretchcol-small-620x410.jpg 620w, https:\/\/www.amag-group.ch\/blog\/wp-content\/uploads\/2020\/12\/stretchcol-small-768x508.jpg 768w, https:\/\/www.amag-group.ch\/blog\/wp-content\/uploads\/2020\/12\/stretchcol-small.jpg 1377w\" sizes=\"(max-width: 620px) 100vw, 620px\" \/><p id=\"caption-attachment-20989\" class=\"wp-caption-text\">Stretchcol: Cos\u00ec comodo che non vuoi togliertelo. Il colletto della camicia elasticizzato \u00e8 stato inventato nel 2007 da Tino Mastroberardino e garantisce una sensazione di benessere per l\u2019intera giornata. Una zona elastica invisibile, infatti, assicura la massima comodit\u00e0 anche quando non si pu\u00f2 o non si vuole rinunciare alla cravatta.<\/p><\/div> <div id=\"attachment_20971\" style=\"width: 317px\" class=\"wp-caption aligncenter\"><img decoding=\"async\" aria-describedby=\"caption-attachment-20971\" class=\"wp-image-20971 size-medium\" src=\"https:\/\/www.amag-group.ch\/blog\/wp-content\/uploads\/2020\/12\/maske-small-307x414.jpg\" alt=\"\" width=\"307\" height=\"414\" srcset=\"https:\/\/www.amag-group.ch\/blog\/wp-content\/uploads\/2020\/12\/maske-small-307x414.jpg 307w, https:\/\/www.amag-group.ch\/blog\/wp-content\/uploads\/2020\/12\/maske-small.jpg 381w\" sizes=\"(max-width: 307px) 100vw, 307px\" \/><p id=\"caption-attachment-20971\" class=\"wp-caption-text\">Prontezza nella reazione e immediatezza nella realizzazione. Le mascherine in tessuto sono conformi alle raccomandazioni della National COVID-19 Science Task Force, sono idrofobiche e hanno un effetto antimicrobico. E sono pure belle!<\/p><\/div> <div id=\"attachment_20950\" style=\"width: 630px\" class=\"wp-caption aligncenter\"><img decoding=\"async\" aria-describedby=\"caption-attachment-20950\" class=\"wp-image-20950 size-medium\" src=\"https:\/\/www.amag-group.ch\/blog\/wp-content\/uploads\/2020\/12\/mass-bar-620x414.jpg\" alt=\"\" width=\"620\" height=\"414\" srcset=\"https:\/\/www.amag-group.ch\/blog\/wp-content\/uploads\/2020\/12\/mass-bar-620x414.jpg 620w, https:\/\/www.amag-group.ch\/blog\/wp-content\/uploads\/2020\/12\/mass-bar-768x512.jpg 768w, https:\/\/www.amag-group.ch\/blog\/wp-content\/uploads\/2020\/12\/mass-bar-1536x1024.jpg 1536w, https:\/\/www.amag-group.ch\/blog\/wp-content\/uploads\/2020\/12\/mass-bar-2048x1365.jpg 2048w, https:\/\/www.amag-group.ch\/blog\/wp-content\/uploads\/2020\/12\/mass-bar-720x480.jpg 720w, https:\/\/www.amag-group.ch\/blog\/wp-content\/uploads\/2020\/12\/mass-bar-scaled.jpg 1920w\" sizes=\"(max-width: 620px) 100vw, 620px\" \/><p id=\"caption-attachment-20950\" class=\"wp-caption-text\">\u00abMass-Bar\u00bb. Il cliente pu\u00f2 assemblare la camicia da solo sul posto utilizzando i diversi componenti a disposizione. Cos\u00ec riceve una camicia non solo su misura e di alta qualit\u00e0, ma anche completamente personalizzata.<\/p><\/div><\/p>\n<p>Grazie alle gerarchie piatte e alla struttura organizzativa flessibile, la Metzler &amp; Co. AG \u00e8 in grado di trasformare rapidamente le idee in realt\u00e0. Nel caso della nuova mascherina in tessuto, sono passate meno di 24 ore tra l\u2019idea originaria, i primi bozzetti e la produzione del primo prototipo. A consentire questi rapidi tempi di reazione e la grande flessibilit\u00e0 dell\u2019azienda sono l\u2019atelier interno al piano terra e la produzione propria in Slovacchia. Un servizio utile, per esempio, per uno sposo alla disperata ricerca di una camicia adatta due settimane prima del matrimonio, ma apprezzato anche da tutti gli altri clienti e partner.<\/p>\n<div id=\"attachment_20944\" style=\"width: 630px\" class=\"wp-caption aligncenter\"><img decoding=\"async\" aria-describedby=\"caption-attachment-20944\" class=\"wp-image-20944 size-medium\" src=\"https:\/\/www.amag-group.ch\/blog\/wp-content\/uploads\/2020\/12\/DSCF1277-620x414.jpg\" alt=\"\" width=\"620\" height=\"414\" srcset=\"https:\/\/www.amag-group.ch\/blog\/wp-content\/uploads\/2020\/12\/DSCF1277-620x414.jpg 620w, https:\/\/www.amag-group.ch\/blog\/wp-content\/uploads\/2020\/12\/DSCF1277-768x512.jpg 768w\" sizes=\"(max-width: 620px) 100vw, 620px\" \/><p id=\"caption-attachment-20944\" class=\"wp-caption-text\">Quando si dice calzare a pennello. D\u2019ora in poi l\u2019auto assegnata ai vincitori del Family Business Award di quest\u2019anno, la Volkswagen ID.3 1ST, accompagner\u00e0 la Metzler &amp; Co. AG senza emissioni e in modo dinamico. Auguriamo buon viaggio all\u2019insegna della sicurezza.<\/p><\/div>\n<p>Ritratto breve Metzler &amp; Co. AG (Video in tedesco)<\/p>\n<p><iframe title=\"Family Business Award 2020 - Finalistenportrait Metzler &amp; Co. AG\" width=\"500\" height=\"281\" src=\"https:\/\/www.youtube.com\/embed\/FvzJTg9rJiA?feature=oembed\" frameborder=\"0\" allow=\"accelerometer; autoplay; clipboard-write; encrypted-media; gyroscope; picture-in-picture; web-share\" referrerpolicy=\"strict-origin-when-cross-origin\" allowfullscreen><\/iframe><\/p>\n<p>Preisverleihung Family Business Award 2020 (Video in tedesco)<\/p>\n<p><iframe title=\"Family Business Award - Preisverleihung 2020\" width=\"500\" height=\"281\" src=\"https:\/\/www.youtube.com\/embed\/f4XmDQS7l-8?feature=oembed\" frameborder=\"0\" allow=\"accelerometer; autoplay; clipboard-write; encrypted-media; gyroscope; picture-in-picture; web-share\" referrerpolicy=\"strict-origin-when-cross-origin\" allowfullscreen><\/iframe><\/p>\n","protected":false},"excerpt":{"rendered":"<p>Dal gennaio 2018, i gemelli Sandro e Alessia Mastroberardino sono la quarta generazione alla guida della Metzler &#038; Co. AG. L\u2019azienda a conduzione familiare, con sede a Balgach, nella valle del Reno sangallese, convince per i prodotti innovativi fabbricati in modo sostenibile. <\/p>\n","protected":false},"author":63,"featured_media":20961,"comment_status":"open","ping_status":"open","sticky":false,"template":"","format":"standard","meta":{"_acf_changed":false,"inline_featured_image":false,"footnotes":""},"categories":[2211],"tags":[2210],"class_list":["post-20978","post","type-post","status-publish","format-standard","has-post-thumbnail","hentry","category-sostenibilita","tag-family-business-award-it"],"acf":[],"_links":{"self":[{"href":"https:\/\/www.amag-group.ch\/blog\/it\/wp-json\/wp\/v2\/posts\/20978","targetHints":{"allow":["GET"]}}],"collection":[{"href":"https:\/\/www.amag-group.ch\/blog\/it\/wp-json\/wp\/v2\/posts"}],"about":[{"href":"https:\/\/www.amag-group.ch\/blog\/it\/wp-json\/wp\/v2\/types\/post"}],"author":[{"embeddable":true,"href":"https:\/\/www.amag-group.ch\/blog\/it\/wp-json\/wp\/v2\/users\/63"}],"replies":[{"embeddable":true,"href":"https:\/\/www.amag-group.ch\/blog\/it\/wp-json\/wp\/v2\/comments?post=20978"}],"version-history":[{"count":0,"href":"https:\/\/www.amag-group.ch\/blog\/it\/wp-json\/wp\/v2\/posts\/20978\/revisions"}],"wp:featuredmedia":[{"embeddable":true,"href":"https:\/\/www.amag-group.ch\/blog\/it\/wp-json\/wp\/v2\/media\/20961"}],"wp:attachment":[{"href":"https:\/\/www.amag-group.ch\/blog\/it\/wp-json\/wp\/v2\/media?parent=20978"}],"wp:term":[{"taxonomy":"category","embeddable":true,"href":"https:\/\/www.amag-group.ch\/blog\/it\/wp-json\/wp\/v2\/categories?post=20978"},{"taxonomy":"post_tag","embeddable":true,"href":"https:\/\/www.amag-group.ch\/blog\/it\/wp-json\/wp\/v2\/tags?post=20978"}],"curies":[{"name":"wp","href":"https:\/\/api.w.org\/{rel}","templated":true}]}}