{"id":20777,"date":"2020-11-13T10:19:14","date_gmt":"2020-11-13T09:19:14","guid":{"rendered":"https:\/\/www.amag-group.ch\/blog\/?p=20777"},"modified":"2020-11-13T10:19:38","modified_gmt":"2020-11-13T09:19:38","slug":"una-professione-avvincente-product-manager","status":"publish","type":"post","link":"https:\/\/www.amag-group.ch\/blog\/it\/una-professione-avvincente-product-manager\/","title":{"rendered":"Una professione avvincente: Product Manager"},"content":{"rendered":"<p>Il lavoro di Fabienne B\u00e4chli inizia ben prima che la novit\u00e0 venga resa nota al resto della Svizzera: Product Manager presso Audi, si occupa di sei modelli del marchio (A1, A3, Q2, Q3, Q3 Sportback e TT) dal lancio fino alla fine della produzione. In genere, il ciclo di vita di un modello \u00e8 di tre anni e poi si ha il cosiddetto intervento di \u00abrestyling\u00bb, con il quale gli esterni della vettura vengono sottoposti a lievi modifiche. Solitamente, dopo sei anni esce un nuovo modello che sostituisce quello precedente.<\/p>\n<p>Al momento Fabienne \u00e8 alle prese con il suo settimo modello, l\u2019Audi Q4 e-tron completamente elettrica, che debutter\u00e0 nel 2021. \u00abIl lancio \u00e8 in assoluto la parte pi\u00f9 impegnativa del mio lavoro\u00bb, afferma, sulle labbra l\u2019ombra di un sorriso compiaciuto. In questa fase, il suo compito consiste anche nell\u2019elaborare un\u2019offerta di equipaggiamento adatta al mercato svizzero nonch\u00e9 nel determinare il prezzo per questo mercato tramite la negoziazione con lo stabilimento. Per di pi\u00f9 lavora a stretto contatto con la divisione di Marketing per assicurarsi che il modello venga promosso al meglio sul mercato elvetico e che le indicazioni sui consumi usate nella comunicazione siano corrette. Fabienne \u00e8 inoltre responsabile delle informazioni riportate nella documentazione di vendita e del funzionamento del Car Configurator, che deve essere operativo sin dal giorno del lancio.<\/p>\n<h3><strong><a class=\"fancybox-link\" href=\"https:\/\/www.amag-group.ch\/blog\/wp-content\/uploads\/2020\/11\/Portr\u00e4t-scaled.jpg\"><img decoding=\"async\" class=\"size-medium wp-image-20771 alignleft\" src=\"https:\/\/www.amag-group.ch\/blog\/wp-content\/uploads\/2020\/11\/Portr\u00e4t-620x414.jpg\" alt=\"\" width=\"620\" height=\"414\" srcset=\"https:\/\/www.amag-group.ch\/blog\/wp-content\/uploads\/2020\/11\/Portr\u00e4t-620x414.jpg 620w, https:\/\/www.amag-group.ch\/blog\/wp-content\/uploads\/2020\/11\/Portr\u00e4t-768x512.jpg 768w, https:\/\/www.amag-group.ch\/blog\/wp-content\/uploads\/2020\/11\/Portr\u00e4t-1536x1024.jpg 1536w, https:\/\/www.amag-group.ch\/blog\/wp-content\/uploads\/2020\/11\/Portr\u00e4t-2048x1365.jpg 2048w, https:\/\/www.amag-group.ch\/blog\/wp-content\/uploads\/2020\/11\/Portr\u00e4t-720x480.jpg 720w, https:\/\/www.amag-group.ch\/blog\/wp-content\/uploads\/2020\/11\/Portr\u00e4t-scaled.jpg 1920w\" sizes=\"(max-width: 620px) 100vw, 620px\" \/><\/a><\/strong><\/h3>\n<h3><strong>Tenere d\u2019occhio la concorrenza: una responsabilit\u00e0 del Product Manager<\/strong><\/h3>\n<p>Dopo la fase di lancio, deve monitorare attentamente i modelli e il loro andamento sul mercato. L\u2019analisi della concorrenza \u00e8 una componente fondamentale di questo lavoro, che consiste nell\u2019osservare i modelli paragonabili di altri produttori, i loro equipaggiamenti e i prezzi. Se la Product Manager avverte la necessit\u00e0 di un intervento si consulta con le divisioni Sales, Marketing e Controlling durante la riunione mensile e, se necessario, adotta dei provvedimenti. Ne sono un esempio i modelli speciali, come attualmente l\u2019<span style=\"text-decoration: underline;\"><a href=\"https:\/\/www.audi.ch\/ch\/web\/it\/attualita\/offerte-attuali\/modelli-speciali.html\" target=\"_blank\" rel=\"noopener noreferrer\">Audi Attraction Special Edition<\/a><\/span>, che si distinguono in termini di vantaggio cliente sui pacchetti nonch\u00e9 di infotainment, tecnologia e assistenza. In tal modo i clienti possono acquistare un\u2019Audi con equipaggiamenti esclusivi.<\/p>\n<p>La dinamicit\u00e0 del suo ruolo di Product Manager \u00e8 ci\u00f2 che Fabienne apprezza di pi\u00f9: in particolare, ama occuparsi del confronto con la concorrenza ed elaborare misure e argomentazioni, ma anche negoziare e confrontarsi con lo stabilimento e, alla fine, vedere premiati i suoi sforzi. Ne \u00e8 un esempio la quarta generazione dell\u2019<span style=\"text-decoration: underline;\"><a href=\"https:\/\/www.youtube.com\/watch?v=6hDWSOaNNKg\" target=\"_blank\" rel=\"noopener noreferrer\">Audi A3<\/a><\/span>, lanciata nella primavera del 2020, che ha riscosso fin da subito un enorme successo e che ora \u00e8 perfino tra i finalisti per il titolo di \u00ab<span style=\"text-decoration: underline;\"><a href=\"https:\/\/www.auto-dell-anno-della-svizzera.ch\/\" target=\"_blank\" rel=\"noopener noreferrer\">Auto svizzera dell\u2019anno<\/a><\/span>\u00bb.<\/p>\n<h3><strong>Il lavoro? Strutturato e in autonomia<\/strong><\/h3>\n<p>Monitorare costantemente i suoi quasi sette modelli non \u00e8 certo un gioco da ragazzi: \u00abIn molti dipendono dal mio lavoro, proprio come io dipendo da altri\u00bb. Non sempre \u00e8 facile mantenere un quadro aggiornato della situazione. Per un Product Manager l\u2019organizzazione \u00e8 un requisito fondamentale, tanto quanto saper lavorare in maniera strutturata, afferma Fabienne. Occorre anche essere previdenti e mostrarsi proattivi nei confronti dello stabilimento e delle altre parti coinvolte, in modo da ottenere tempestivamente tutte le informazioni. \u00abQuando ho iniziato due anni fa \u00e8 stato un po\u2019 un salto nel buio\u00bb, racconta Fabienne, \u00abma siccome nutrivo gi\u00e0 un grande interesse e un certo attaccamento al marchio Audi, alla fine non \u00e8 stato troppo difficile\u00bb. Soprattutto all\u2019inizio bisogna porre molte domande, per poter comprendere e seguire la complessit\u00e0 delle relazioni. Anche il saper riconoscere le conseguenze delle proprie azioni \u00e8 importante.<\/p>\n<p>Con una qualifica da impiegata commerciale, al termine del suo tirocinio nel settore alimentare Fabienne ha lavorato per tre anni nel mondo del marketing prima di dare una svolta alla sua vita. \u00abAvevo preso in considerazione il settore automobilistico e quello della gioielleria\u00bb, afferma. Settori verso i quali provava realmente un certo interesse. Inizialmente ha ricoperto il ruolo di Category Manager presso un produttore di gioielli \/ orologiaio di Lucerna, conseguendo nel frattempo una specializzazione come esperta di marketing. Quando poi il desiderio di una nuova sfida si \u00e8 fatto pi\u00f9 insistente, si \u00e8 concentrata sulla ricerca di posti di lavoro nel settore automobilistico. Gi\u00e0 da bambina viaggiava a bordo dell\u2019Audi di famiglia e a 18 anni ha acquistato una A1 che guida tuttora. Sono trascorsi due anni da quando ha scoperto la posizione di Product Manager presso Audi. Fabienne non ha esitato nemmeno un secondo.<\/p>\n<p>&nbsp;<\/p>\n<hr \/>\n<h2>Altri articoli sull&#8217;argomento<\/h2>\n<p><span style=\"text-decoration: underline;\"><a href=\"https:\/\/www.amag-group.ch\/blog\/it\/una-professione-avvincente-quality-environmental-manager\/\" target=\"_blank\" rel=\"noopener noreferrer\">Una professione avvincente: Quality &amp; Environmental Manager<\/a><\/span><\/p>\n<p><span style=\"text-decoration: underline;\"><a href=\"https:\/\/www.amag-group.ch\/blog\/it\/il-mio-appassionante-lavoro-coach-di-customer-experience\/\" target=\"_blank\" rel=\"noopener noreferrer\">Una professione avvincente: Coach di Customer Experience<\/a><\/span><\/p>\n<p><span style=\"text-decoration: underline;\"><a href=\"https:\/\/www.amag-group.ch\/blog\/it\/una-professione-avvincente-specialista-del-settore-vendite-presso-amag-leasing-sa\/\" target=\"_blank\" rel=\"noopener noreferrer\">Una professione avvincente: specialista del settore vendite presso AMAG Leasing SA<\/a><\/span><\/p>\n<p><span style=\"text-decoration: underline;\"><a href=\"https:\/\/www.amag-group.ch\/blog\/it\/una-professione-avvincente-responsabile-human-resources\/\" target=\"_blank\" rel=\"noopener noreferrer\">Una professione avvincente: Responsabile Human Resources<\/a><\/span><\/p>\n","protected":false},"excerpt":{"rendered":"<p>Il lavoro dei sogni di Fabienne B\u00e4chli? Ricoprire il ruolo di Product Manager presso Audi. \u00c8 l\u2019anello di congiunzione tra lo stabilimento e il mercato svizzero per quasi sette modelli Audi. E ci\u00f2 le permette di influire notevolmente sul loro successo.  <\/p>\n","protected":false},"author":43,"featured_media":20763,"comment_status":"open","ping_status":"open","sticky":false,"template":"","format":"standard","meta":{"_acf_changed":false,"inline_featured_image":false,"footnotes":""},"categories":[2202],"tags":[],"class_list":["post-20777","post","type-post","status-publish","format-standard","has-post-thumbnail","hentry","category-lavoro-e-carriera"],"acf":[],"_links":{"self":[{"href":"https:\/\/www.amag-group.ch\/blog\/it\/wp-json\/wp\/v2\/posts\/20777","targetHints":{"allow":["GET"]}}],"collection":[{"href":"https:\/\/www.amag-group.ch\/blog\/it\/wp-json\/wp\/v2\/posts"}],"about":[{"href":"https:\/\/www.amag-group.ch\/blog\/it\/wp-json\/wp\/v2\/types\/post"}],"author":[{"embeddable":true,"href":"https:\/\/www.amag-group.ch\/blog\/it\/wp-json\/wp\/v2\/users\/43"}],"replies":[{"embeddable":true,"href":"https:\/\/www.amag-group.ch\/blog\/it\/wp-json\/wp\/v2\/comments?post=20777"}],"version-history":[{"count":0,"href":"https:\/\/www.amag-group.ch\/blog\/it\/wp-json\/wp\/v2\/posts\/20777\/revisions"}],"wp:featuredmedia":[{"embeddable":true,"href":"https:\/\/www.amag-group.ch\/blog\/it\/wp-json\/wp\/v2\/media\/20763"}],"wp:attachment":[{"href":"https:\/\/www.amag-group.ch\/blog\/it\/wp-json\/wp\/v2\/media?parent=20777"}],"wp:term":[{"taxonomy":"category","embeddable":true,"href":"https:\/\/www.amag-group.ch\/blog\/it\/wp-json\/wp\/v2\/categories?post=20777"},{"taxonomy":"post_tag","embeddable":true,"href":"https:\/\/www.amag-group.ch\/blog\/it\/wp-json\/wp\/v2\/tags?post=20777"}],"curies":[{"name":"wp","href":"https:\/\/api.w.org\/{rel}","templated":true}]}}