{"id":20755,"date":"2020-11-16T13:22:53","date_gmt":"2020-11-16T12:22:53","guid":{"rendered":"https:\/\/www.amag-group.ch\/blog\/?p=20755"},"modified":"2021-01-07T15:16:40","modified_gmt":"2021-01-07T14:16:40","slug":"cupra-formentor-un-suv-coupe-con-prestazioni-al-top","status":"publish","type":"post","link":"https:\/\/www.amag-group.ch\/blog\/it\/cupra-formentor-un-suv-coupe-con-prestazioni-al-top\/","title":{"rendered":"CUPRA Formentor: un SUV coup\u00e9 con prestazioni al top"},"content":{"rendered":"<p>La CUPRA Formentor \u00e8 il primo veicolo che CUPRA ha concepito e sviluppato da zero. Progettato e realizzato nella patria di CUPRA a Martorell, in Spagna. Il lancio sul mercato \u00e8 avvenuto a inizio ottobre 2020.<\/p>\n<p><a href=\"https:\/\/www.amag-group.ch\/blog\/it\/cupra-formentor-ein-suv-coupe-mit-spitzenperformance\/cupra-formentor-dynamic_11_hq\/\" rel=\"attachment wp-att-20728\"><img decoding=\"async\" class=\"aligncenter size-medium wp-image-20728\" src=\"https:\/\/www.amag-group.ch\/blog\/wp-content\/uploads\/2020\/11\/CUPRA-Formentor-Dynamic_11_HQ-620x346.jpg\" alt=\"\" width=\"620\" height=\"346\" srcset=\"https:\/\/www.amag-group.ch\/blog\/wp-content\/uploads\/2020\/11\/CUPRA-Formentor-Dynamic_11_HQ-620x346.jpg 620w, https:\/\/www.amag-group.ch\/blog\/wp-content\/uploads\/2020\/11\/CUPRA-Formentor-Dynamic_11_HQ-768x428.jpg 768w, https:\/\/www.amag-group.ch\/blog\/wp-content\/uploads\/2020\/11\/CUPRA-Formentor-Dynamic_11_HQ-1536x856.jpg 1536w, https:\/\/www.amag-group.ch\/blog\/wp-content\/uploads\/2020\/11\/CUPRA-Formentor-Dynamic_11_HQ-2048x1142.jpg 2048w, https:\/\/www.amag-group.ch\/blog\/wp-content\/uploads\/2020\/11\/CUPRA-Formentor-Dynamic_11_HQ-scaled.jpg 1920w\" sizes=\"(max-width: 620px) 100vw, 620px\" \/><\/a><\/p>\n<p>Il caratteristico look della CUPRA Formentor ne mette in risalto le emozioni e la versatilit\u00e0. Per sottolineare la sua sportivit\u00e0, la CUPRA Formentor \u00e8 ribassata, ma a catturare gli sguardi ci pensa lo spoiler posteriore. Allo stesso tempo, le proporzioni dinamiche dell\u2019auto vengono valorizzate dal cofano allungato.<\/p>\n<p>In Svizzera sono disponibili quattro propulsioni potenti ed efficienti, tra cui una versione ibrida plug-in. Tutte le varianti dispongono di funzioni di connettivit\u00e0 complete e moderni sistemi di sicurezza e comfort.<\/p>\n<h3><strong>Da dove viene il nome?<\/strong><\/h3>\n<p>La CUPRA Formentor deve il suo nome a una penisola naturale di Maiorca, secondo molti il posto pi\u00f9 bello delle isole Baleari spagnole. \u00c8 il carattere di questo luogo a plasmare la personalit\u00e0 del SUV crossover.<\/p>\n<h3><strong>CUPRA Formentor: varianti di modello<\/strong><\/h3>\n<p>Il modello di punta disponibile dal lancio sul mercato \u00e8 un motore a benzina da 310 CV, che esprime al meglio il DNA del marchio CUPRA ed esalta ulteriormente il fascino del veicolo con il suo timbro emozionante.<\/p>\n<p>Oltre a questa versione, nei prossimi mesi la CUPRA Formentor sar\u00e0 disponibile con due diverse tecnologie: TSI (motore a benzina) e ibrida plug-in. Nel complesso, viene proposta in quattro varianti diverse da 190 CV a 310 CV.<\/p>\n<p><iframe src=\"https:\/\/www.youtube.com\/embed\/H_HaoczH-WQ\" width=\"560\" height=\"315\" frameborder=\"0\" allowfullscreen=\"allowfullscreen\"><\/iframe><\/p>\n<p>La gamma di veicoli \u00e8 divisa in due categorie: i modelli CUPRA Formentor con una potenza in uscita inferiore a 245 CV e le varianti CUPRA Formentor VZ con una potenza in uscita dai 245 CV in poi. L\u2019abbreviazione VZ sta per lo spagnolo \u00abveloz\u00bb, che significa \u00abveloce\u00bb, un appellativo decisamente appropriato per le versioni pi\u00f9 potenti della CUPRA Formentor.<\/p>\n<p>La categoria di potenza pi\u00f9 moderata della serie comprende la CUPRA Formentor 2.0 TSI 190 CV (140 kW) DSG 4Drive con cambio automatico DSG. La denominazione VZ e l\u2019aumento di potenza associato sono inizialmente riservati alla CUPRA Formentor VZ 2.0 TSI 245 CV (180 kW) DSG con trazione anteriore, a cui si aggiunger\u00e0 l\u2019ibrida plug-in CUPRA Formentor VZ e-Hybrid 1.4 TSI con 245 CV (180 kW), DSG e trazione anteriore. La CUPRA Formentor VZ 2.0 TSI con 310 CV (228 kW), DSG e 4Drive completa la gamma alla perfezione.<\/p>\n<p>La regolazione adattiva del telaio (DCC), lo sterzo progressivo e il cambio DSG sottolineano la sportivit\u00e0 e il temperamento del SUV crossover.<\/p>\n<p><a href=\"https:\/\/www.amag-group.ch\/blog\/it\/cupra-formentor-ein-suv-coupe-mit-spitzenperformance\/cupra-formentor-dynamic_03_hq\/\" rel=\"attachment wp-att-20737\"><img decoding=\"async\" class=\"aligncenter size-medium wp-image-20737\" src=\"https:\/\/www.amag-group.ch\/blog\/wp-content\/uploads\/2020\/11\/CUPRA-Formentor-Dynamic_03_HQ-2-620x386.jpg\" alt=\"\" width=\"620\" height=\"386\" srcset=\"https:\/\/www.amag-group.ch\/blog\/wp-content\/uploads\/2020\/11\/CUPRA-Formentor-Dynamic_03_HQ-2-620x386.jpg 620w, https:\/\/www.amag-group.ch\/blog\/wp-content\/uploads\/2020\/11\/CUPRA-Formentor-Dynamic_03_HQ-2-768x478.jpg 768w, https:\/\/www.amag-group.ch\/blog\/wp-content\/uploads\/2020\/11\/CUPRA-Formentor-Dynamic_03_HQ-2-1536x957.jpg 1536w, https:\/\/www.amag-group.ch\/blog\/wp-content\/uploads\/2020\/11\/CUPRA-Formentor-Dynamic_03_HQ-2-2048x1276.jpg 2048w, https:\/\/www.amag-group.ch\/blog\/wp-content\/uploads\/2020\/11\/CUPRA-Formentor-Dynamic_03_HQ-2-scaled.jpg 1920w\" sizes=\"(max-width: 620px) 100vw, 620px\" \/><\/a><\/p>\n<p>Salendo si percepisce subito il sensazionale \u00ablook and feel\u00bb che caratterizza il marchio CUPRA, perch\u00e9 il logo CUPRA viene proiettato sul suolo dalla portiera. Il volante sportivo e i sedili sportivi a guscio catturano lo sguardo. All\u2019interno, il CUV dalle grandi prestazioni sfoggia inoltre le sue soluzioni di connettivit\u00e0 all\u2019avanguardia, mediante le quali la quotidianit\u00e0 digitale viene integrata perfettamente con il veicolo e gestita in modo intuitivo grazie al comando vocale, all\u2019ampio sistema di infotainment da 12 pollici con risoluzione finissima e a un numero significativamente inferiore di pulsanti nell\u2019abitacolo. Anche la leva del cambio \u00e8 stata rimpicciolita e nel cambio DSG \u00e8 ora comandata elettromeccanicamente con il sistema \u00abShift by Wire\u00bb.<\/p>\n<div style=\"width: 1280px;\" class=\"wp-video\"><video class=\"wp-video-shortcode\" id=\"video-20755-1\" width=\"1280\" height=\"720\" preload=\"metadata\" controls=\"controls\"><source type=\"video\/mp4\" src=\"https:\/\/www.amag-group.ch\/blog\/wp-content\/uploads\/2020\/11\/CUPRA_FORMENTOR.mp4?_=1\" \/><a href=\"https:\/\/www.amag-group.ch\/blog\/wp-content\/uploads\/2020\/11\/CUPRA_FORMENTOR.mp4\">https:\/\/www.amag-group.ch\/blog\/wp-content\/uploads\/2020\/11\/CUPRA_FORMENTOR.mp4<\/a><\/video><\/div>\n<p>&nbsp;<\/p>\n<p>CUPRA offre una vasta gamma di colori tra cui scegliere per la sua Formentor, in tonalit\u00e0 opache e rame secondo il suo linguaggio stilistico. Sono disponibili tre colori metallizzati (Urban Silver, Midnight Black o Magnetic Grey), tre colori speciali (Graphene Grey, Camouflage Green e Desire Red), due opzioni di colore opaco (Petrol Blue Matt e Magnetic Grey Matt) e White.<\/p>\n<p><a href=\"https:\/\/www.cupraofficial.ch\/it\/modelli\/formentor.html\" target=\"_blank\" rel=\"noopener noreferrer\"><span style=\"text-decoration: underline;\">Configura subito la CUPRA Formentor<\/span><\/a>\u00a0<\/p>\n","protected":false},"excerpt":{"rendered":"<p>La CUPRA Formentor \u00e8 una simbiosi moderna tra vettura sportiva e SUV. Il primo modello indipendente del marchio incarna dinamismo, eleganza, potenza e sportivit\u00e0.<\/p>\n","protected":false},"author":27,"featured_media":20727,"comment_status":"open","ping_status":"open","sticky":false,"template":"","format":"standard","meta":{"_acf_changed":false,"inline_featured_image":false,"footnotes":""},"categories":[8121],"tags":[],"class_list":["post-20755","post","type-post","status-publish","format-standard","has-post-thumbnail","hentry","category-auto-e-tecnologia"],"acf":[],"_links":{"self":[{"href":"https:\/\/www.amag-group.ch\/blog\/it\/wp-json\/wp\/v2\/posts\/20755","targetHints":{"allow":["GET"]}}],"collection":[{"href":"https:\/\/www.amag-group.ch\/blog\/it\/wp-json\/wp\/v2\/posts"}],"about":[{"href":"https:\/\/www.amag-group.ch\/blog\/it\/wp-json\/wp\/v2\/types\/post"}],"author":[{"embeddable":true,"href":"https:\/\/www.amag-group.ch\/blog\/it\/wp-json\/wp\/v2\/users\/27"}],"replies":[{"embeddable":true,"href":"https:\/\/www.amag-group.ch\/blog\/it\/wp-json\/wp\/v2\/comments?post=20755"}],"version-history":[{"count":0,"href":"https:\/\/www.amag-group.ch\/blog\/it\/wp-json\/wp\/v2\/posts\/20755\/revisions"}],"wp:featuredmedia":[{"embeddable":true,"href":"https:\/\/www.amag-group.ch\/blog\/it\/wp-json\/wp\/v2\/media\/20727"}],"wp:attachment":[{"href":"https:\/\/www.amag-group.ch\/blog\/it\/wp-json\/wp\/v2\/media?parent=20755"}],"wp:term":[{"taxonomy":"category","embeddable":true,"href":"https:\/\/www.amag-group.ch\/blog\/it\/wp-json\/wp\/v2\/categories?post=20755"},{"taxonomy":"post_tag","embeddable":true,"href":"https:\/\/www.amag-group.ch\/blog\/it\/wp-json\/wp\/v2\/tags?post=20755"}],"curies":[{"name":"wp","href":"https:\/\/api.w.org\/{rel}","templated":true}]}}