{"id":20409,"date":"2020-10-14T09:19:28","date_gmt":"2020-10-14T07:19:28","guid":{"rendered":"https:\/\/www.amag-group.ch\/blog\/?p=20409"},"modified":"2023-11-21T13:06:47","modified_gmt":"2023-11-21T12:06:47","slug":"prima-era-tutto-meglio-non-e-vero-francisco","status":"publish","type":"post","link":"https:\/\/www.amag-group.ch\/blog\/it\/prima-era-tutto-meglio-non-e-vero-francisco\/","title":{"rendered":"\u00abPrima era tutto meglio\u2026, non \u00e8 vero, Francisco?\u00bb"},"content":{"rendered":"<p>Incontriamo \u00abFrane\u00bb nella zona progetti della sede centrale di AMAG a Cham. Ci saluta sorridendo con un gesto \u00abconforme al coronavirus\u00bb. Ci rendiamo presto conto che ci troviamo di fronte a una persona molto ottimista e piena di vita. Lavora da AMAG gi\u00e0 da tanti anni e ci prepariamo ad ascoltare delle storie interessanti.<\/p>\n<h3><strong>Caro Frane, chi sei? Descriviti brevemente con parole tue.<\/strong><\/h3>\n<p>Mi chiamo Francisco Javier Vazquez. Per molti il mio nome \u00e8 impronunciabile, quindi per la maggior parte delle persone che conosco sono \u00abFrane\u00bb (ride). Sono nato in Svizzera, ma ho ancora la cittadinanza spagnola. I miei nonni erano gi\u00e0 qui, mio padre invece \u00e8 arrivato in Svizzera solo dopo la scuola. Io sono praticamente la seconda generazione e mezzo.<\/p>\n<h3><strong>Qual \u00e8 il tuo curriculum professionale e cosa \u00e8 cambiato negli anni?<\/strong><\/h3>\n<p>Inizialmente ho svolto un tirocinio come montatore elettricista, il che a volte mi torna utile ancora oggi. Nel 1991, per caso, su consiglio di un collega sono passato all\u2019IT. Gi\u00e0 allora mi piaceva programmare con il <em>Commodore<\/em> (vecchio computer domestico) e lo facevo spesso. L\u2019IT mi ha sempre affascinato.<\/p>\n<p>Nel 2003 sono infine passato al supporto IT di AMAG a Buchs. Dopo circa quattro anni ho iniziato a occuparmi di casi impegnativi in tutta la Svizzera e anche delle tecnologie relative alla nuova costruzione e alla ristrutturazione dei nostri garage. Tra questi vi era anche l\u2019integrazione tecnica di aziende acquisite. Per me \u00e8 stato un grande vantaggio, perch\u00e9 cos\u00ec ho potuto conoscere tutti i garage AMAG e i loro collaboratori.<\/p>\n<p>Con il tempo \u00e8 diventato tutto sempre pi\u00f9 complesso e impegnativo. Nel 2012 questo One Man Show si \u00e8 evoluto in una struttura pi\u00f9 grande con diversi collaboratori. \u00c8 stato l\u2019inizio dell\u2019ancor oggi esistente Onsite Support (OSS) che fornisce assistenza ai garage in tutte le regioni e costituisce l\u2019interfaccia di AMAG Informatica a Cham.<\/p>\n<p>Fino ad aprile\u00a02019 sono rimasto nell\u2019OSS, finch\u00e9 mi \u00e8 stata offerta l\u2019occasione di prendere in mano sempre pi\u00f9 i temi che riguardano l\u2019infrastruttura IT. Ho accettato molto volentieri questa nuova sfida. Da febbraio\u00a02020 lavoro nel team Demand &amp; Project Management, dove posso contribuire con le mie conoscenze ed esperienze (anche all\u2019interno di AMAG), ma anche crescere.<\/p>\n<div id=\"attachment_20395\" style=\"width: 562px\" class=\"wp-caption aligncenter\"><a href=\"https:\/\/www.amag-group.ch\/blog\/wp-content\/uploads\/2020\/10\/Bild_Frane_gross-scaled.jpg\"><img decoding=\"async\" aria-describedby=\"caption-attachment-20395\" class=\"wp-image-20395 size-medium\" src=\"https:\/\/www.amag-group.ch\/blog\/wp-content\/uploads\/2020\/10\/Bild_Frane_gross-552x414.jpg\" alt=\"\" width=\"552\" height=\"414\" srcset=\"https:\/\/www.amag-group.ch\/blog\/wp-content\/uploads\/2020\/10\/Bild_Frane_gross-552x414.jpg 552w, https:\/\/www.amag-group.ch\/blog\/wp-content\/uploads\/2020\/10\/Bild_Frane_gross-768x576.jpg 768w, https:\/\/www.amag-group.ch\/blog\/wp-content\/uploads\/2020\/10\/Bild_Frane_gross-1536x1152.jpg 1536w, https:\/\/www.amag-group.ch\/blog\/wp-content\/uploads\/2020\/10\/Bild_Frane_gross-2048x1536.jpg 2048w, https:\/\/www.amag-group.ch\/blog\/wp-content\/uploads\/2020\/10\/Bild_Frane_gross-scaled.jpg 1920w\" sizes=\"(max-width: 552px) 100vw, 552px\" \/><\/a><p id=\"caption-attachment-20395\" class=\"wp-caption-text\">Frane nella zona del progetto presso la sede centrale di AMAG a Cham &#8211; Remote Working non fa eccezione per lui.<\/p><\/div>\n<h3><strong>Prima era davvero tutto meglio?<\/strong><\/h3>\n<p>Ho la sensazione che pi\u00f9 si va avanti con l\u2019et\u00e0 pi\u00f9 si sente questa frase. Probabilmente lo si diceva gi\u00e0 2000 anni fa (ride). Per quanto riguarda il supporto, direi che prima il lavoro era pi\u00f9 vario. Ero responsabile di diverse aree e riuscivo a fare molte cose da solo. Oggi queste aree hanno dei confini molto pi\u00f9 netti e ognuno \u00e8 specialista in un determinato campo, perch\u00e9 tutto \u00e8 diventato pi\u00f9 grande.<\/p>\n<p>Non era meglio per\u00f2, era diverso. Il fatto \u00e8 che se non si sta al passo coi tempi e non \u00absi sta al gioco\u00bb, prima o poi si finisce per essere sorpassati dagli sviluppi.<\/p>\n<div id=\"attachment_20426\" style=\"width: 445px\" class=\"wp-caption aligncenter\"><a href=\"https:\/\/www.amag-group.ch\/blog\/wp-content\/uploads\/2020\/10\/ITSupport.jpg\"><img decoding=\"async\" aria-describedby=\"caption-attachment-20426\" class=\"wp-image-20426 size-medium\" src=\"https:\/\/www.amag-group.ch\/blog\/wp-content\/uploads\/2020\/10\/ITSupport-435x414.jpg\" alt=\"\" width=\"435\" height=\"414\" srcset=\"https:\/\/www.amag-group.ch\/blog\/wp-content\/uploads\/2020\/10\/ITSupport-435x414.jpg 435w, https:\/\/www.amag-group.ch\/blog\/wp-content\/uploads\/2020\/10\/ITSupport-768x731.jpg 768w, https:\/\/www.amag-group.ch\/blog\/wp-content\/uploads\/2020\/10\/ITSupport-1536x1463.jpg 1536w, https:\/\/www.amag-group.ch\/blog\/wp-content\/uploads\/2020\/10\/ITSupport.jpg 1576w\" sizes=\"(max-width: 435px) 100vw, 435px\" \/><\/a><p id=\"caption-attachment-20426\" class=\"wp-caption-text\">Team di supporto IT davanti ad AMAG a Buchs ZH nel 2003 con Frane (davanti a sinistra).<\/p><\/div>\n<h3><strong>In che modo la digitalizzazione ha cambiato e\/o influenzato la tua professione?<\/strong><\/h3>\n<p>Direi che, mentre prima eravamo \u00abautori\u00bb, ora siamo diventati pi\u00f9 che altro analisti. La digitalizzazione ha automatizzato molte cose. Prima si installavano i software in loco, oggi lo si fa automaticamente in background. E questo non \u00e8 sempre un vantaggio. \u00c8 vero che tutto \u00e8 pi\u00f9 veloce, ma per quanto riguarda l\u2019orientamento al cliente il supporto in loco era pi\u00f9 personale. Se il software installato non funzionava fin da subito, si poteva intervenire direttamente. Oggi non \u00e8 pi\u00f9 cos\u00ec. Con la digitalizzazione il lavoro si \u00e8 spostato sempre pi\u00f9 verso il back-office. Oggi abbiamo bisogno di pi\u00f9 persone che forniscano supporto in background, non ne servono pi\u00f9 tante in loco.<\/p>\n<h3><strong>Cosa faresti diversamente oggi?<\/strong><\/h3>\n<p>In linea di massima non farei molte cose diversamente. Ce ne sono sicuramente alcune a cui forse avrei dovuto prestare pi\u00f9 attenzione in passato, ad esempio sotto l\u2019aspetto finanziario. Dalla fine degli anni\u00a0\u02bd80, negli anni successivi a gennaio e febbraio sono sempre stato in viaggio per due mesi. Era una cosa a cui tenevo molto e al colloquio di assunzione avevo gi\u00e0 accennato al fatto che avrei voluto continuare a farlo (ride). Allora mi prendevo un mese di ferie e un mese di vacanze non pagate. Oggi non potrei pi\u00f9 farlo, perch\u00e9 ho famiglia, il che comunque \u00e8 bello cos\u00ec. Le cose cambiano e va bene cos\u00ec.<\/p>\n<div id=\"attachment_20432\" style=\"width: 307px\" class=\"wp-caption aligncenter\"><a href=\"https:\/\/www.amag-group.ch\/blog\/wp-content\/uploads\/2020\/10\/Francisco-Vazquez-fr\u00fcher-1.jpg\"><img decoding=\"async\" aria-describedby=\"caption-attachment-20432\" class=\"wp-image-20432\" src=\"https:\/\/www.amag-group.ch\/blog\/wp-content\/uploads\/2020\/10\/Francisco-Vazquez-fr\u00fcher-1-321x414.jpg\" alt=\"\" width=\"297\" height=\"384\" srcset=\"https:\/\/www.amag-group.ch\/blog\/wp-content\/uploads\/2020\/10\/Francisco-Vazquez-fr\u00fcher-1-321x414.jpg 321w, https:\/\/www.amag-group.ch\/blog\/wp-content\/uploads\/2020\/10\/Francisco-Vazquez-fr\u00fcher-1-768x992.jpg 768w, https:\/\/www.amag-group.ch\/blog\/wp-content\/uploads\/2020\/10\/Francisco-Vazquez-fr\u00fcher-1.jpg 1074w\" sizes=\"(max-width: 297px) 100vw, 297px\" \/><\/a><p id=\"caption-attachment-20432\" class=\"wp-caption-text\">Frane con una delle sue acconciature pazzesche dei primi giorni all&#8217;AMAG.<\/p><\/div>\n<h3><strong>Che consigli daresti a un 20enne?<\/strong><\/h3>\n<p>Innanzi tutto deve amare la sua vita, non perdere di vista i suoi desideri e obiettivi e credere in ci\u00f2 che pu\u00f2 fare. Ho un esempio in proposito: quando il mio ex datore di lavoro licenzi\u00f2 tutti i collaboratori a causa di cambiamenti strutturali, rimasi disoccupato per sei mesi. Pensavo che avrei abbandonato completamente l\u2019IT. Mi ricordai di quello che mi piaceva fare prima: il conducente di locomotive. Andai quindi a una serata informativa delle FFS con altre 150\u00a0persone. Tantissimi di loro si candidarono, ma alla fine ne assunsero uno solo. Io arrivai fra i primi tre, cosa di cui sono ancora oggi molto orgoglioso. Poi vidi invece l\u2019offerta di impiego di AMAG, mi candidai e ottenni il lavoro. Alcuni mesi pi\u00f9 tardi mi chiamarono le FFS e mi chiesero se fossi ancora interessato&#8230; ma ero gi\u00e0 \u00abarrivato\u00bb da AMAG ed ero soddisfatto del mio lavoro nell\u2019IT.<\/p>\n<p>Questo mi ha comunque dimostrato che si pu\u00f2 riuscire a fare tutto, se solo lo si vuole e non si perdono di vista i propri sogni.<\/p>\n","protected":false},"excerpt":{"rendered":"<p>Come \u00e8 cambiata la vita e il (suo) profilo professionale da AMAG? L\u2019abbiamo chiesto a Francisco Javier Vazquez.<\/p>\n","protected":false},"author":27,"featured_media":20422,"comment_status":"open","ping_status":"open","sticky":false,"template":"","format":"standard","meta":{"_acf_changed":false,"inline_featured_image":false,"footnotes":""},"categories":[2202],"tags":[],"class_list":["post-20409","post","type-post","status-publish","format-standard","has-post-thumbnail","hentry","category-lavoro-e-carriera"],"acf":[],"_links":{"self":[{"href":"https:\/\/www.amag-group.ch\/blog\/it\/wp-json\/wp\/v2\/posts\/20409","targetHints":{"allow":["GET"]}}],"collection":[{"href":"https:\/\/www.amag-group.ch\/blog\/it\/wp-json\/wp\/v2\/posts"}],"about":[{"href":"https:\/\/www.amag-group.ch\/blog\/it\/wp-json\/wp\/v2\/types\/post"}],"author":[{"embeddable":true,"href":"https:\/\/www.amag-group.ch\/blog\/it\/wp-json\/wp\/v2\/users\/27"}],"replies":[{"embeddable":true,"href":"https:\/\/www.amag-group.ch\/blog\/it\/wp-json\/wp\/v2\/comments?post=20409"}],"version-history":[{"count":1,"href":"https:\/\/www.amag-group.ch\/blog\/it\/wp-json\/wp\/v2\/posts\/20409\/revisions"}],"predecessor-version":[{"id":29767,"href":"https:\/\/www.amag-group.ch\/blog\/it\/wp-json\/wp\/v2\/posts\/20409\/revisions\/29767"}],"wp:featuredmedia":[{"embeddable":true,"href":"https:\/\/www.amag-group.ch\/blog\/it\/wp-json\/wp\/v2\/media\/20422"}],"wp:attachment":[{"href":"https:\/\/www.amag-group.ch\/blog\/it\/wp-json\/wp\/v2\/media?parent=20409"}],"wp:term":[{"taxonomy":"category","embeddable":true,"href":"https:\/\/www.amag-group.ch\/blog\/it\/wp-json\/wp\/v2\/categories?post=20409"},{"taxonomy":"post_tag","embeddable":true,"href":"https:\/\/www.amag-group.ch\/blog\/it\/wp-json\/wp\/v2\/tags?post=20409"}],"curies":[{"name":"wp","href":"https:\/\/api.w.org\/{rel}","templated":true}]}}