{"id":19259,"date":"2020-06-25T10:00:48","date_gmt":"2020-06-25T08:00:48","guid":{"rendered":"https:\/\/www.amag-group.ch\/blog\/?p=19259"},"modified":"2020-06-25T10:54:57","modified_gmt":"2020-06-25T08:54:57","slug":"frueher-war-alles-besseroder-fadil","status":"publish","type":"post","link":"https:\/\/www.amag-group.ch\/blog\/it\/frueher-war-alles-besseroder-fadil\/","title":{"rendered":"\u00abPrima era tutto meglio, non \u00e8 vero Fadil?\u00bb"},"content":{"rendered":"<p>Fadil Ahmetaj, una celebrit\u00e0 AMAG nel magazzino centrale dei ricambi a Buchs ZH. Perch\u00e9 Fadil \u00e8 famoso? Come si pu\u00f2 notare dal suo numero personale\u00a0200, Fadil \u00e8 una pietra miliare del magazzino centrale dei ricambi. E sappiamo anche un\u2019altra cosa: tutti coloro che lo conoscono apprezzano i suoi modi semplici, pragmatici, assolutamente disponibili e cordiali. Chiunque sa, insomma, che Fadil sta ad AMAG (Buchs), come la ruota sta all\u2019auto.<\/p>\n<p>Fadil ci saluta con un fragoroso \u00abSalve\u00bb e ci conduce nel suo spazio di lavoro all\u2019interno del magazzino centrale dei ricambi, contrassegnato dalla scritta \u00abPosta\u00bb. Parliamo degli ultimi aggiornamenti e anche del pi\u00f9 e del meno sul mondo AMAG. Ci sorprende quanto Fadil sia informato, nonostante sia (fisicamente) molto distante dalla sede principale AMAG a Cham. Egli ci spiega con un simpatico ghigno: \u00abChi \u00e8 che in un piccolo paesino \u00e8 al corrente di tutte le storie? Naturalmente il postino\u00bb.<\/p>\n<h3><strong>Fadil, grazie mille per averci dedicato del tempo e per averci aperto le porte della tua vita (professionale). Raccontaci qualcosa del tuo percorso lavorativo.<\/strong><\/h3>\n<p>Sono nato in Kosovo e l\u00ec, negli anni \u02bd80, ho iniziato la mia formazione nel settore agricolo\/tecnico. Quando avevo circa 16\u00a0anni, per\u00f2, la situazione in Kosovo \u00e8 precipitata e sono fuggito assieme a mia madre in Svizzera. Per circa un anno ho lavorato per un\u2019impresa edile, prima di iniziare presso AMAG a Buchs il 7\u00a0gennaio\u00a01991 come collaboratore della logistica. Ero uno dei circa 40\u00a0collaboratori di questa sede. Ero corresponsabile della logistica dei pezzi di ricambio e degli accessori. Avevamo quattro carrelli elevatori: per il resto, niente era ancora elettronico e men che meno digitalizzato. Avevamo a disposizione un solo computer per tutti e, per altro, annotavamo o inserivamo quasi tutto manualmente.<\/p>\n<div id=\"attachment_19224\" style=\"width: 307px\" class=\"wp-caption aligncenter\"><a href=\"https:\/\/www.amag-group.ch\/blog\/wp-content\/uploads\/2020\/06\/Fadil-Feuerwehr-1993.png\"><img decoding=\"async\" aria-describedby=\"caption-attachment-19224\" class=\"wp-image-19224 size-medium\" src=\"https:\/\/www.amag-group.ch\/blog\/wp-content\/uploads\/2020\/06\/Fadil-Feuerwehr-1993-297x414.png\" alt=\"\" width=\"297\" height=\"414\" srcset=\"https:\/\/www.amag-group.ch\/blog\/wp-content\/uploads\/2020\/06\/Fadil-Feuerwehr-1993-297x414.png 297w, https:\/\/www.amag-group.ch\/blog\/wp-content\/uploads\/2020\/06\/Fadil-Feuerwehr-1993.png 609w\" sizes=\"(max-width: 297px) 100vw, 297px\" \/><\/a><p id=\"caption-attachment-19224\" class=\"wp-caption-text\">Fadil a 19 anni nel 1993 nel comando AMAG dei pompieri, sul tetto della sede di AMAG Buchs<\/p><\/div>\n<h3><strong>E adesso con la digitalizzazione il magazzino centrale dei ricambi \u00e8 cambiato, non \u00e8 vero? <\/strong><\/h3>\n<p>Oh s\u00ec. Nei picchi lavorativi, lavoravano circa 500 collaboratori presso la sede di Buchs (magazzino centrale dei ricambi e uffici). Oggi, tra gli enormi scaffali, passa solamente qualche carrello elevatore pieno di ruote o pezzi di ricambio, perch\u00e9 la maggior parte delle ordinazioni viene caricata e scaricata nel posto giusto grazie a dei robot. E naturalmente oggi c\u2019\u00e8 qualcosa in pi\u00f9 che una singola stanza con un computer. Il mio stesso lavoro adesso si svolge circa per il 50\u00a0percento al computer.<\/p>\n<h3><strong>Come \u00e8 continuata poi la tua carriera presso AMAG? <\/strong><\/h3>\n<p>Ho svolto diversi ruoli: dall\u2019Uscita merci, ho lavorato in seguito presso il reparto Restituzioni e adesso, infine, mi occupo della posta interna. Dal 2000, infatti, in quest\u2019ultimo reparto c\u2019\u00e8 stato da fare, perch\u00e9 \u00e8 stata avviata la nuova AMAG Boutique. Quest\u2019ultima era un catalogo con articoli firmati dei marchi automobilistici, dove era possibile acquistare di tutto: dalle t-shirt fino a supporti auto per i primi Nokia. Nei momenti di picco, io e i miei colleghi siamo riusciti a confezionare e ad inviare ai clienti fino a 600\u00a0pacchi al giorno. Era l\u2019inizio della posta interna. E ancora oggi qualche cliente privato effettua degli ordini tramite il nostro <span style=\"text-decoration: underline;\"><a href=\"https:\/\/www.shop.amag.ch\/shop(bD1kZSZjPTEwMCZkPW1pbg==)\/zzshop.htm\">shop online AMAG<\/a>.<\/span><\/p>\n<div id=\"attachment_19244\" style=\"width: 534px\" class=\"wp-caption aligncenter\"><a href=\"https:\/\/www.amag-group.ch\/blog\/wp-content\/uploads\/2020\/06\/Fadil-beim-Postversand.png\" target=\"_blank\" rel=\"noopener\"><img decoding=\"async\" aria-describedby=\"caption-attachment-19244\" class=\"wp-image-19244 size-medium\" src=\"https:\/\/www.amag-group.ch\/blog\/wp-content\/uploads\/2020\/06\/Fadil-beim-Postversand-524x414.png\" alt=\"\" width=\"524\" height=\"414\" srcset=\"https:\/\/www.amag-group.ch\/blog\/wp-content\/uploads\/2020\/06\/Fadil-beim-Postversand-524x414.png 524w, https:\/\/www.amag-group.ch\/blog\/wp-content\/uploads\/2020\/06\/Fadil-beim-Postversand-768x606.png 768w, https:\/\/www.amag-group.ch\/blog\/wp-content\/uploads\/2020\/06\/Fadil-beim-Postversand.png 1920w\" sizes=\"(max-width: 524px) 100vw, 524px\" \/><\/a><p id=\"caption-attachment-19244\" class=\"wp-caption-text\">Fadil alle prese con la spedizione di merci dal magazzino centrale dei ricambi a Buchs<\/p><\/div>\n<h3><strong>E da allora, di cosa ti occupi? <\/strong><\/h3>\n<p>Ancora oggi sono responsabile della posta in entrata e in uscita all\u2019interno del magazzino centrale dei ricambi. Rispetto a prima, \u00e8 cambiato semplicemente ci\u00f2 che trasporto. Consegno pezzi di ricambio ai nostri garage NORA (garage partner), spedisco i prodotti ai clienti privati dal nostro shop e aiuto i miei colleghi anche con il materiale necessario all\u2019allestimento per il Salone dell\u2019automobile di Ginevra. Questa variet\u00e0 nel lavoro, tra incarichi logistici e al computer, mi piace molto.<\/p>\n<h3><strong>Se tornassi indietro ai tuoi 20\u00a0anni, cosa faresti diversamente e cosa consiglieresti oggi ai giovani?<\/strong><\/h3>\n<p>Frequenterei e concluderei un tirocinio come si deve, perch\u00e9 avere delle buone basi \u00e8 ancora oggi molto importante. Ed \u00e8 ci\u00f2 che ho insegnato nel corso degli anni ai miei figli. Per il resto, rifarei tutto ci\u00f2 che ho fatto e non rimpiango nemmeno per un secondo il mio ingresso in AMAG. Questa azienda mi ha aiutato molto anche in alcuni anni molto difficili da un punto di vista personale e i miei colleghi sono sempre stati al mio fianco. Penso proprio che AMAG sia proprio forte!<\/p>\n<p>Non rimpiango nulla, perch\u00e9 ho concentrato i miei sforzi sull\u2019educazione e il sostegno dei miei tre figli. Anche se a volte ho dovuto mettermi in secondo piano, ne \u00e8 valsa la pena e non si pu\u00f2 nemmeno lontanamente immaginare quanto io sia orgoglioso di come questi sono cresciuti.<\/p>\n<h3><strong>E quindi, prima era tutto meglio? <\/strong><\/h3>\n<p>No. La digitalizzazione e gli altri sviluppi nel corso degli anni hanno influenzato positivamente il mio lavoro e l\u2019ambiente professionale. Oggi lavoriamo sicuramente in modo pi\u00f9 efficiente e non dovremmo aver paura delle trasformazioni, perch\u00e9 ogni cambiamento \u00e8 anche una possibilit\u00e0.<\/p>\n","protected":false},"excerpt":{"rendered":"<p>Come \u00e8 cambiata la vita e il (suo) profilo professionale nel corso di 30 anni da AMAG? Lo abbiamo chiesto a Fadil Ahmetaj.<\/p>\n","protected":false},"author":27,"featured_media":19229,"comment_status":"open","ping_status":"open","sticky":false,"template":"","format":"standard","meta":{"_acf_changed":false,"inline_featured_image":false,"footnotes":""},"categories":[2202],"tags":[],"class_list":["post-19259","post","type-post","status-publish","format-standard","has-post-thumbnail","hentry","category-lavoro-e-carriera"],"acf":[],"_links":{"self":[{"href":"https:\/\/www.amag-group.ch\/blog\/it\/wp-json\/wp\/v2\/posts\/19259","targetHints":{"allow":["GET"]}}],"collection":[{"href":"https:\/\/www.amag-group.ch\/blog\/it\/wp-json\/wp\/v2\/posts"}],"about":[{"href":"https:\/\/www.amag-group.ch\/blog\/it\/wp-json\/wp\/v2\/types\/post"}],"author":[{"embeddable":true,"href":"https:\/\/www.amag-group.ch\/blog\/it\/wp-json\/wp\/v2\/users\/27"}],"replies":[{"embeddable":true,"href":"https:\/\/www.amag-group.ch\/blog\/it\/wp-json\/wp\/v2\/comments?post=19259"}],"version-history":[{"count":0,"href":"https:\/\/www.amag-group.ch\/blog\/it\/wp-json\/wp\/v2\/posts\/19259\/revisions"}],"wp:featuredmedia":[{"embeddable":true,"href":"https:\/\/www.amag-group.ch\/blog\/it\/wp-json\/wp\/v2\/media\/19229"}],"wp:attachment":[{"href":"https:\/\/www.amag-group.ch\/blog\/it\/wp-json\/wp\/v2\/media?parent=19259"}],"wp:term":[{"taxonomy":"category","embeddable":true,"href":"https:\/\/www.amag-group.ch\/blog\/it\/wp-json\/wp\/v2\/categories?post=19259"},{"taxonomy":"post_tag","embeddable":true,"href":"https:\/\/www.amag-group.ch\/blog\/it\/wp-json\/wp\/v2\/tags?post=19259"}],"curies":[{"name":"wp","href":"https:\/\/api.w.org\/{rel}","templated":true}]}}