{"id":19125,"date":"2020-06-16T09:51:15","date_gmt":"2020-06-16T07:51:15","guid":{"rendered":"https:\/\/www.amag-group.ch\/blog\/?p=19125"},"modified":"2020-06-16T10:27:12","modified_gmt":"2020-06-16T08:27:12","slug":"nuova-immagine-del-marchio-per-das-weltauto-intervista-con-il-project-manager-severin-ganz","status":"publish","type":"post","link":"https:\/\/www.amag-group.ch\/blog\/it\/nuova-immagine-del-marchio-per-das-weltauto-intervista-con-il-project-manager-severin-ganz\/","title":{"rendered":"Nuova immagine del marchio per Das WeltAuto: intervista con il project manager Severin Ganz"},"content":{"rendered":"<h3><strong>Qual \u00e8 stato il motivo del rilancio?<\/strong><\/h3>\n<p>Da un lato, \u00e8 stata l\u2019esperienza del marchio: Das WeltAuto deve avere un impatto visibile, tangibile e pi\u00f9 emozionale, in particolare attraverso i punti di contatto digitali. Inoltre, da un punto di vista tecnico, era necessario sviluppare in modo significativo la piattaforma online per soddisfare le esigenze degli \u00abacquirenti online\u00bb di oggi. La ricerca della nuova auto dei propri sogni dovrebbe essere un\u2019esperienza piacevole. Speriamo che la nuova piattaforma abbia raggiunto questo obiettivo.<\/p>\n<h3><strong>Cosa comprende la nuova immagine del marchio? <\/strong><\/h3>\n<p>Il marchio delle vetture d\u2019occasione ha modernizzato la sua immagine generale. Il linguaggio fotografico \u00e8 stato rinfrescato e la gamma dei colori e il design grafico del carattere sono stati ottimizzati per l\u2019uso digitale. Inoltre, anche la piattaforma online \u00e8 stata completamente rinnovata.<\/p>\n<div id=\"attachment_19112\" style=\"width: 630px\" class=\"wp-caption aligncenter\"><img decoding=\"async\" aria-describedby=\"caption-attachment-19112\" class=\"wp-image-19112 size-medium\" src=\"https:\/\/www.amag-group.ch\/blog\/wp-content\/uploads\/2020\/06\/IMG_3498-620x414.jpeg\" alt=\"\" width=\"620\" height=\"414\" srcset=\"https:\/\/www.amag-group.ch\/blog\/wp-content\/uploads\/2020\/06\/IMG_3498-620x414.jpeg 620w, https:\/\/www.amag-group.ch\/blog\/wp-content\/uploads\/2020\/06\/IMG_3498-768x512.jpeg 768w, https:\/\/www.amag-group.ch\/blog\/wp-content\/uploads\/2020\/06\/IMG_3498-720x480.jpeg 720w, https:\/\/www.amag-group.ch\/blog\/wp-content\/uploads\/2020\/06\/IMG_3498.jpeg 1920w\" sizes=\"(max-width: 620px) 100vw, 620px\" \/><p id=\"caption-attachment-19112\" class=\"wp-caption-text\">Project manager Severin Ganz, Marketing Manager Used Car di AMAG<\/p><\/div>\n<h3><strong>Come si presenta la nuova presenza online?<\/strong><\/h3>\n<p>La ricerca di un\u2019auto dovrebbe essere \u00abuser friendly\u00bb, intuitiva e stimolante. Sulla piattaforma Das WeltAuto, una funzione di ricerca interattiva, pittogrammi, accenti colorati e funzioni mobili forniscono una guida utente migliorata e semplificata. La nuova piattaforma \u00e8 stata inoltre ottimizzata anche dal punto di vista tecnico per soddisfare i pi\u00f9 recenti requisiti degli apparecchi mobili e dei motori di ricerca.<\/p>\n<h3><strong>Quali sono i punti a cui si \u00e8 data particolare importanza?<\/strong><\/h3>\n<p>La piattaforma online \u00e8 il cuore della nuova immagine del marchio e pertanto si basa anche sui pi\u00f9 recenti standard delle soluzioni di e-commerce oggi disponibili. Inoltre, grande attenzione \u00e8 stata dedicata al cosiddetto Responsive Web Design. Di conseguenza, le funzioni e la presentazione grafica sono state ottimizzate per soddisfare le esigenze degli apparecchi mobili.<\/p>\n<h3><strong>Quali sono le modifiche e gli adeguamenti pi\u00f9 importanti rispetto alla piattaforma precedente?<\/strong><\/h3>\n<p>La funzione di ricerca interattiva \u00e8 certamente particolare. L\u2019utente pu\u00f2 digitare diverse parole singole nel campo di ricerca della pagina iniziale, come ad esempio su Google, senza dover prima utilizzare un filtro di selezione. Ad esempio: Volkswagen Tiguan bianca a benzina a trazione integrale (v. video).<\/p>\n<p><iframe src=\"https:\/\/amagtv.bbvms.com\/p\/default\/c\/3793285.html?inheritDimensions=true\" width=\"720\" height=\"405\" frameborder=\"0\" allowfullscreen=\"allowfullscreen\"><\/iframe><\/p>\n<h3><strong>Cosa distingue Das WeltAuto dalle piattaforme della concorrenza? <\/strong><\/h3>\n<p>Tutti i fornitori di Das WeltAuto sono partner ufficiali del marchio Volkswagen, SEAT, \u0160KODA o Volkswagen Veicoli Commerciali. Ci\u00f2 significa che i clienti ricevono una gamma selezionata di occasioni di qualit\u00e0 dei marchi del nostro Gruppo. \u00c8 difficile che altre piattaforme possano offrire questo filtro di qualit\u00e0. La nuova piattaforma online \u00e8 al passo con le piattaforme concorrenti anche in termini di tecnologia e facilit\u00e0 d\u2019uso.<\/p>\n<h3><strong>A quali gruppi target si rivolge?<\/strong><\/h3>\n<p>In quasi tutti i segmenti ci sono persone interessate alle auto usate. Ci\u00f2 che li accomuna \u00e8 il fatto che il processo di acquisto ora inizia praticamente sempre online. Ed \u00e8 proprio qui che vogliamo essere presenti. Modernizzando e ottimizzando il sistema sugli apparecchi mobili naturalmente ci auguriamo di riconquistare anche i clienti pi\u00f9 giovani.<\/p>\n<h3><strong>Quanto \u00e8 durata la fase di progettazione?<\/strong><\/h3>\n<p>Il kick-off meeting si \u00e8 tenuto all\u2019inizio di febbraio 2020 presso la sede di AMAG a Cham. Ci\u00f2 significa che la fase progettuale, durata poco pi\u00f9 di due mesi, \u00e8 stata relativamente breve, ma il risultato \u00e8 pi\u00f9 che soddisfacente.<\/p>\n<h3><strong>Chi \u00e8 stato coinvolto nel progetto?<\/strong><\/h3>\n<p>Per quel che riguarda AMAG, i responsabili del progetto siamo stati Noah Di Leo (Sales &amp; Marketing Coordinator) e io. Il supporto tecnico \u00e8 stato fornito dal project team della sede centrale di Das WeltAuto (Gruppo Volkswagen) e da AMAG IT.<\/p>\n<h3><strong>Il progetto \u00e8 terminato o sono previste altre modifiche alla piattaforma?<\/strong><\/h3>\n<p>La fase di test della piattaforma \u00e8 terminata e dal punto di vista tecnico funziona tutto. A breve sar\u00e0 lanciata una seconda fase, in cui con l\u2019ausilio della \u00abweb analytics\u00bb si studier\u00e0 la presenza di un ulteriore potenziale di ottimizzazione. Questo potrebbe riguardare, ad esempio, la sequenza di alcuni filtri nella ricerca del veicolo, che saranno spostati pi\u00f9 in basso o pi\u00f9 in alto a seconda della frequenza di utilizzo. Ci sono poi altri due sottoprogetti che sono ancora in fase di realizzazione.<\/p>\n<h3><strong>\u00c8 possibile avere gi\u00e0 qualche informazione in pi\u00f9 su questi due progetti?<\/strong><\/h3>\n<p>Uno \u00e8 un calcolatore di leasing che vogliamo integrare direttamente nella piattaforma. Cos\u00ec i clienti potranno calcolare direttamente il loro tasso di leasing personale per il veicolo d\u2019occasione prescelto. Per quel che riguarda l\u2019altro, l\u2019idea \u00e8 di creare un apposito responsabile della campagna sul sito web. In questo modo si potrebbero mettere in evidenza le campagne pubblicitarie per singoli annunci o marchi.<\/p>\n<p><span style=\"text-decoration: underline;\"><a href=\"https:\/\/www.dasweltauto.ch\/it.html\" target=\"_blank\" rel=\"noopener\">Link al sito web di Das WeltAuto<\/a><\/span><\/p>\n","protected":false},"excerpt":{"rendered":"<p>In una breve intervista con il project manager Severin Ganz, Marketing Manager Used Car di AMAG, otteniamo maggiori informazioni sulla nuova immagine del marchio di Das WeltAuto. <\/p>\n","protected":false},"author":63,"featured_media":19133,"comment_status":"open","ping_status":"open","sticky":false,"template":"","format":"standard","meta":{"_acf_changed":false,"inline_featured_image":false,"footnotes":""},"categories":[8121],"tags":[],"class_list":["post-19125","post","type-post","status-publish","format-standard","has-post-thumbnail","hentry","category-auto-e-tecnologia"],"acf":[],"_links":{"self":[{"href":"https:\/\/www.amag-group.ch\/blog\/it\/wp-json\/wp\/v2\/posts\/19125","targetHints":{"allow":["GET"]}}],"collection":[{"href":"https:\/\/www.amag-group.ch\/blog\/it\/wp-json\/wp\/v2\/posts"}],"about":[{"href":"https:\/\/www.amag-group.ch\/blog\/it\/wp-json\/wp\/v2\/types\/post"}],"author":[{"embeddable":true,"href":"https:\/\/www.amag-group.ch\/blog\/it\/wp-json\/wp\/v2\/users\/63"}],"replies":[{"embeddable":true,"href":"https:\/\/www.amag-group.ch\/blog\/it\/wp-json\/wp\/v2\/comments?post=19125"}],"version-history":[{"count":0,"href":"https:\/\/www.amag-group.ch\/blog\/it\/wp-json\/wp\/v2\/posts\/19125\/revisions"}],"wp:featuredmedia":[{"embeddable":true,"href":"https:\/\/www.amag-group.ch\/blog\/it\/wp-json\/wp\/v2\/media\/19133"}],"wp:attachment":[{"href":"https:\/\/www.amag-group.ch\/blog\/it\/wp-json\/wp\/v2\/media?parent=19125"}],"wp:term":[{"taxonomy":"category","embeddable":true,"href":"https:\/\/www.amag-group.ch\/blog\/it\/wp-json\/wp\/v2\/categories?post=19125"},{"taxonomy":"post_tag","embeddable":true,"href":"https:\/\/www.amag-group.ch\/blog\/it\/wp-json\/wp\/v2\/tags?post=19125"}],"curies":[{"name":"wp","href":"https:\/\/api.w.org\/{rel}","templated":true}]}}