{"id":18183,"date":"2020-03-27T08:08:42","date_gmt":"2020-03-27T07:08:42","guid":{"rendered":"https:\/\/www.amag-group.ch\/blog\/?p=18183"},"modified":"2020-03-27T08:08:42","modified_gmt":"2020-03-27T07:08:42","slug":"e-solo-un-colpo-di-frusta-o-no","status":"publish","type":"post","link":"https:\/\/www.amag-group.ch\/blog\/it\/e-solo-un-colpo-di-frusta-o-no\/","title":{"rendered":"\u00c8 solo un colpo di frusta&#8230; o no?"},"content":{"rendered":"<p>L\u2019incidente \u00e8 avvenuto nel febbraio 2019 sulla statale da Spiez a Thun. La signora Meier* \u00e8 seduta sul sedile del passeggero nell\u2019auto della sua amica, mentre sua figlia si trova sul sedile posteriore. La signora Meier ricorda lo schianto e poi che la macchina si \u00e8 fermata. Una collisione posteriore con il coinvolgimento di diverse auto e di un camion. Fortunatamente non ci sono stati feriti gravi. La signora Meier e sua figlia sono rimaste una notte in ospedale in osservazione. Diagnosi<strong>:<\/strong> colpo di frusta. L\u2019amica che guidava e sua figlia che era sul sedile posteriore sono fortunatamente rimaste illese. Avevano un piede slogato e dolori al collo a causa della cintura di sicurezza, ma non sono dovute rimanere in ospedale. Il giorno seguente, anche la signora Meier e sua figlia sono state dimesse.<\/p>\n<p>All\u2019inizio la signora Meier pensava che fossero state fortunate, che non fosse andata poi cos\u00ec male. La normalit\u00e0 sarebbe presto tornata. Ma l\u2019evento ha lasciato degli strascichi sia per la figlia, che per la signora Meier stessa. A giorni di distanza dall\u2019incidente ha ancora dolori e spesso si sente confusa. La figlia non riesce pi\u00f9 a dormire tutta la notte e si spaventa regolarmente. Una situazione estenuante. Ora la polizia ha contattato di nuovo la signora Meier e ha annunciato che domani verr\u00e0 a casa sua per porle alcune domande. Lei per\u00f2 ha gi\u00e0 detto tutto e forse non ricorda pi\u00f9 tutti i dettagli. Ha paura di essere interrogata. Improvvisamente non \u00e8 pi\u00f9 sicura di aver fatto tutto bene e cerca un aiuto.<\/p>\n<p>La signora Meier chiama la <a href=\"https:\/\/www.roadcross.ch\/helpline\/\" target=\"_blank\" rel=\"noopener\"><span style=\"text-decoration: underline;\">linea di assistenza di RoadCross Svizzera<\/span><\/a>. Quando ha lasciato l\u2019ospedale, il servizio sociale le ha dato il volantino della fondazione. La signora Clavadetscher, consulente RoadCross, risponde alla chiamata. Dopo una formazione nel sociale e molti anni di esperienza professionale in campo psicosociale, la signora Clavadetscher \u00e8 in grado di aiutare. Ha familiarit\u00e0 con una serie di casi simili e conosce le procedure. Oltre alle sue conoscenze tecniche, la signora Clavadetscher \u00e8 anche una buona ascoltatrice. Sa quali strascichi pu\u00f2 lasciare un incidente stradale. La signora Meier ha ancora difficolt\u00e0 a parlare dell\u2019evento e diventa subito chiaro alla consulente che lo shock \u00e8 pi\u00f9 profondo del previsto. Ancora una volta. Spesso le conseguenze a lungo termine vengono sottovalutate e gli interessati sono lasciati soli con le loro preoccupazioni. Inoltre, nel corso di accertamenti successivi, alla signora Meier viene diagnosticato uno spostamento vertebrale. \u00c8 questa la causa del dolore costante.<\/p>\n","protected":false},"excerpt":{"rendered":"<p>Anche se un incidente non si conclude con lesioni gravi, pu\u00f2 comunque avere conseguenze pesanti per tutte le persone coinvolte. Caroline Beglinger F\u00ebderova, direttrice di RoadCross Svizzera, racconta la storia vera di una giovane madre che \u00e8 tornata ad avere una vita normale grazie all\u2019aiuto di RoadCross.<\/p>\n","protected":false},"author":58,"featured_media":18173,"comment_status":"open","ping_status":"open","sticky":false,"template":"","format":"standard","meta":{"_acf_changed":false,"inline_featured_image":false,"footnotes":""},"categories":[8121],"tags":[],"class_list":["post-18183","post","type-post","status-publish","format-standard","has-post-thumbnail","hentry","category-auto-e-tecnologia"],"acf":[],"_links":{"self":[{"href":"https:\/\/www.amag-group.ch\/blog\/it\/wp-json\/wp\/v2\/posts\/18183","targetHints":{"allow":["GET"]}}],"collection":[{"href":"https:\/\/www.amag-group.ch\/blog\/it\/wp-json\/wp\/v2\/posts"}],"about":[{"href":"https:\/\/www.amag-group.ch\/blog\/it\/wp-json\/wp\/v2\/types\/post"}],"author":[{"embeddable":true,"href":"https:\/\/www.amag-group.ch\/blog\/it\/wp-json\/wp\/v2\/users\/58"}],"replies":[{"embeddable":true,"href":"https:\/\/www.amag-group.ch\/blog\/it\/wp-json\/wp\/v2\/comments?post=18183"}],"version-history":[{"count":0,"href":"https:\/\/www.amag-group.ch\/blog\/it\/wp-json\/wp\/v2\/posts\/18183\/revisions"}],"wp:featuredmedia":[{"embeddable":true,"href":"https:\/\/www.amag-group.ch\/blog\/it\/wp-json\/wp\/v2\/media\/18173"}],"wp:attachment":[{"href":"https:\/\/www.amag-group.ch\/blog\/it\/wp-json\/wp\/v2\/media?parent=18183"}],"wp:term":[{"taxonomy":"category","embeddable":true,"href":"https:\/\/www.amag-group.ch\/blog\/it\/wp-json\/wp\/v2\/categories?post=18183"},{"taxonomy":"post_tag","embeddable":true,"href":"https:\/\/www.amag-group.ch\/blog\/it\/wp-json\/wp\/v2\/tags?post=18183"}],"curies":[{"name":"wp","href":"https:\/\/api.w.org\/{rel}","templated":true}]}}