{"id":17930,"date":"2020-02-28T10:02:17","date_gmt":"2020-02-28T09:02:17","guid":{"rendered":"https:\/\/www.amag-group.ch\/blog\/?p=17930"},"modified":"2020-02-28T10:02:17","modified_gmt":"2020-02-28T09:02:17","slug":"spirito-pionieristico-la-base-del-successo-75-anni-di-amag","status":"publish","type":"post","link":"https:\/\/www.amag-group.ch\/blog\/it\/spirito-pionieristico-la-base-del-successo-75-anni-di-amag\/","title":{"rendered":"Spirito pionieristico, la base del successo: 75 anni di AMAG"},"content":{"rendered":"<p>Per buttarsi nel settore automobilistico nel 1945 di certo bisognava essere lungimiranti. Walter Haefner, fondatore di AMAG, possedeva uno spiccato spirito pionieristico. Basta dare uno sguardo ai 75 anni di AMAG per riconoscere immediatamente le decisioni innovative che ne hanno caratterizzato la storia, ad esempio il ricorso precoce all\u2019elaborazione elettronica dei dati, le svolte della logistica, una strategia immobiliare previdente, l\u2019ingresso nel settore dei finanziamenti per le auto, la creazione di una vasta rete di officine, proficui investimenti in altri ambiti e oggi in nuove forme di mobilit\u00e0.<\/p>\n<h3><strong>Gli esordi: l\u2019azienda \u00abNeue AMAG\u00bb<\/strong><\/h3>\n<p>Il fondatore di AMAG Walter Haefner dimostra fin da subito di avere un fiuto eccezionale per i trend e le opportunit\u00e0 commerciali. Quando scoppia la Seconda guerra mondiale, la benzina e il diesel iniziano a scarseggiare per i privati e l\u2019unica possibilit\u00e0 \u00e8 di alimentare le auto a legna.<\/p>\n<div id=\"attachment_17915\" style=\"width: 600px\" class=\"wp-caption alignright\"><a class=\"fancybox-link\" href=\"https:\/\/www.amag-group.ch\/blog\/wp-content\/uploads\/2020\/02\/50_Auto-Montage-Suisse-_-Standard-Vanguard.jpg\"><img decoding=\"async\" aria-describedby=\"caption-attachment-17915\" class=\"size-medium wp-image-17915\" src=\"https:\/\/www.amag-group.ch\/blog\/wp-content\/uploads\/2020\/02\/50_Auto-Montage-Suisse-_-Standard-Vanguard-590x414.jpg\" alt=\"\" width=\"590\" height=\"414\" srcset=\"https:\/\/www.amag-group.ch\/blog\/wp-content\/uploads\/2020\/02\/50_Auto-Montage-Suisse-_-Standard-Vanguard-590x414.jpg 590w, https:\/\/www.amag-group.ch\/blog\/wp-content\/uploads\/2020\/02\/50_Auto-Montage-Suisse-_-Standard-Vanguard.jpg 713w\" sizes=\"(max-width: 590px) 100vw, 590px\" \/><\/a><p id=\"caption-attachment-17915\" class=\"wp-caption-text\">Automontage Schinznach Standard Vanguard<\/p><\/div>\n<p>Nel 1941 Haefner punta proprio su quest\u2019opportunit\u00e0 commerciale e fonda cos\u00ec l\u2019Autark, la sua prima azienda. Ma al tempo stesso sa che dopo la guerra la sua impresa \u00e8 destinata a fallire. Ecco perch\u00e9 il 3 gennaio 1945 acquisisce l\u2019azienda in rovina AMAG Automobil- und Motoren AG dall\u2019ufficio fallimenti di Riesbach e fonda la \u00abNeue AMAG Automobil- und Motoren AG\u00bb. La sua idea? Importare automobili esclusive in Svizzera. Fin dal primo momento mette gli occhi sulle robuste \u00abVolkswagen\u00bb. ma subito dopo la guerra l\u2019unico marchio disponibile \u00e8 l\u2019inglese Standard. All\u2019inizio del 1946, gli autisti svizzeri trasferiscono le prime dieci Standard da Le Havre, in Francia, alla Svizzera, dove Haefner le vende. Alla fine del 1946 anche le americane Chrysler, Plymouth, DeSoto e Dodge fanno il loro ingresso nella gamma.<\/p>\n\n\t\t<style type=\"text\/css\">\n\t\t\t#gallery-1 {\n\t\t\t\tmargin: auto;\n\t\t\t}\n\t\t\t#gallery-1 .gallery-item {\n\t\t\t\tfloat: left;\n\t\t\t\tmargin-top: 10px;\n\t\t\t\ttext-align: center;\n\t\t\t\twidth: 50%;\n\t\t\t}\n\t\t\t#gallery-1 img {\n\t\t\t\tborder: 2px solid #cfcfcf;\n\t\t\t}\n\t\t\t#gallery-1 .gallery-caption {\n\t\t\t\tmargin-left: 0;\n\t\t\t}\n\t\t\t\/* see gallery_shortcode() in wp-includes\/media.php *\/\n\t\t<\/style>\n\t\t<div id='gallery-1' class='gallery galleryid-17930 gallery-columns-2 gallery-size-medium'><dl class='gallery-item'>\n\t\t\t<dt class='gallery-icon landscape'>\n\t\t\t\t<a href='https:\/\/www.amag-group.ch\/blog\/wp-content\/uploads\/2020\/02\/AMAG_Hauptgeb\u00e4ude-1946.jpg'><img decoding=\"async\" width=\"620\" height=\"400\" src=\"https:\/\/www.amag-group.ch\/blog\/wp-content\/uploads\/2020\/02\/AMAG_Hauptgeb\u00e4ude-1946-620x400.jpg\" class=\"attachment-medium size-medium\" alt=\"\" aria-describedby=\"gallery-1-17899\" srcset=\"https:\/\/www.amag-group.ch\/blog\/wp-content\/uploads\/2020\/02\/AMAG_Hauptgeb\u00e4ude-1946-620x400.jpg 620w, https:\/\/www.amag-group.ch\/blog\/wp-content\/uploads\/2020\/02\/AMAG_Hauptgeb\u00e4ude-1946-768x496.jpg 768w, https:\/\/www.amag-group.ch\/blog\/wp-content\/uploads\/2020\/02\/AMAG_Hauptgeb\u00e4ude-1946.jpg 1920w\" sizes=\"(max-width: 620px) 100vw, 620px\" \/><\/a>\n\t\t\t<\/dt>\n\t\t\t\t<dd class='wp-caption-text gallery-caption' id='gallery-1-17899'>\n\t\t\t\tAMAG Utoquai\n\t\t\t\t<\/dd><\/dl><dl class='gallery-item'>\n\t\t\t<dt class='gallery-icon landscape'>\n\t\t\t\t<a href='https:\/\/www.amag-group.ch\/blog\/wp-content\/uploads\/2020\/02\/AMAG-Utoquai-11.6.1948.jpg'><img decoding=\"async\" width=\"558\" height=\"414\" src=\"https:\/\/www.amag-group.ch\/blog\/wp-content\/uploads\/2020\/02\/AMAG-Utoquai-11.6.1948-558x414.jpg\" class=\"attachment-medium size-medium\" alt=\"\" srcset=\"https:\/\/www.amag-group.ch\/blog\/wp-content\/uploads\/2020\/02\/AMAG-Utoquai-11.6.1948-558x414.jpg 558w, https:\/\/www.amag-group.ch\/blog\/wp-content\/uploads\/2020\/02\/AMAG-Utoquai-11.6.1948-768x570.jpg 768w, https:\/\/www.amag-group.ch\/blog\/wp-content\/uploads\/2020\/02\/AMAG-Utoquai-11.6.1948.jpg 1920w\" sizes=\"(max-width: 558px) 100vw, 558px\" \/><\/a>\n\t\t\t<\/dt><\/dl><br style=\"clear: both\" \/>\n\t\t<\/div>\n\n<p>La prima sede di \u00abNeue AMAG\u00bb a Utoquai, il lungolago di Zurigo, ben presto si rivela troppo piccola per l\u2019attivit\u00e0 in espansione. Cos\u00ec nel 1947 Haefner compra il terreno di una ex fabbrica di cemento a Schinznach-Bad nel Canton Argovia e vi trasferisce l\u2019azienda. Poco dopo AMAG inizia a costruire nella ex fabbrica uno stabilimento di assemblaggio per i veicoli inglesi e americani importati. Per quale motivo? Per i veicoli smontati, spediti all\u2019interno di grosse casse, si pagano dazi decisamente inferiori perch\u00e9 l\u2019assemblaggio offre lavoro alla manodopera svizzera. E per di pi\u00f9 il montaggio in AMAG garantisce standard di qualit\u00e0 difficilmente raggiungibili dalla maggioranza dei veicoli di importazione.<\/p>\n<div id=\"attachment_17921\" style=\"width: 604px\" class=\"wp-caption aligncenter\"><a class=\"fancybox-link\" href=\"https:\/\/www.amag-group.ch\/blog\/wp-content\/uploads\/2020\/02\/49_AMAG_Hauptgebaeude.jpg\"><img decoding=\"async\" aria-describedby=\"caption-attachment-17921\" class=\"size-medium wp-image-17921\" src=\"https:\/\/www.amag-group.ch\/blog\/wp-content\/uploads\/2020\/02\/49_AMAG_Hauptgebaeude-594x414.jpg\" alt=\"\" width=\"594\" height=\"414\" srcset=\"https:\/\/www.amag-group.ch\/blog\/wp-content\/uploads\/2020\/02\/49_AMAG_Hauptgebaeude-594x414.jpg 594w, https:\/\/www.amag-group.ch\/blog\/wp-content\/uploads\/2020\/02\/49_AMAG_Hauptgebaeude-768x535.jpg 768w, https:\/\/www.amag-group.ch\/blog\/wp-content\/uploads\/2020\/02\/49_AMAG_Hauptgebaeude.jpg 1356w\" sizes=\"(max-width: 594px) 100vw, 594px\" \/><\/a><p id=\"caption-attachment-17921\" class=\"wp-caption-text\">AMAG Schinznach<\/p><\/div>\n<h3><strong>Logistica ricambi e veicoli: una sede lungimirante<\/strong><\/h3>\n<p>Schinznach-Bad \u00e8 il centro delle attivit\u00e0 di AMAG. Oltre al montaggio, all\u2019inizio arrivano l\u00ec anche tutti i veicoli finiti importati; i Maggiolini Volkswagen intanto non vengono pi\u00f9 consegnati su strada, ma su rotaia. Il magazzino ricambi cresce rapidamente e occupa diversi edifici di legno.<\/p>\n<p>All\u2019inizio degli anni Cinquanta si decide di scorporare il settore dei ricambi spostandolo in un centro separato. La scelta della sede desta scalpore: il magazzino ricambi centrale inaugurato nel 1957 (oggi Centro logistico dei ricambi) si trova infatti a Buchs (ZH), un piccolo villaggio contadino nella Furttal, lontano da mercati e vie di trasporto ma provvisto di un collegamento ferroviario. Anche l\u2019ubicazione del centro logistico per veicoli di Birrfeld presso la Lupfig AG, inaugurato nel 1965, solleva interrogativi. Eppure, oggi entrambe queste sedi si trovano proprio nel bel mezzo di grandi agglomerati, a due passi da snodi autostradali e ben collegate con la rete ferroviaria internazionale. Grazie a questi due stabilimenti, AMAG \u00e8 riuscita a creare precocemente una rete logistica efficiente e predisposta alla crescita, senza la quale l\u2019azienda non avrebbe mai raggiunto la sua posizione attuale sul mercato.<\/p>\n<h3><strong>Sviluppo della rete di vendita<\/strong><\/h3>\n<p>Anche per quanto riguarda lo sviluppo della propria rete di vendita, AMAG ha dato prova di una grande lungimiranza. Nel 1952 apre una delle sue prime filiali a Berna, mentre nel 1956 viene inaugurata un\u2019altra grande officina in Ueberlandstrasse a Zurigo.<\/p>\n<div id=\"attachment_17909\" style=\"width: 576px\" class=\"wp-caption alignleft\"><a class=\"fancybox-link\" href=\"https:\/\/www.amag-group.ch\/blog\/wp-content\/uploads\/2020\/02\/AMAG-Ueberland-1957.jpg\"><img decoding=\"async\" aria-describedby=\"caption-attachment-17909\" class=\"size-medium wp-image-17909\" src=\"https:\/\/www.amag-group.ch\/blog\/wp-content\/uploads\/2020\/02\/AMAG-Ueberland-1957-566x414.jpg\" alt=\"\" width=\"566\" height=\"414\" srcset=\"https:\/\/www.amag-group.ch\/blog\/wp-content\/uploads\/2020\/02\/AMAG-Ueberland-1957-566x414.jpg 566w, https:\/\/www.amag-group.ch\/blog\/wp-content\/uploads\/2020\/02\/AMAG-Ueberland-1957-768x562.jpg 768w, https:\/\/www.amag-group.ch\/blog\/wp-content\/uploads\/2020\/02\/AMAG-Ueberland-1957.jpg 1632w\" sizes=\"(max-width: 566px) 100vw, 566px\" \/><\/a><p id=\"caption-attachment-17909\" class=\"wp-caption-text\">AMAG Ueberland<\/p><\/div>\n<p>Molti si chiedevano a che cosa servisse un\u2019officina cos\u00ec grande in mezzo ai campi di patate fuori citt\u00e0. Ma anche stavolta la scelta della location, a met\u00e0 strada tra la citt\u00e0 di Zurigo in espansione e l\u2019aeroporto di Floten, si rivela vincente. Fino al 2011, AMAG Ueberland \u00e8 stata la sede ammiraglia del Gruppo. E grazie al ristorante M\u00f6venpick all\u2019interno dell\u2019area \u00e8 diventata perfino meta di gite.<\/p>\n<p>AMAG Ueberland \u00e8 la prima di una lunga serie di aperture di officine in tutte le principali citt\u00e0 svizzere come Berna, Biel, Ginevra e Losanna. Dal 1959 inizia anche ad aprire numerose officine in centri pi\u00f9 piccoli, affidandole in franchising ad aziende autonome. Cos\u00ec l\u2019azienda si \u00e8 assicurata rapidamente una presenza su tutto il territorio nazionale, che ha sostenuto la sua crescita e il suo successo. <a class=\"fancybox-link\" href=\"https:\/\/www.amag-group.ch\/blog\/wp-content\/uploads\/2020\/02\/Rundbauten-Franchising.jpg\"><img decoding=\"async\" class=\"size-medium wp-image-17906 alignright\" src=\"https:\/\/www.amag-group.ch\/blog\/wp-content\/uploads\/2020\/02\/Rundbauten-Franchising-516x414.jpg\" alt=\"\" width=\"516\" height=\"414\" srcset=\"https:\/\/www.amag-group.ch\/blog\/wp-content\/uploads\/2020\/02\/Rundbauten-Franchising-516x414.jpg 516w, https:\/\/www.amag-group.ch\/blog\/wp-content\/uploads\/2020\/02\/Rundbauten-Franchising-768x616.jpg 768w, https:\/\/www.amag-group.ch\/blog\/wp-content\/uploads\/2020\/02\/Rundbauten-Franchising.jpg 1920w\" sizes=\"(max-width: 516px) 100vw, 516px\" \/><\/a><\/p>\n<p>Nel 2011, un\u2019altra pietra miliare \u00e8 stata l\u2019inaugurazione di AMAG Autowelt a D\u00fcbendorf. La strategia unica di quest\u2019azienda, che non conosce eguali in Svizzera e nel resto d\u2019Europa, consiste nell\u2019unire la vendita e i servizi post-vendita di tutti i marchi automobilistici di AMAG per un bacino d\u2019utenza molto vasto, nelle immediate vicinanze di una stazione ferroviaria.<\/p>\n<p>Negli ultimi anni, AMAG ha investito soprattutto negli allestimenti specializzati che le officine indipendenti non possono permettersi, ad esempio centri specialistici per la carrozzeria e la verniciatura come l\u2019officina di Lengwil presso Kreuzlingen (TG) o il centro di Wettswil vicino a Zurigo, ancora in costruzione. Tali fabbriche di servizi, dalla massima efficienza, sono gi\u00e0 attrezzate per il mercato di domani, che sar\u00e0 caratterizzato da pi\u00f9 auto elettriche, meno interventi di manutenzione, un numero inferiore di incidenti grazie ai veicoli a guida autonoma ma anche da una maggiore complessit\u00e0 dei guasti.<\/p>\n<h3><strong>Supporto dell\u2019attivit\u00e0 principale<\/strong><\/h3>\n<p>Gi\u00e0 nel 1953 il proprietario di AMAG si rende conto che acquistare un\u2019auto rappresenta per molti un grosso problema dal punto di vista finanziario. Per questo fonda un\u2019azienda di finanziamento per l\u2019acquisto di automobili, la Aufina AG, che successivamente vende alla Societ\u00e0 di Banca Svizzera.<\/p>\n<p>Walter Haefner compie un altro investimento fondamentale per AMAG nel 1959 quando fonda l\u2019Automation Center (AC) a Wettingen, dopo che gi\u00e0 dal 1954 aveva preso confidenza con i primi computer fissi. Proprio per la AC, consociata di AMAG, viene acquistato il primo computer commerciale di successo, il Ramac 305 di IBM, un investimento costosissimo a quei tempi. Qual \u00e8 l\u2019idea che sta alla base di questa scelta? Allora il magazzino ricambi di AMAG era gestito manualmente con delle semplici schede, una procedura oltremodo complessa e faticosa. Ma grazie al cervello elettronico dell\u2019Automation Center, che vende servizi al magazzino ricambi di Buchs, AMAG entra nell\u2019era digitale molto prima dei suoi concorrenti.<\/p>\n<p>Per di pi\u00f9, l\u2019Automation Center sviluppa anche dei software per la contabilit\u00e0 e le statistiche aziendali nonch\u00e9 programmi per il personale, che vengono venduti anche a terzi. Gli affari vanno talmente bene che Haefner apre altre filiali del centro di automazione a Ginevra, Basilea e in vari paesi europei e dopo qualche anno lo inserisce perfino in un\u2019azienda americana tramite uno scambio di azioni.<\/p>\n<p>Ben presto AMAG capisce che il leasing \u00e8 un pilastro fondamentale per un\u2019azienda operante nel settore automobilistico che integra l\u2019importazione e la vendita di automobili con la fornitura di servizi di mobilit\u00e0. Dal 1980, AMAG Leasing AG si occupa di questo ambito: non solo concede in leasing veicoli singoli e flotte a clienti privati e aziendali, ma offre anche una gamma completa di servizi che spazia dalle carte carburante alla gestione computerizzata delle flotte.<\/p>\n<p><strong>Formazione e perfezionamento fin dagli esordi <\/strong><\/p>\n<p>AMAG forma apprendisti sin dalla sua fondazione. Nel maggio del 1956 \u00e8 la prima azienda del settore automotive ad allestire una propria officina di formazione in un edificio del quartiere zurighese di Escher Wyss, la cosiddetta scuola-officina aziendale. A quel tempo non c\u2019era niente di comparabile nell\u2019intero comparto automobilistico europeo. Da allora, almeno 10\u00a0000 giovani sono entrati nel mondo del lavoro tramite AMAG. Al giorno d\u2019oggi, circa un collaboratore aziendale su otto \u00e8 un apprendista in una delle 16 professioni. La quota di apprendisti di AMAG \u00e8 tra le pi\u00f9 alte della Svizzera e tanti di loro restano in azienda o vi ritornano in seguito. Quello di AMAG \u00e8 anche un impegno di responsabilit\u00e0 sociale. Nel 2016, alla presenza del Consigliere federale Schneider-Ammann, AMAG \u00e8 stata insignita del primo Premio nazionale per l\u2019educazione della Fondazione Hans Huber e della Fondazione FH SCHWEIZ per il suo impegno nel campo dell\u2019educazione.<\/p>\n<p>Oltre alla formazione di base, AMAG coltiva da sempre con dedizione anche il perfezionamento professionale. Nel 1988 queste attivit\u00e0 vengono riunite in un nuovo centro di formazione all\u2019avanguardia per i tempi a Schinznach-Bad, l\u2019attuale AMAG Academy. Gi\u00e0 allora AMAG aveva assunto un proprio corpo d\u2019insegnanti che potesse impartire le lezioni nelle tre maggiori lingue nazionali. Allo stesso tempo, nel centro venivano addestrati esperti che volevano conseguire, nell\u2019ambito di un corso di durata triennale, il diploma di \u00abtecnico Volkswagen\/Audi\u00bb, una novit\u00e0 assoluta nel panorama del comparto automotive.<\/p>\n<div id=\"attachment_17918\" style=\"width: 428px\" class=\"wp-caption alignleft\"><a class=\"fancybox-link\" href=\"https:\/\/www.amag-group.ch\/blog\/wp-content\/uploads\/2020\/02\/50er_Z\u00fcrich-Ueberland_Lehrlingsschule.jpg\"><img decoding=\"async\" aria-describedby=\"caption-attachment-17918\" class=\"size-medium wp-image-17918\" src=\"https:\/\/www.amag-group.ch\/blog\/wp-content\/uploads\/2020\/02\/50er_Z\u00fcrich-Ueberland_Lehrlingsschule-418x414.jpg\" alt=\"\" width=\"418\" height=\"414\" srcset=\"https:\/\/www.amag-group.ch\/blog\/wp-content\/uploads\/2020\/02\/50er_Z\u00fcrich-Ueberland_Lehrlingsschule-418x414.jpg 418w, https:\/\/www.amag-group.ch\/blog\/wp-content\/uploads\/2020\/02\/50er_Z\u00fcrich-Ueberland_Lehrlingsschule-768x760.jpg 768w, https:\/\/www.amag-group.ch\/blog\/wp-content\/uploads\/2020\/02\/50er_Z\u00fcrich-Ueberland_Lehrlingsschule.jpg 1109w\" sizes=\"(max-width: 418px) 100vw, 418px\" \/><\/a><p id=\"caption-attachment-17918\" class=\"wp-caption-text\">AMAG Ueberland Lehrlingsschule<\/p><\/div>\n<h3><strong>Ben preparati per il futuro<\/strong><\/h3>\n<p>Nel 1910, anno di nascita del fondatore di AMAG Walter Haefner, le auto immatricolate in Svizzera erano 276. Oggi se ne contano circa 4,6 milioni. La stragrande maggioranza di questa crescita esponenziale si \u00e8 verificata dal 1950 al 2000. AMAG ha contribuito a plasmare l\u2019evoluzione della mobilit\u00e0 ed \u00e8 cresciuta di pari passo. Da alcuni anni si \u00e8 delineata un\u2019altra ondata di cambiamento, spinta in particolare dagli sviluppi tecnologici nell\u2019ambito dell\u2019elettromobilit\u00e0 e della guida autonoma nonch\u00e9 da nuove offerte di mobilit\u00e0 e da aspetti di carattere ambientale, motivo per cui AMAG ha modificato la propria visione di conseguenza e intende ora diventare il fornitore leader nel settore della mobilit\u00e0 individuale e sostenibile.<\/p>\n<p>Per non restare indietro in quest\u2019epoca di grandi rivolgimenti, \u00e8 indispensabile disporre di conoscenze adeguate ed essere agili. Proprio per questo a met\u00e0 del 2018 AMAG ha fondato l\u2019Innovation &amp; Venture LAB, volto a creare innovazioni e nuovi modelli di business nonch\u00e9 ad assumere la gestione operativa di partecipazioni aziendali e start-up. LAB scopre inoltre le tendenze in materia di mobilit\u00e0, crea una rete di collaborazione con le principali universit\u00e0 e si occupa delle iniziative del gruppo Volkswagen. Ecco alcune delle tematiche a cui si sta dedicando l\u2019Innovation &amp; Venture LAB: Connectivity, Mobility as a Service, serv<\/p>\n<div id=\"attachment_17900\" style=\"width: 630px\" class=\"wp-caption alignright\"><a class=\"fancybox-link\" href=\"https:\/\/www.amag-group.ch\/blog\/wp-content\/uploads\/2020\/02\/AMAG_IV-LAB.jpg\"><img decoding=\"async\" aria-describedby=\"caption-attachment-17900\" class=\"size-medium wp-image-17900\" src=\"https:\/\/www.amag-group.ch\/blog\/wp-content\/uploads\/2020\/02\/AMAG_IV-LAB-620x414.jpg\" alt=\"\" width=\"620\" height=\"414\" srcset=\"https:\/\/www.amag-group.ch\/blog\/wp-content\/uploads\/2020\/02\/AMAG_IV-LAB-620x414.jpg 620w, https:\/\/www.amag-group.ch\/blog\/wp-content\/uploads\/2020\/02\/AMAG_IV-LAB-768x512.jpg 768w, https:\/\/www.amag-group.ch\/blog\/wp-content\/uploads\/2020\/02\/AMAG_IV-LAB-720x480.jpg 720w, https:\/\/www.amag-group.ch\/blog\/wp-content\/uploads\/2020\/02\/AMAG_IV-LAB.jpg 1920w\" sizes=\"(max-width: 620px) 100vw, 620px\" \/><\/a><p id=\"caption-attachment-17900\" class=\"wp-caption-text\">AMAG Innovation &amp; Venture LAB<\/p><\/div>\n<p>izi di e-Mobility e modelli innovativi di e-Business.<\/p>\n<p>Grazie al suo spirito pionieristico AMAG, che subito dopo la Seconda guerra mondiale ha compiuto la scelta coraggiosa di importare automobili britanniche, oggi \u00e8 diventata un grande provider nel settore della mobilit\u00e0 con un posizionamento eccellente a livello nazionale. Non si sa con precisione cosa ci riserver\u00e0 il futuro, Martin Haefner, presidente del consiglio di amministrazione dal 2005 e proprietario dal 2018, ha definito la sua visione per la sua AMAG: \u00abVogliamo posizionarci come fornitore leader di mobilit\u00e0 sostenibile e individuale\u00bb.<\/p>\n<p>&nbsp;<\/p>\n","protected":false},"excerpt":{"rendered":"<p>Dai suoi esordi 75 anni or sono, AMAG ha compiuto continui progressi. La base di tale evoluzione era e resta il suo spirito pionieristico. Questo atteggiamento contraddistingue AMAG da sempre e rappresenta tuttora la base del suo successo. Ecco una breve panoramica. <\/p>\n","protected":false},"author":29,"featured_media":17899,"comment_status":"open","ping_status":"open","sticky":false,"template":"","format":"standard","meta":{"_acf_changed":false,"inline_featured_image":false,"footnotes":""},"categories":[9589],"tags":[],"class_list":["post-17930","post","type-post","status-publish","format-standard","has-post-thumbnail","hentry","category-storia-e-tradizione"],"acf":[],"_links":{"self":[{"href":"https:\/\/www.amag-group.ch\/blog\/it\/wp-json\/wp\/v2\/posts\/17930","targetHints":{"allow":["GET"]}}],"collection":[{"href":"https:\/\/www.amag-group.ch\/blog\/it\/wp-json\/wp\/v2\/posts"}],"about":[{"href":"https:\/\/www.amag-group.ch\/blog\/it\/wp-json\/wp\/v2\/types\/post"}],"author":[{"embeddable":true,"href":"https:\/\/www.amag-group.ch\/blog\/it\/wp-json\/wp\/v2\/users\/29"}],"replies":[{"embeddable":true,"href":"https:\/\/www.amag-group.ch\/blog\/it\/wp-json\/wp\/v2\/comments?post=17930"}],"version-history":[{"count":0,"href":"https:\/\/www.amag-group.ch\/blog\/it\/wp-json\/wp\/v2\/posts\/17930\/revisions"}],"wp:featuredmedia":[{"embeddable":true,"href":"https:\/\/www.amag-group.ch\/blog\/it\/wp-json\/wp\/v2\/media\/17899"}],"wp:attachment":[{"href":"https:\/\/www.amag-group.ch\/blog\/it\/wp-json\/wp\/v2\/media?parent=17930"}],"wp:term":[{"taxonomy":"category","embeddable":true,"href":"https:\/\/www.amag-group.ch\/blog\/it\/wp-json\/wp\/v2\/categories?post=17930"},{"taxonomy":"post_tag","embeddable":true,"href":"https:\/\/www.amag-group.ch\/blog\/it\/wp-json\/wp\/v2\/tags?post=17930"}],"curies":[{"name":"wp","href":"https:\/\/api.w.org\/{rel}","templated":true}]}}