{"id":17680,"date":"2020-02-03T13:13:29","date_gmt":"2020-02-03T12:13:29","guid":{"rendered":"https:\/\/www.amag-group.ch\/blog\/?p=17680"},"modified":"2020-02-03T13:13:29","modified_gmt":"2020-02-03T12:13:29","slug":"una-professione-avvincente-venditore-di-ricambi","status":"publish","type":"post","link":"https:\/\/www.amag-group.ch\/blog\/it\/una-professione-avvincente-venditore-di-ricambi\/","title":{"rendered":"Una professione avvincente: venditore di ricambi"},"content":{"rendered":"<p><img decoding=\"async\" class=\"alignright wp-image-17625 size-medium\" src=\"https:\/\/www.amag-group.ch\/blog\/wp-content\/uploads\/2020\/02\/IMG_20200120_154437-311x414.jpg\" alt=\"\" width=\"311\" height=\"414\" srcset=\"https:\/\/www.amag-group.ch\/blog\/wp-content\/uploads\/2020\/02\/IMG_20200120_154437-311x414.jpg 311w, https:\/\/www.amag-group.ch\/blog\/wp-content\/uploads\/2020\/02\/IMG_20200120_154437-768x1024.jpg 768w, https:\/\/www.amag-group.ch\/blog\/wp-content\/uploads\/2020\/02\/IMG_20200120_154437.jpg 1440w\" sizes=\"(max-width: 311px) 100vw, 311px\" \/><\/p>\n<p>Dopo un apprendistato come meccanico d\u2019auto, Stefan si \u00e8 diplomato alla scuola commerciale e ha poi lavorato in una rivendita di pneumatici. Durante questo periodo, ha iniziato a conoscere il lavoro di venditore di ricambi presso la ex Autorondo SA, che \u00e8 stata rilevata da AMAG nel 1997. Stefan si \u00e8 candidato per questa posizione ed \u00e8 stato accettato subito dopo il colloquio, con la motivazione che era il candidato ideale in assoluto. L\u2019anno prossimo Stefan festegger\u00e0 il suo 25\u00b0 anniversario con AMAG. Ad eccezione di una puntatina in amministrazione a Ebikon, durante tutti questi anni Stefan ha sempre lavorato nel magazzino ricambi, nelle sedi di Ebikon, Oberarth e Cham. Inoltre, ha anche completato con successo la sua formazione come tecnico commerciale.<\/p>\n<h3><strong>Processi lavorativi nel magazzino ricambi<\/strong><\/h3>\n<p>I compiti principali di Stefan comprendono tra gli altri la raccolta e il rifornimento dei pezzi di ricambio ordinati. Inoltre, Stefan effettua le ordinazioni giornaliere, emette gli ordini, invia le offerte e si occupa dei clienti allo sportello e per telefono. Un lavoro molto versatile e vario. L\u2019officina \u00e8 il pi\u00f9 grande cliente del magazzino ricambi. Tuttavia, anche clienti privati possono passare a ritirare i pezzi ordinati. Nel magazzino AMAG di Zugo si trovano i pezzi di ricambio per tutte e 5 le marche (Volkswagen, Audi, SEAT, \u0160KODA, Volkswagen Veicoli Commerciali).<\/p>\n","protected":false},"excerpt":{"rendered":"<p>Stefan Erb ci d\u00e0 un\u2019idea della professione di venditore di ricambi. Con i suoi 25 anni di esperienza in questo campo, il campione svizzero ha molto da raccontare.<\/p>\n","protected":false},"author":63,"featured_media":17675,"comment_status":"open","ping_status":"open","sticky":false,"template":"","format":"standard","meta":{"_acf_changed":false,"inline_featured_image":false,"footnotes":""},"categories":[2202],"tags":[],"class_list":["post-17680","post","type-post","status-publish","format-standard","has-post-thumbnail","hentry","category-lavoro-e-carriera"],"acf":[],"_links":{"self":[{"href":"https:\/\/www.amag-group.ch\/blog\/it\/wp-json\/wp\/v2\/posts\/17680","targetHints":{"allow":["GET"]}}],"collection":[{"href":"https:\/\/www.amag-group.ch\/blog\/it\/wp-json\/wp\/v2\/posts"}],"about":[{"href":"https:\/\/www.amag-group.ch\/blog\/it\/wp-json\/wp\/v2\/types\/post"}],"author":[{"embeddable":true,"href":"https:\/\/www.amag-group.ch\/blog\/it\/wp-json\/wp\/v2\/users\/63"}],"replies":[{"embeddable":true,"href":"https:\/\/www.amag-group.ch\/blog\/it\/wp-json\/wp\/v2\/comments?post=17680"}],"version-history":[{"count":0,"href":"https:\/\/www.amag-group.ch\/blog\/it\/wp-json\/wp\/v2\/posts\/17680\/revisions"}],"wp:featuredmedia":[{"embeddable":true,"href":"https:\/\/www.amag-group.ch\/blog\/it\/wp-json\/wp\/v2\/media\/17675"}],"wp:attachment":[{"href":"https:\/\/www.amag-group.ch\/blog\/it\/wp-json\/wp\/v2\/media?parent=17680"}],"wp:term":[{"taxonomy":"category","embeddable":true,"href":"https:\/\/www.amag-group.ch\/blog\/it\/wp-json\/wp\/v2\/categories?post=17680"},{"taxonomy":"post_tag","embeddable":true,"href":"https:\/\/www.amag-group.ch\/blog\/it\/wp-json\/wp\/v2\/tags?post=17680"}],"curies":[{"name":"wp","href":"https:\/\/api.w.org\/{rel}","templated":true}]}}