{"id":16843,"date":"2019-11-19T09:14:31","date_gmt":"2019-11-19T08:14:31","guid":{"rendered":"https:\/\/www.amag-group.ch\/blog\/?p=16843"},"modified":"2019-11-25T09:33:39","modified_gmt":"2019-11-25T08:33:39","slug":"i-cerchioni-possono-essere-riparati","status":"publish","type":"post","link":"https:\/\/www.amag-group.ch\/blog\/it\/i-cerchioni-possono-essere-riparati\/","title":{"rendered":"I cerchioni possono essere riparati?"},"content":{"rendered":"<p><em>Caro Dr. AMAG,<\/em><\/p>\n<p><em>mentre parcheggiavo l\u2019altro giorno, ho preso un marciapiede. Ora ho un graffio molto brutto ed evidente sul cerchione. Adesso devo sostituire tutto il cerchione o c\u2019\u00e8 modo di ripararlo?<\/em><\/p>\n<p>Caro lettore,<\/p>\n<p>ci vuole un attimo a toccare una pietra del marciapiede e a graffiare i cerchioni. Purtroppo, il danno \u00e8 piuttosto evidente e fastidioso. Fortunatamente, di solito si pu\u00f2 riparare. Nel caso dei danni causati dai cordoli, ovvero semplici \u00abgraffi\u00bb, il cerchione pu\u00f2 essere levigato nel punto danneggiato e interamente riverniciato in modo che il danno non sia pi\u00f9 visibile. Spesso questo pu\u00f2 essere fatto anche nelle officine AMAG, purch\u00e9 offrano questo servizio.<\/p>\n<p><span style=\"color: #000120;\">In caso di lesioni gravi, l&#8217;azienda le dar\u00e0 in parte ad un professionista esterno del cerchio. Il produttore valuta quindi lo stato dei cerchioni sulla base delle rigorose linee guida del produttore per stabilire se una riparazione \u00e8 ammissibile o meno. In caso contrario, qualsiasi tipo di garanzia e responsabilit\u00e0 sarebbe nulla. Spesso i cerchioni che presentano crepe o addirittura piegati non possono essere riparati. Perch\u00e9 qualsiasi lavoro sul materiale che supera 1 mm di profondit\u00e0 pu\u00f2 avere una notevole influenza sulla capacit\u00e0 di guida e sulla sicurezza. Tuttavia, questo aspetto viene riesaminato in ogni caso.<\/span><\/p>\n\n\t\t<style type=\"text\/css\">\n\t\t\t#gallery-1 {\n\t\t\t\tmargin: auto;\n\t\t\t}\n\t\t\t#gallery-1 .gallery-item {\n\t\t\t\tfloat: left;\n\t\t\t\tmargin-top: 10px;\n\t\t\t\ttext-align: center;\n\t\t\t\twidth: 50%;\n\t\t\t}\n\t\t\t#gallery-1 img {\n\t\t\t\tborder: 2px solid #cfcfcf;\n\t\t\t}\n\t\t\t#gallery-1 .gallery-caption {\n\t\t\t\tmargin-left: 0;\n\t\t\t}\n\t\t\t\/* see gallery_shortcode() in wp-includes\/media.php *\/\n\t\t<\/style>\n\t\t<div id='gallery-1' class='gallery galleryid-16843 gallery-columns-2 gallery-size-medium'><dl class='gallery-item'>\n\t\t\t<dt class='gallery-icon landscape'>\n\t\t\t\t<a href='https:\/\/www.amag-group.ch\/blog\/wp-content\/uploads\/2019\/11\/felge-2-kaputt.jpg'><img decoding=\"async\" width=\"552\" height=\"414\" src=\"https:\/\/www.amag-group.ch\/blog\/wp-content\/uploads\/2019\/11\/felge-2-kaputt-552x414.jpg\" class=\"attachment-medium size-medium\" alt=\"\" srcset=\"https:\/\/www.amag-group.ch\/blog\/wp-content\/uploads\/2019\/11\/felge-2-kaputt-552x414.jpg 552w, https:\/\/www.amag-group.ch\/blog\/wp-content\/uploads\/2019\/11\/felge-2-kaputt-768x576.jpg 768w, https:\/\/www.amag-group.ch\/blog\/wp-content\/uploads\/2019\/11\/felge-2-kaputt.jpg 1920w\" sizes=\"(max-width: 552px) 100vw, 552px\" \/><\/a>\n\t\t\t<\/dt><\/dl><dl class='gallery-item'>\n\t\t\t<dt class='gallery-icon landscape'>\n\t\t\t\t<a href='https:\/\/www.amag-group.ch\/blog\/wp-content\/uploads\/2019\/11\/Felge-2-repariert.jpg'><img decoding=\"async\" width=\"552\" height=\"414\" src=\"https:\/\/www.amag-group.ch\/blog\/wp-content\/uploads\/2019\/11\/Felge-2-repariert-552x414.jpg\" class=\"attachment-medium size-medium\" alt=\"\" srcset=\"https:\/\/www.amag-group.ch\/blog\/wp-content\/uploads\/2019\/11\/Felge-2-repariert-552x414.jpg 552w, https:\/\/www.amag-group.ch\/blog\/wp-content\/uploads\/2019\/11\/Felge-2-repariert-768x576.jpg 768w, https:\/\/www.amag-group.ch\/blog\/wp-content\/uploads\/2019\/11\/Felge-2-repariert.jpg 1920w\" sizes=\"(max-width: 552px) 100vw, 552px\" \/><\/a>\n\t\t\t<\/dt><\/dl><br style=\"clear: both\" \/>\n\t\t<\/div>\n\n<p><span style=\"color: #000120;\">Ad ogni riparazione, il cerchio viene pulito a fondo dopo che \u00e8 stato rimosso dall&#8217;auto e il pneumatico \u00e8 stato rimosso. In questo modo l&#8217;infortunio diventa chiaramente visibile e si pu\u00f2 decidere quali passi sono necessari. Inoltre, viene controllata la concentricit\u00e0 di tutti i cerchioni danneggiati: Questo significa che controllano per vedere se gira ancora bene. Il cerchio riparato viene poi verniciato, rivestito o compattato ad alta brillantezza a seconda delle necessit\u00e0, in modo che non differisca pi\u00f9 dagli altri.<\/span><\/p>\n<p>Tuttavia, nel tuo caso sembra pi\u00f9 un graffio che pu\u00f2 anche essere riparato in officina.<\/p>\n<p>Buona guida!<\/p>\n<hr \/>\n<h2>Altri articoli del blog sull\u2019argomento:<\/h2>\n<p><a href=\"https:\/\/www.amag-group.ch\/blog\/it\/come-funziona-il-sistema-di-avviso-in-caso-di-cintura-non-allacciata\/\" target=\"_blank\" rel=\"noopener\">Come funziona il sistema di avviso in caso di cintura non allacciata?<\/a><\/p>\n<p><a href=\"https:\/\/www.amag-group.ch\/blog\/it\/il-motore-si-surriscalda-e-ora\/\" target=\"_blank\" rel=\"noopener\">Dott. AMAG: Il motore si surriscalda&#8230; e ora?<\/a><\/p>\n<p><a href=\"https:\/\/www.amag-group.ch\/blog\/it\/come-funziona-il-sistema-di-rilevamento-della-stanchezza-alla-guida\/\" target=\"_blank\" rel=\"noopener\">Dott. AMAG: Come funziona il sistema di rilevamento della stanchezza alla guida?<\/a><\/p>\n<p><a href=\"https:\/\/www.amag-group.ch\/blog\/it\/come-vengono-trasportate-le-biciclette-elettriche\/\" target=\"_blank\" rel=\"noopener\">Dott. AMAG: Come vengono transportate le biciclette elettriche?<\/a><\/p>\n<p><a href=\"https:\/\/www.amag-group.ch\/blog\/it\/quali-misure-di-precauzione-e-bene-adottare-per-il-trasporto-di-animali-domestici-in-auto\/\" target=\"_blank\" rel=\"noopener\">Dott. AMAG: Quali misure di precauzione \u00e8 bene adottare per il transporto di animali domestici in auto?<\/a><\/p>\n<p><a href=\"https:\/\/www.amag-group.ch\/blog\/it\/in-che-modo-un-veicolo-misura-la-temperatura-esterna\/\" target=\"_blank\" rel=\"noopener\">Dott. AMAG: In che modo un veicolo misura la temperatura esterna?<\/a><\/p>\n<p><a href=\"https:\/\/www.amag-group.ch\/blog\/it\/come-faccio-a-controllare-la-pressione-degli-pneumatici\/\" target=\"_blank\" rel=\"noopener\">Dott. AMAG: Come faccio a controllare la pressione degli pneumatici? <\/a><\/p>\n<p><a href=\"https:\/\/www.amag-group.ch\/blog\/it\/come-faccio-a-rabboccare-lolio-motore\/\" target=\"_blank\" rel=\"noopener\">Dott. AMAG: Come faccio a rabbocare lolio motore?<\/a><\/p>\n<p><a href=\"https:\/\/www.amag-group.ch\/blog\/it\/quali-norme-della-circolazione-stradale-vengono-introdotte-nel-2019\/\" target=\"_blank\" rel=\"noopener\">Dott. AMAG: Quali norme della circolazione stradale vengono introdotte nel 2019?<\/a><\/p>\n<p><a href=\"https:\/\/www.amag-group.ch\/blog\/it\/le-auto-elettriche-non-possono-essere-utilizzate-in-inverno\/\" target=\"_blank\" rel=\"noopener\">Dott. AMAG: Le auto elettriche non possono essere utilizzate in inverno?<\/a><\/p>\n<p><a href=\"https:\/\/www.amag-group.ch\/blog\/it\/quando-devo-accendere-i-fari-fendinebbia\/\" target=\"_blank\" rel=\"noopener\">Dott. AMAG: Quando devo accendere i fari fendinebbia?<\/a><\/p>\n","protected":false},"excerpt":{"rendered":"<p>Il rumore \u00e8 inconfondibile quando il cerchione raschia sul cordolo durante il parcheggio. Un danno simile pu\u00f2 essere riparato o c\u2019\u00e8 bisogno di cerchioni nuovi? Ce lo spiega il Dr. AMAG.<\/p>\n","protected":false},"author":51,"featured_media":10981,"comment_status":"open","ping_status":"open","sticky":false,"template":"","format":"standard","meta":{"_acf_changed":false,"inline_featured_image":false,"footnotes":""},"categories":[2191],"tags":[],"class_list":["post-16843","post","type-post","status-publish","format-standard","has-post-thumbnail","hentry","category-consigli-e-suggerimenti-del-dr-amag"],"acf":[],"_links":{"self":[{"href":"https:\/\/www.amag-group.ch\/blog\/it\/wp-json\/wp\/v2\/posts\/16843","targetHints":{"allow":["GET"]}}],"collection":[{"href":"https:\/\/www.amag-group.ch\/blog\/it\/wp-json\/wp\/v2\/posts"}],"about":[{"href":"https:\/\/www.amag-group.ch\/blog\/it\/wp-json\/wp\/v2\/types\/post"}],"author":[{"embeddable":true,"href":"https:\/\/www.amag-group.ch\/blog\/it\/wp-json\/wp\/v2\/users\/51"}],"replies":[{"embeddable":true,"href":"https:\/\/www.amag-group.ch\/blog\/it\/wp-json\/wp\/v2\/comments?post=16843"}],"version-history":[{"count":0,"href":"https:\/\/www.amag-group.ch\/blog\/it\/wp-json\/wp\/v2\/posts\/16843\/revisions"}],"wp:featuredmedia":[{"embeddable":true,"href":"https:\/\/www.amag-group.ch\/blog\/it\/wp-json\/wp\/v2\/media\/10981"}],"wp:attachment":[{"href":"https:\/\/www.amag-group.ch\/blog\/it\/wp-json\/wp\/v2\/media?parent=16843"}],"wp:term":[{"taxonomy":"category","embeddable":true,"href":"https:\/\/www.amag-group.ch\/blog\/it\/wp-json\/wp\/v2\/categories?post=16843"},{"taxonomy":"post_tag","embeddable":true,"href":"https:\/\/www.amag-group.ch\/blog\/it\/wp-json\/wp\/v2\/tags?post=16843"}],"curies":[{"name":"wp","href":"https:\/\/api.w.org\/{rel}","templated":true}]}}