{"id":16658,"date":"2019-10-31T07:40:22","date_gmt":"2019-10-31T06:40:22","guid":{"rendered":"https:\/\/www.amag-group.ch\/blog\/?p=16658"},"modified":"2019-10-31T07:40:22","modified_gmt":"2019-10-31T06:40:22","slug":"collaboratore-in-primo-piano-benno-brunner","status":"publish","type":"post","link":"https:\/\/www.amag-group.ch\/blog\/it\/collaboratore-in-primo-piano-benno-brunner\/","title":{"rendered":"Collaboratore in primo piano: Benno Brunner"},"content":{"rendered":"<h4>Quali sono i due consigli che daresti al tuo &#8220;io&#8221; quattordicenne?<\/h4>\n<p>\nAnche se non sono certo il primo a dirlo, imparare diverse lingue straniere \u00e8 sicuramente molto importante. Non importa se si fa per il futuro lavorativo, gli studi o la vita privata. Sapere un\u2019altra lingua oltre alla propria lingua madre \u00e8 un arricchimento per tutti.<\/p>\n<p>\nConsiglierei anche a tutti i giovani di andare all\u2019estero per un po\u2019 di tempo. Ad esempio per un semestre nell\u2019ambito di programmi di scambio, per impegni professionali o con un viaggio lungo. Le esperienze acquisite sono inestimabili e plasmano la personalit\u00e0. Si diventa pi\u00f9 indipendenti e sicuri di te stessi.<\/p>\n<h4>\nQuali compiti prevede la funzione \u00abResponsabile New Car Business\u00bb?<\/h4>\n<p>\nIn qualit\u00e0 di Responsabile New Car Business, mi occupo dell\u2019intero settore vendita di veicoli nuovi di AMAG Automobili e motori SA. Insieme al mio team, definisco e coordino diverse misure per raggiungere gli obiettivi in termini di volumi e margini, ma anche la soddisfazione della clientela nelle vendite. Lavoriamo in stretto contatto con i nostri fornitori, AMAG Import SA e i responsabili dei marchi dei singoli partner dell\u2019organizzazione AMAG Retail. In altre parole coordiniamo e monitoriamo le vendite di auto nuove realizzate da oltre 80 concessionari AMAG. Il nostro obiettivo per quest\u2019anno \u00e8 consegnare circa 46 000 veicoli di tutte le marche.<\/p>\n<p>\nAllo stesso tempo la mia figura \u00e8 a capo dell\u2019intera pianificazione per Svizzera tedesca, Svizzera romanda e Ticino con oltre 35 collaboratori, che elaborano ogni ordinazione di nuovi veicoli, controllano fatture e rimborsi e sono responsabili delle provvigioni. Per me \u00e8 importante che il mio team sia aperto alle novit\u00e0, ma che allo stesso tempo dimostri spirito critico. Solo cos\u00ec potremo continuare ad avere successo a lungo termine.<\/p>\n<p>\nIn collaborazione con i singoli responsabili dei marchi Volkswagen, Audi, SEAT, \u0160KODA, VW Veicoli Commerciali e il reparto marketing di AMAG Retail, sviluppiamo misure e raccomandazioni operative per le attivit\u00e0 sul mercato. Ci consideriamo principalmente come un reparto di supporto e partner di riferimento.<\/p>\n<p>\nL\u2019argomento \u00abprevisioni\u00bb \u00e8 diventato uno strumento molto importante per noi negli ultimi mesi. Confronto le richieste, le offerte, i contratti e le consegne con il passato e i valori programmati e faccio previsioni per i prossimi mesi. Questo ci permetter\u00e0 di diventare ancora pi\u00f9 efficienti e di adottare le necessarie azioni correttive molto pi\u00f9 tempestivamente.<\/p>\n<p>\nIn altre parole: nell\u2019ambito \u00abNew Car Business\u00bb rientrano tutte le tematiche relative alla vendita di auto nuove.<\/p>\n<h4>\nChe cosa ti piace di pi\u00f9 del tuo lavoro?<\/h4>\n<p>\nIl lavoro \u00e8 molto vario. Viaggio in tutta la Svizzera, posso portare avanti le mie idee e ho cos\u00ec l\u2019opportunit\u00e0 di contribuire al futuro di AMAG. Mi piace soprattutto l\u2019ultimo punto, che non \u00e8 scontato in una grande azienda. <br \/>\nIl fatto che mi alzo sempre alle 5:00 del mattino e mi piace farlo \u00e8 una conferma quotidiana: il mio lavoro mi piace molto e sento di appartenere a questo posto. Naturalmente anche la proficua collaborazione con il mio team \u00e8 un fattore decisivo.<\/p>\n<h4>\nQuali sono state le tappe della tua carriera?<\/h4>\n<p>\nHo completato un apprendistato in ambito commerciale nel settore edile e poi sono capitato nel reparto marketing, per cos\u00ec dire. Mi \u00e8 piaciuto cos\u00ec tanto che parallelamente ho completato la mia formazione come marketing planner. Alla fine ho lavorato per alcuni anni nella direzione dell\u2019azienda dove ho completato il mio apprendistato.<\/p>\n<div>\u00a0<\/div>\n<div><img decoding=\"async\" class=\"aligncenter wp-image-16650 size-medium\" src=\"https:\/\/www.amag-group.ch\/blog\/wp-content\/uploads\/2019\/10\/Benno-Brunner_2-1-620x414.jpg\" alt=\"\" width=\"620\" height=\"414\" srcset=\"https:\/\/www.amag-group.ch\/blog\/wp-content\/uploads\/2019\/10\/Benno-Brunner_2-1-620x414.jpg 620w, https:\/\/www.amag-group.ch\/blog\/wp-content\/uploads\/2019\/10\/Benno-Brunner_2-1-768x512.jpg 768w, https:\/\/www.amag-group.ch\/blog\/wp-content\/uploads\/2019\/10\/Benno-Brunner_2-1-720x480.jpg 720w, https:\/\/www.amag-group.ch\/blog\/wp-content\/uploads\/2019\/10\/Benno-Brunner_2-1.jpg 1920w\" sizes=\"(max-width: 620px) 100vw, 620px\" \/>Ad un certo punto era giunto il momento di acquisire esperienza professionale in un altro ambito e sono passato al settore informatico. All\u2019inizio ho lavorato come project manager e successivamente come key account manager. Durante questo periodo ho imparato molto sui processi e sul loro sviluppo e, allo stesso tempo, ho completato la mia formazione di responsabile vendite.<\/div>\n<div>\u00a0<\/div>\n<div>\nDopo circa cinque anni nel settore IT, sono passato all\u2019industria automobilistica. Ho avuto l\u2019opportunit\u00e0 di entrare a far parte \u2019del concessionario VW-Audi dei miei suoceri, Autotreff AG Sursee. Fin dal primo giorno, questo nostro settore dall\u2019alta valenza emotiva mi ha affascinato e non mi ha pi\u00f9 lasciato andare.<\/div>\n<div>\u00a0<\/div>\n<div>\nDopo l\u2019integrazione dell\u2019azienda in AMAG nel gennaio 2007, \u00e8 iniziata la mia esperienza come direttore di AMAG Sursee e AMAG Rain. Ho ricoperto questa posizione per sette anni prima di diventare Responsabile della Regione Svizzera centrale, Altipiano svizzero, Berna e per cinque anni membro della Direzione di AMAG Automobili e motori SA .<\/div>\n<div>\u00a0<\/div>\n<h4>\nChe cosa racconteresti al tuo miglior amico dell\u2019AMAG?<\/h4>\n<div>\nAnche se potrebbe sembrare una pubblicit\u00e0 kitsch, direi che AMAG \u00e8 un datore di lavoro sensazionale e un partner affidabile. Perch\u00e9 ho l\u2019opportunit\u00e0 di mettere in pratica le mie idee, assumendomi le mie responsabilit\u00e0. L\u2019attenzione \u00e8 rivolta ai nostri clienti e alla loro soddisfazione.<\/div>\n<div>\u00a0<\/div>\n<div>\nIn breve: siamo un\u2019azienda che pensa come una famiglia in ogni settore e vuole solo il meglio per i nostri clienti.<\/div>\n<div>\u00a0<\/div>\n<div>\nE per questo ancora oggi ho qualche problema quando gli amici, ad esempio, comprano un veicolo di un altro marchio. Stranamente mia moglie se la prende anche pi\u00f9 di me.<\/div>\n<div>\u00a0<\/div>\n<h4>\nChe cosa fai quando non lavori?<\/h4>\n<div>\nMi godo il tempo con la mia famiglia. Insieme a mia moglie e ai nostri tre figli viaggiamo molto. Ad esempio siamo stati nell\u2019outback australiano di recente. Per compensare mi piace muovermi nella natura. Fare lunghe passeggiate nei boschi con il nostro cane, gite in bicicletta con i miei ragazzi o sciare in montagna \u00e8 molto importante per me. E siccome anche il cervello ha bisogno di una pausa, leggo libri ogni giorno.<\/div>\n<div>\u00a0<\/div>\n","protected":false},"excerpt":{"rendered":"<p>Il reparto \u00abNew Car Business\u00bb di AMAG Retail \u00e8 stato istituito all\u2019inizio del 2019. Benno Brunner, che lavora in AMAG da oltre dodici anni, \u00e8 il nuovo responsabile. Nell\u2019intervista che segue spiega come si rapporta con gli amici che acquistano un\u2019auto da un concorrente e perch\u00e9 gli piacciono le critiche costruttive.<\/p>\n","protected":false},"author":40,"featured_media":16646,"comment_status":"open","ping_status":"open","sticky":false,"template":"","format":"standard","meta":{"_acf_changed":false,"inline_featured_image":false,"footnotes":""},"categories":[2202],"tags":[],"class_list":["post-16658","post","type-post","status-publish","format-standard","has-post-thumbnail","hentry","category-lavoro-e-carriera"],"acf":[],"_links":{"self":[{"href":"https:\/\/www.amag-group.ch\/blog\/it\/wp-json\/wp\/v2\/posts\/16658","targetHints":{"allow":["GET"]}}],"collection":[{"href":"https:\/\/www.amag-group.ch\/blog\/it\/wp-json\/wp\/v2\/posts"}],"about":[{"href":"https:\/\/www.amag-group.ch\/blog\/it\/wp-json\/wp\/v2\/types\/post"}],"author":[{"embeddable":true,"href":"https:\/\/www.amag-group.ch\/blog\/it\/wp-json\/wp\/v2\/users\/40"}],"replies":[{"embeddable":true,"href":"https:\/\/www.amag-group.ch\/blog\/it\/wp-json\/wp\/v2\/comments?post=16658"}],"version-history":[{"count":0,"href":"https:\/\/www.amag-group.ch\/blog\/it\/wp-json\/wp\/v2\/posts\/16658\/revisions"}],"wp:featuredmedia":[{"embeddable":true,"href":"https:\/\/www.amag-group.ch\/blog\/it\/wp-json\/wp\/v2\/media\/16646"}],"wp:attachment":[{"href":"https:\/\/www.amag-group.ch\/blog\/it\/wp-json\/wp\/v2\/media?parent=16658"}],"wp:term":[{"taxonomy":"category","embeddable":true,"href":"https:\/\/www.amag-group.ch\/blog\/it\/wp-json\/wp\/v2\/categories?post=16658"},{"taxonomy":"post_tag","embeddable":true,"href":"https:\/\/www.amag-group.ch\/blog\/it\/wp-json\/wp\/v2\/tags?post=16658"}],"curies":[{"name":"wp","href":"https:\/\/api.w.org\/{rel}","templated":true}]}}