{"id":15145,"date":"2019-07-12T09:11:49","date_gmt":"2019-07-12T07:11:49","guid":{"rendered":"https:\/\/www.amag-group.ch\/blog\/?p=15145"},"modified":"2019-07-12T09:11:49","modified_gmt":"2019-07-12T07:11:49","slug":"con-laudi-e-tron-experience-center-e-nostro-intento-suscitare-maggiore-consapevolezza-in-materia-di-elettromobilita","status":"publish","type":"post","link":"https:\/\/www.amag-group.ch\/blog\/it\/con-laudi-e-tron-experience-center-e-nostro-intento-suscitare-maggiore-consapevolezza-in-materia-di-elettromobilita\/","title":{"rendered":"\u00abCon l\u2019Audi e-tron experience center \u00e8 nostro intento suscitare maggiore consapevolezza in materia di elettromobilit\u00e0\u00bb"},"content":{"rendered":"<h3><strong>Che cos\u2019\u00e8 esattamente l\u2019Audi e-tron experience center?<\/strong><\/h3>\n<p>L\u2019Audi e-tron experience center \u00e8 una piattaforma unica di informazioni ed eventi esclusiva per Audi in Svizzera. \u00c8 l\u2019occasione da un lato di mostrare la competenza in fatto di elettromobilit\u00e0 del nostro marchio, dall\u2019altro di presentare l\u2019intero ecosistema elettrico: dalla stazione di ricarica pubblica alla struttura del motore o della batteria fino alla costruzione di un impianto fotovoltaico. Fino alla fine dell\u2019anno esporremo qui numerosi ed esclusivi modelli Audi come l&#8217;Audi Q4 e-tron, che ha celebrato la sua prima mondiale al Salone dell\u2019automobile di quest&#8217;anno. Organizzeremo anche eventi pubblici e presentazioni relative alle nuove tecnologie. La location pu\u00f2 anche essere affittata per eventi privati o aziendali.<\/p>\n<div id=\"attachment_15138\" style=\"width: 1510px\" class=\"wp-caption aligncenter\"><a href=\"https:\/\/www.amag-group.ch\/blog\/it\/?attachment_id=15138\" rel=\"attachment wp-att-15138\"><img decoding=\"async\" aria-describedby=\"caption-attachment-15138\" class=\"wp-image-15138 size-full\" src=\"https:\/\/www.amag-group.ch\/blog\/wp-content\/uploads\/2019\/07\/Dieter-Jermann-im-Audi-etron-experience-center.jpg\" alt=\"\" width=\"1500\" height=\"1500\" srcset=\"https:\/\/www.amag-group.ch\/blog\/wp-content\/uploads\/2019\/07\/Dieter-Jermann-im-Audi-etron-experience-center.jpg 1500w, https:\/\/www.amag-group.ch\/blog\/wp-content\/uploads\/2019\/07\/Dieter-Jermann-im-Audi-etron-experience-center-414x414.jpg 414w, https:\/\/www.amag-group.ch\/blog\/wp-content\/uploads\/2019\/07\/Dieter-Jermann-im-Audi-etron-experience-center-768x768.jpg 768w\" sizes=\"(max-width: 1500px) 100vw, 1500px\" \/><\/a><p id=\"caption-attachment-15138\" class=\"wp-caption-text\">Dieter Jermann, Brand Director di Audi Svizzera<\/p><\/div>\n<h3><strong>Qual \u00e8 l\u2019obiettivo che volete raggiungere mediante questa piattaforma? <\/strong><\/h3>\n<p>Desideriamo aumentare la consapevolezza nei confronti dell\u2019elettromobilit\u00e0 e ridurre i pregiudizi attraverso l\u2019informazione. Il nostro obiettivo \u00e8 quello di utilizzare l\u2019Audi e-tron experience center per promuovere l\u2019elettromobilit\u00e0 in modo mirato presso le associazioni di categoria, i Business club, le aziende e i privati. Per noi \u00e8 importante che la societ\u00e0 capisca come funziona l\u2019elettromobilit\u00e0 nel settore automobilistico, sia per i privati che per le aziende. Desideriamo abbattere l\u2019ostacolo dell\u2019ignoranza, che ancora oggi trattiene molti clienti dall\u2019utilizzare le vetture elettriche.<\/p>\n<h3><strong>Qui \u00e8 possibile anche provare una Audi e-tron? Come funziona di preciso?<\/strong><\/h3>\n<p>Ovviamente, abbiamo qui anche il primo SUV Audi completamente elettrico. In qualsiasi momento possono essere organizzati giri di prova. Tuttavia \u00e8 importante tenere presente che nel nostro caso si tratta di fare una vera e propria \u00abesperienza\u00bb alla guida di un veicolo elettrico. Desideriamo che tutti sperimentino in prima persona l\u2019elettromobilit\u00e0 senza sentirsi in obbligo di acquistare. Nell\u2019Audi e-tron experience center non vendiamo autovetture.<\/p>\n<h3><strong>Quali esposizioni seguiranno fino alla conclusione dell\u2019Audi e-tron experience center? <\/strong><\/h3>\n<p>All\u2019inaugurazione a met\u00e0 giugno abbiamo gi\u00e0 esposto la concept Audi PB18 e-tron e l\u2019auto da corsa FE05 destinata al campionato di Formula-E. Attualmente l\u2019Audi Q4 e-tron \u00e8 in esposizione presso l\u2019Audi e-tron experience center per due settimane Ma ce ne saranno altre; siamo in attesa di ricever alcune anteprime mondiali Audi dai saloni internazionali.<\/p>\n\n\t\t<style type=\"text\/css\">\n\t\t\t#gallery-1 {\n\t\t\t\tmargin: auto;\n\t\t\t}\n\t\t\t#gallery-1 .gallery-item {\n\t\t\t\tfloat: left;\n\t\t\t\tmargin-top: 10px;\n\t\t\t\ttext-align: center;\n\t\t\t\twidth: 25%;\n\t\t\t}\n\t\t\t#gallery-1 img {\n\t\t\t\tborder: 2px solid #cfcfcf;\n\t\t\t}\n\t\t\t#gallery-1 .gallery-caption {\n\t\t\t\tmargin-left: 0;\n\t\t\t}\n\t\t\t\/* see gallery_shortcode() in wp-includes\/media.php *\/\n\t\t<\/style>\n\t\t<div id='gallery-1' class='gallery galleryid-15145 gallery-columns-4 gallery-size-medium'><dl class='gallery-item'>\n\t\t\t<dt class='gallery-icon landscape'>\n\t\t\t\t<a href='https:\/\/www.amag-group.ch\/blog\/wp-content\/uploads\/2019\/07\/E-TRON-11.jpg'><img decoding=\"async\" width=\"620\" height=\"414\" src=\"https:\/\/www.amag-group.ch\/blog\/wp-content\/uploads\/2019\/07\/E-TRON-11-620x414.jpg\" class=\"attachment-medium size-medium\" alt=\"\" srcset=\"https:\/\/www.amag-group.ch\/blog\/wp-content\/uploads\/2019\/07\/E-TRON-11-620x414.jpg 620w, https:\/\/www.amag-group.ch\/blog\/wp-content\/uploads\/2019\/07\/E-TRON-11-768x512.jpg 768w, https:\/\/www.amag-group.ch\/blog\/wp-content\/uploads\/2019\/07\/E-TRON-11-720x480.jpg 720w\" sizes=\"(max-width: 620px) 100vw, 620px\" \/><\/a>\n\t\t\t<\/dt><\/dl><dl class='gallery-item'>\n\t\t\t<dt class='gallery-icon landscape'>\n\t\t\t\t<a href='https:\/\/www.amag-group.ch\/blog\/wp-content\/uploads\/2019\/07\/etron-ecc-NEU.jpg'><img decoding=\"async\" width=\"620\" height=\"414\" src=\"https:\/\/www.amag-group.ch\/blog\/wp-content\/uploads\/2019\/07\/etron-ecc-NEU-620x414.jpg\" class=\"attachment-medium size-medium\" alt=\"\" srcset=\"https:\/\/www.amag-group.ch\/blog\/wp-content\/uploads\/2019\/07\/etron-ecc-NEU-620x414.jpg 620w, https:\/\/www.amag-group.ch\/blog\/wp-content\/uploads\/2019\/07\/etron-ecc-NEU-768x512.jpg 768w, https:\/\/www.amag-group.ch\/blog\/wp-content\/uploads\/2019\/07\/etron-ecc-NEU-720x480.jpg 720w\" sizes=\"(max-width: 620px) 100vw, 620px\" \/><\/a>\n\t\t\t<\/dt><\/dl><dl class='gallery-item'>\n\t\t\t<dt class='gallery-icon landscape'>\n\t\t\t\t<a href='https:\/\/www.amag-group.ch\/blog\/wp-content\/uploads\/2019\/07\/E-TRON-16.jpg'><img decoding=\"async\" width=\"594\" height=\"414\" src=\"https:\/\/www.amag-group.ch\/blog\/wp-content\/uploads\/2019\/07\/E-TRON-16-594x414.jpg\" class=\"attachment-medium size-medium\" alt=\"\" srcset=\"https:\/\/www.amag-group.ch\/blog\/wp-content\/uploads\/2019\/07\/E-TRON-16-594x414.jpg 594w, https:\/\/www.amag-group.ch\/blog\/wp-content\/uploads\/2019\/07\/E-TRON-16-768x535.jpg 768w\" sizes=\"(max-width: 594px) 100vw, 594px\" \/><\/a>\n\t\t\t<\/dt><\/dl><dl class='gallery-item'>\n\t\t\t<dt class='gallery-icon landscape'>\n\t\t\t\t<a href='https:\/\/www.amag-group.ch\/blog\/wp-content\/uploads\/2019\/07\/e-tron-ecc-NEU.jpg'><img decoding=\"async\" width=\"620\" height=\"414\" src=\"https:\/\/www.amag-group.ch\/blog\/wp-content\/uploads\/2019\/07\/e-tron-ecc-NEU-620x414.jpg\" class=\"attachment-medium size-medium\" alt=\"\" srcset=\"https:\/\/www.amag-group.ch\/blog\/wp-content\/uploads\/2019\/07\/e-tron-ecc-NEU-620x414.jpg 620w, https:\/\/www.amag-group.ch\/blog\/wp-content\/uploads\/2019\/07\/e-tron-ecc-NEU-768x512.jpg 768w, https:\/\/www.amag-group.ch\/blog\/wp-content\/uploads\/2019\/07\/e-tron-ecc-NEU-720x480.jpg 720w\" sizes=\"(max-width: 620px) 100vw, 620px\" \/><\/a>\n\t\t\t<\/dt><\/dl><br style=\"clear: both\" \/>\n\t\t<\/div>\n\n<h3><strong>Apriranno altri centri di questo tipo in Svizzera?<\/strong><\/h3>\n<p>Per il momento ci concentriamo completamente sul nostro Audi e-tron experience center sull\u2019Utoquai di Zurigo. Siamo molto contenti di aver potuto realizzare questo progetto e adesso vorremmo acquisire esperienze in questo senso. Per ora non sono previsti altri Audi e-tron experience center in Svizzera. Per questo, suggerisco a tutti di programmare una visita all\u2019Utoquai per quest\u2019anno.<\/p>\n<h3><strong>Audi ha attualmente lanciato sul mercato un veicolo completamente elettrico. Come si intende proseguire in questo settore? Quando usciranno i prossimi veicoli?<\/strong><\/h3>\n<p>A met\u00e0 marzo di quest\u2019anno abbiamo lanciato l\u2019Audi e-tron, il primo veicolo interamente elettrico del marchio dei quattro anelli. Quest\u2019anno Audi lancer\u00e0 altri tre modelli ibridi plug-in, a partire dall\u2019Audi Q5 55 TFSI e quattro, che pu\u00f2 essere gi\u00e0 ordinata e sar\u00e0 disponibile presso i concessionari a partire da settembre. L\u2019Audi e-tron Sportback arriver\u00e0 all\u2019inizio del 2020. Dalla primavera 2021 usciranno il modello di serie dell\u2019Audi Q4 e-tron ora in esposizione qui, e anche l\u2019Audi e-tron GT.<\/p>\n<p>Non vediamo gi\u00e0 l\u2019ora di vedere la famiglia dei nuovi modelli elettrici che promette efficienza, performance e un\u2019esperienza di guida silenziosa allo stesso tempo.<\/p>\n<h3><strong>Hai gi\u00e0 guidato tu stesso un\u2019auto elettrica e che cosa ti \u00e8 piaciuto maggiormente?<\/strong><\/h3>\n<p>S\u00ec, ho avuto modo di guidare l\u2019Audi e-tron prima del lancio, in occasione di eventi di test. Dal luglio 2019, ho potuto anche provare un\u2019Audi e-tron come vettura di servizio. Viaggio molto spesso per lavoro e il luogo in cui lavoro dista circa 150 km da casa. Cos\u00ec macino ogni giorno molti chilometri; ora per\u00f2 lo faccio con il veicolo dei miei sogni, perch\u00e9 sono sempre stato un grande fan dei SUV. L\u2019Audi e-tron completamente elettrico offre un incredibile piacere di guida. La sua guida sportiva, il bellissimo linguaggio stilistico del veicolo, i noti pregi Audi e i nuovi interni soddisfano ogni desiderio e oltrepassano ogni aspettativa. Inoltre, guidare nel silenzio pi\u00f9 assoluto \u00e8 una sensazione fantastica, sembra letteralmente di scivolare sull\u2019asfalto. A volte spengo anche il sistema di infotainment per godermi fino in fondo questa esperienza di guida rilassante.<\/p>\n<p>&nbsp;<\/p>\n","protected":false},"excerpt":{"rendered":"<p>Dalla met\u00e0 di giugno, sull\u2019Utoquai di Zurigo, \u00e8 in funzione l\u2019Audi e-tron experience center. Abbiamo intervistato Dieter Jermann, Brand Director di Audi Svizzera, in merita a questo nuovo centro per l\u2019elettromobilit\u00e0 aperto in Svizzera, e lui ci ha rivelato alcune indiscrezioni. <\/p>\n","protected":false},"author":27,"featured_media":15088,"comment_status":"open","ping_status":"open","sticky":false,"template":"","format":"standard","meta":{"_acf_changed":false,"inline_featured_image":false,"footnotes":""},"categories":[],"tags":[],"class_list":["post-15145","post","type-post","status-publish","format-standard","has-post-thumbnail","hentry"],"acf":[],"_links":{"self":[{"href":"https:\/\/www.amag-group.ch\/blog\/it\/wp-json\/wp\/v2\/posts\/15145","targetHints":{"allow":["GET"]}}],"collection":[{"href":"https:\/\/www.amag-group.ch\/blog\/it\/wp-json\/wp\/v2\/posts"}],"about":[{"href":"https:\/\/www.amag-group.ch\/blog\/it\/wp-json\/wp\/v2\/types\/post"}],"author":[{"embeddable":true,"href":"https:\/\/www.amag-group.ch\/blog\/it\/wp-json\/wp\/v2\/users\/27"}],"replies":[{"embeddable":true,"href":"https:\/\/www.amag-group.ch\/blog\/it\/wp-json\/wp\/v2\/comments?post=15145"}],"version-history":[{"count":0,"href":"https:\/\/www.amag-group.ch\/blog\/it\/wp-json\/wp\/v2\/posts\/15145\/revisions"}],"wp:featuredmedia":[{"embeddable":true,"href":"https:\/\/www.amag-group.ch\/blog\/it\/wp-json\/wp\/v2\/media\/15088"}],"wp:attachment":[{"href":"https:\/\/www.amag-group.ch\/blog\/it\/wp-json\/wp\/v2\/media?parent=15145"}],"wp:term":[{"taxonomy":"category","embeddable":true,"href":"https:\/\/www.amag-group.ch\/blog\/it\/wp-json\/wp\/v2\/categories?post=15145"},{"taxonomy":"post_tag","embeddable":true,"href":"https:\/\/www.amag-group.ch\/blog\/it\/wp-json\/wp\/v2\/tags?post=15145"}],"curies":[{"name":"wp","href":"https:\/\/api.w.org\/{rel}","templated":true}]}}