{"id":13961,"date":"2019-05-17T09:33:41","date_gmt":"2019-05-17T07:33:41","guid":{"rendered":"https:\/\/www.amag-group.ch\/blog\/?p=13961"},"modified":"2019-05-17T09:33:41","modified_gmt":"2019-05-17T07:33:41","slug":"ruolo-e-requisiti-di-un-presidente-di-club-coaching-e-spirito-di-squadra","status":"publish","type":"post","link":"https:\/\/www.amag-group.ch\/blog\/it\/ruolo-e-requisiti-di-un-presidente-di-club-coaching-e-spirito-di-squadra\/","title":{"rendered":"Ruolo e requisiti di un presidente di club, coaching e spirito di squadra"},"content":{"rendered":"<p>Venerd\u00ec 10 maggio 2019 <a href=\"https:\/\/www.autowelt.amag.ch\/de\" target=\"_blank\" rel=\"noopener\">l&#8217;AMAG Autowelt Zurigo<\/a> di D\u00fcbendorf ha fatto da cornice al primo contro mai avvenuto tra Stephan Rietiker, nuovo presidente del Grasshopper Club Zurigo dalla fine di marzo, e il presidente del FCZ Ancillo Canepa. Non sorprende quindi che quasi 140 ospiti della politica e dell&#8217;economia abbiano partecipato a questa edizione di AMAG Impuls Fr\u00fchst\u00fcck. Nel corso di un&#8217;avvincente discussione moderata da Rainer Maria Salzgeber, i due presidenti hanno parlato del ruolo e delle esigenze di un presidente di club, nonch\u00e9 di coaching e di spirito di squadra.<\/p>\n<p>Oltre ai colori blu e bianco dei loro stemmi e al fatto di considerarsi entrambe il club della citt\u00e0 di Zurigo, le due squadre hanno un&#8217;altra cosa in comune, ovvero una stagione da dimenticare alle spalle. <sub><em>(La partita di domenica scorsa ha tolto ogni dubbio sulla prossima retrocessione del GCZ, campione di record svizzero, che non si trovava in questa scomoda posizione da 70 anni.)<\/em><\/sub><\/p>\n<div id=\"attachment_13949\" style=\"width: 286px\" class=\"wp-caption alignleft\"><img decoding=\"async\" aria-describedby=\"caption-attachment-13949\" class=\"wp-image-13949 size-medium\" src=\"https:\/\/www.amag-group.ch\/blog\/wp-content\/uploads\/2019\/05\/Stephan-Rietiker-276x414.jpg\" alt=\"Stephan Rietiker \u00e8 il nuovo presidente del Grasshopper Club Zurich dalla fine di marzo 2019.\" width=\"276\" height=\"414\" srcset=\"https:\/\/www.amag-group.ch\/blog\/wp-content\/uploads\/2019\/05\/Stephan-Rietiker-276x414.jpg 276w, https:\/\/www.amag-group.ch\/blog\/wp-content\/uploads\/2019\/05\/Stephan-Rietiker-768x1152.jpg 768w, https:\/\/www.amag-group.ch\/blog\/wp-content\/uploads\/2019\/05\/Stephan-Rietiker.jpg 1280w\" sizes=\"(max-width: 276px) 100vw, 276px\" \/><p id=\"caption-attachment-13949\" class=\"wp-caption-text\">Stephan Rietiker \u00e8 il nuovo presidente del Grasshopper Club Zurich dalla fine di marzo 2019.<\/p><\/div>\n<p>Ma Stephan Rietiker ha avvertito chiaramente l&#8217;esigenza di un cambiamento di mentalit\u00e0 anche prima della conferma del passaggio del GC alla categoria inferiore. Una squadra deve rimanere unita anche in tempi difficili e questo \u00e8 possibile solo con forte senso di appartenenza al gruppo. Come in un&#8217;azienda, anche il presidente di un club deve comportarsi da leader e prevedere le varie situazioni possibili, perch\u00e9 solo cos\u00ec pu\u00f2 reagire agli eventi futuri in modo tempestivo e adeguato.<\/p>\n<p>Per questo motivo Stephan Rietiker ha ritenuto ancora pi\u00f9 importante toccare finalmente il tema tab\u00f9 della retrocessione, come unico modo per confrontarsi davvero con questo scenario, ha aggiunto. Non ultimo per dare agli interessati un certo grado di sicurezza, derivante dall&#8217;aver svelato l&#8217;eventualit\u00e0.<\/p>\n<h3>La composizione del team come fattore essenziale di successo<\/h3>\n<p>Ancillo Canepa ha aggiunto che un presidente deve sempre guardare avanti e comunicare apertamente, pretendendo la stessa correttezza anche da parte dei giocatori. Una partita si perde non per colpa di uno o due giocatori, ma dell&#8217;intera squadra.<\/p>\n<div id=\"attachment_13946\" style=\"width: 1930px\" class=\"wp-caption aligncenter\"><img decoding=\"async\" aria-describedby=\"caption-attachment-13946\" class=\"wp-image-13946 size-full\" src=\"https:\/\/www.amag-group.ch\/blog\/wp-content\/uploads\/2019\/05\/Ancillo-Canepa.jpg\" alt=\"Ancillo Canepa (a sinistra), presidente dell'FC Zurigo, parla di spirito di squadra e lungimiranza.\" width=\"1920\" height=\"1280\" srcset=\"https:\/\/www.amag-group.ch\/blog\/wp-content\/uploads\/2019\/05\/Ancillo-Canepa.jpg 1920w, https:\/\/www.amag-group.ch\/blog\/wp-content\/uploads\/2019\/05\/Ancillo-Canepa-620x414.jpg 620w, https:\/\/www.amag-group.ch\/blog\/wp-content\/uploads\/2019\/05\/Ancillo-Canepa-768x512.jpg 768w, https:\/\/www.amag-group.ch\/blog\/wp-content\/uploads\/2019\/05\/Ancillo-Canepa-720x480.jpg 720w\" sizes=\"(max-width: 1920px) 100vw, 1920px\" \/><p id=\"caption-attachment-13946\" class=\"wp-caption-text\">Ancillo Canepa (a sinistra), presidente dell&#8217;FC Zurigo, parla di spirito di squadra e lungimiranza.<\/p><\/div>\n<p>Sebbene una formazione ben studiata non garantisca la vittoria, \u00e8 comunque un fattore essenziale di successo, ha sottolineato Ancillo Canepa. Un allenatore noto per non dare spazio alle nuove leve non \u00e8 ad esempio adatto a una squadra composta principalmente da giovani giocatori. Lo stesso principio si pu\u00f2 applicare a un&#8217;impresa, dove la giusta combinazione di dipendenti e spirito di squadra \u00e8 decisiva per la riuscita. <\/p>\n<h3>Principi imprenditoriali anche nel calcio<\/h3>\n<div id=\"attachment_13940\" style=\"width: 277px\" class=\"wp-caption alignright\"><img decoding=\"async\" aria-describedby=\"caption-attachment-13940\" class=\"wp-image-13940 size-medium\" src=\"https:\/\/www.amag-group.ch\/blog\/wp-content\/uploads\/2019\/05\/AIF-Autowelt-Morten-Hannesbo-267x414.jpg\" alt=\"Morten Hannesbo, CEO AMAG Group AG, vede alcuni parallelismi tra la direzione di un'azienda e una squadra di calcio.\" width=\"267\" height=\"414\" srcset=\"https:\/\/www.amag-group.ch\/blog\/wp-content\/uploads\/2019\/05\/AIF-Autowelt-Morten-Hannesbo-267x414.jpg 267w, https:\/\/www.amag-group.ch\/blog\/wp-content\/uploads\/2019\/05\/AIF-Autowelt-Morten-Hannesbo-768x1193.jpg 768w, https:\/\/www.amag-group.ch\/blog\/wp-content\/uploads\/2019\/05\/AIF-Autowelt-Morten-Hannesbo.jpg 1236w\" sizes=\"(max-width: 267px) 100vw, 267px\" \/><p id=\"caption-attachment-13940\" class=\"wp-caption-text\">Morten Hannesbo, CEO AMAG Group AG, vede alcuni parallelismi tra la direzione di un&#8217;azienda e una squadra di calcio.<\/p><\/div>\n<p>Anche Morten Hannesbo, CEO di AMAG Group SA, \u00e8 convinto che ci siano dei parallelismi tra la gestione di un&#8217;azienda e quella di una squadra di calcio. In entrambi i casi si definiscono gli obiettivi e si celebrano i successi, in entrambi i casi conseguiti grazie al buon grado di collaborazione di molte singole persone.<\/p>\n<p>Per Stephan Rietiker e Ancillo Canepa \u00e8 chiaro che anche un club calcistico deve essere guidato sulla base di principi imprenditoriali, senza tuttavia dimenticare la necessit\u00e0 dei risultati, perch\u00e9 la capacit\u00e0 di guadagno di una squadra dipende in larga misura dal suo successo, che la rende anche molto pi\u00f9 attraente per i potenziali sponsor.<\/p>\n<p>Non importa se nel settore economico o sportivo, solo con una certa stabilit\u00e0, abbinata a una lungimiranza di pensiero e di azione, \u00e8 possibile gettare le basi di un futuro certo.<\/p>\n","protected":false},"excerpt":{"rendered":"<p>Primo incontro tra Stephan Rietiker, Presidente del CG Zurigo e Ancillo Canepa, Presidente del FCZ, che in occasione dell\u2019AMAG Impuls Fr\u00fchst\u00fcck presso l&#8217;AMAG Autowelt Zurigo hanno parlato dei loro compiti e sfide nella veste di presidenti di club, spiegando perch\u00e9 la gestione di una squadra di calcio pu\u00f2 essere paragonata a quella di un&#8217;azienda. <\/p>\n","protected":false},"author":40,"featured_media":13945,"comment_status":"open","ping_status":"open","sticky":false,"template":"","format":"standard","meta":{"_acf_changed":false,"inline_featured_image":false,"footnotes":""},"categories":[2211],"tags":[],"class_list":["post-13961","post","type-post","status-publish","format-standard","has-post-thumbnail","hentry","category-sostenibilita"],"acf":[],"_links":{"self":[{"href":"https:\/\/www.amag-group.ch\/blog\/it\/wp-json\/wp\/v2\/posts\/13961","targetHints":{"allow":["GET"]}}],"collection":[{"href":"https:\/\/www.amag-group.ch\/blog\/it\/wp-json\/wp\/v2\/posts"}],"about":[{"href":"https:\/\/www.amag-group.ch\/blog\/it\/wp-json\/wp\/v2\/types\/post"}],"author":[{"embeddable":true,"href":"https:\/\/www.amag-group.ch\/blog\/it\/wp-json\/wp\/v2\/users\/40"}],"replies":[{"embeddable":true,"href":"https:\/\/www.amag-group.ch\/blog\/it\/wp-json\/wp\/v2\/comments?post=13961"}],"version-history":[{"count":0,"href":"https:\/\/www.amag-group.ch\/blog\/it\/wp-json\/wp\/v2\/posts\/13961\/revisions"}],"wp:featuredmedia":[{"embeddable":true,"href":"https:\/\/www.amag-group.ch\/blog\/it\/wp-json\/wp\/v2\/media\/13945"}],"wp:attachment":[{"href":"https:\/\/www.amag-group.ch\/blog\/it\/wp-json\/wp\/v2\/media?parent=13961"}],"wp:term":[{"taxonomy":"category","embeddable":true,"href":"https:\/\/www.amag-group.ch\/blog\/it\/wp-json\/wp\/v2\/categories?post=13961"},{"taxonomy":"post_tag","embeddable":true,"href":"https:\/\/www.amag-group.ch\/blog\/it\/wp-json\/wp\/v2\/tags?post=13961"}],"curies":[{"name":"wp","href":"https:\/\/api.w.org\/{rel}","templated":true}]}}