{"id":13894,"date":"2019-05-10T07:50:46","date_gmt":"2019-05-10T05:50:46","guid":{"rendered":"https:\/\/www.amag-group.ch\/blog\/?p=13894"},"modified":"2019-05-10T07:47:59","modified_gmt":"2019-05-10T05:47:59","slug":"lernende-im-fokus-tim-meyer","status":"publish","type":"post","link":"https:\/\/www.amag-group.ch\/blog\/it\/lernende-im-fokus-tim-meyer\/","title":{"rendered":"Apprendista in primo piano: Tim Meyer"},"content":{"rendered":"<p>Con i suoi 1,92 m Tim Meyer \u00e8 uno degli apprendisti pi\u00f9 alti. Non c\u2019\u00e8 quindi da stupirsi che giochi nel campionato professionistico di pallamano del GC Z\u00fcrich. Come riesce a conciliare l\u2019impegno sportivo con la formazione come impiegato di commercio? Grazie alla partnership tra AMAG e <a href=\"http:\/\/www.unitedschool.ch\/\" target=\"_blank\" rel=\"noopener\">United School of Sports<\/a>. AMAG dal 2014 \u00e8 partner di formazione e consente quindi agli apprendisti di ottenere sia una qualifica professionale che di continuare a praticare attivit\u00e0 sportiva a livello professionale.<\/p>\n<p>\u00abEcco perch\u00e9 la mia formazione come impiegato di commercio pu\u00f2 richiedere anche quattro anni e non i soliti tre\u00bb, spiega Tim. Nei primi due anni sono previste in media da quattro a sei ore di lezioni scolastiche al giorno e al mattino e alla sera gli allenamenti. Dopo questi due anni, si inizia con l\u2019esperienza pratica e la formazione in azienda. Anche in questi due anni comunque lo sport professionistico ha il suo posto.<\/p>\n<div id=\"attachment_13880\" style=\"width: 630px\" class=\"wp-caption alignright\"><img decoding=\"async\" aria-describedby=\"caption-attachment-13880\" class=\"wp-image-13880 size-medium\" src=\"https:\/\/www.amag-group.ch\/blog\/wp-content\/uploads\/2019\/05\/Tim-Meyer_2-620x414.jpg\" alt=\"Tim Meyer, giocatore di pallamano professionista, \u00e8 felice di poter conciliare la sua formazione come impiegato di commercio con lo sport a livello professionistico.\" width=\"620\" height=\"414\" srcset=\"https:\/\/www.amag-group.ch\/blog\/wp-content\/uploads\/2019\/05\/Tim-Meyer_2-620x414.jpg 620w, https:\/\/www.amag-group.ch\/blog\/wp-content\/uploads\/2019\/05\/Tim-Meyer_2-768x512.jpg 768w, https:\/\/www.amag-group.ch\/blog\/wp-content\/uploads\/2019\/05\/Tim-Meyer_2-720x480.jpg 720w, https:\/\/www.amag-group.ch\/blog\/wp-content\/uploads\/2019\/05\/Tim-Meyer_2.jpg 1920w\" sizes=\"(max-width: 620px) 100vw, 620px\" \/><p id=\"caption-attachment-13880\" class=\"wp-caption-text\">Tim Meyer, giocatore di pallamano professionista, \u00e8 felice di poter conciliare la sua formazione come impiegato di commercio con lo sport a livello professionistico.<\/p><\/div>\n<h3>Il cambiamento di reparto ogni sei mesi amplia gli orizzonti<\/h3>\n<p>Tim \u00e8 in AMAG dall\u2019agosto 2017 e ormai \u00e8 vicino al diploma. \u00abIn questo momento non posso allenarmi perch\u00e9 ho avuto un infortunio, quindi lavoro quattro giorni alla settimana presso <a href=\"https:\/\/www.amag.ch\/amagch\/corp\/it\/showroom\/leasing.html#\/\" target=\"_blank\" rel=\"noopener\">AMAG Leasing SA<\/a> di Baden D\u00e4ttwil\u00bb, racconta Tim, che aggiunge: \u00abL\u2019esame finale di tirocinio sar\u00e0 questa estate. Quindi in fondo il fatto che non possa allenarmi non mi dispiace, perch\u00e9 in questo modo ho tempo a sufficienza per prepararmi per l\u2019esame\u00bb Prima di scegliere AMAG Tim si \u00e8 informato anche su altre professioni. Gli piacevano anche i percorsi di formazione come impiegato del commercio al dettaglio, elettricista e cuoco. \u00abMa ho capito subito che l\u2019apprendistato come impiegato di commercio presso AMAG era il pi\u00f9 adatto a me\u00bb, dice Tim.<\/p>\n<p>All\u2019interno di AMAG la formazione come impiegato di commercio \u00e8 strutturata in modo tale da essere molto varia, infatti gli apprendisti ogni sei mesi cambiano reparto. \u00abIn questo modo riusciamo a farci un\u2019idea di tanti settori diversi e degli incarichi svolti da chi lavora in ognuno di questi. In pi\u00f9, questi spostamenti ci aiutano a capire dove vorremmo lavorare dopo l\u2019apprendistato\u00bb, spiega Tim.<\/p>\n<div id=\"attachment_13877\" style=\"width: 286px\" class=\"wp-caption alignleft\"><img decoding=\"async\" aria-describedby=\"caption-attachment-13877\" class=\"wp-image-13877 size-medium\" src=\"https:\/\/www.amag-group.ch\/blog\/wp-content\/uploads\/2019\/05\/Tim-Meyer_1-276x414.jpg\" alt=\"Lavorando in diversi reparti Tim Meyer ha potuto acquisire molte conoscenze.\" width=\"276\" height=\"414\" srcset=\"https:\/\/www.amag-group.ch\/blog\/wp-content\/uploads\/2019\/05\/Tim-Meyer_1-276x414.jpg 276w, https:\/\/www.amag-group.ch\/blog\/wp-content\/uploads\/2019\/05\/Tim-Meyer_1-768x1152.jpg 768w, https:\/\/www.amag-group.ch\/blog\/wp-content\/uploads\/2019\/05\/Tim-Meyer_1.jpg 1280w\" sizes=\"(max-width: 276px) 100vw, 276px\" \/><p id=\"caption-attachment-13877\" class=\"wp-caption-text\">Lavorando in diversi reparti Tim Meyer ha potuto acquisire molte conoscenze.<\/p><\/div>\n<p>Anche il lavoro quotidiano cambia da un reparto all\u2019altro. \u00abIn alcuni bisogna stare molto al telefono, in altri gran parte del lavoro viene svolto tramite e-mail o con il contatto diretto. In questo momento sto lavorando presso il reparto Incasso e rispondo alle telefonate dei clienti che hanno domande sulle loro fatture. La maggior parte delle chiamate arriva da clienti che hanno ricevuto un promemoria di pagamento\u00bb, \u00e8 cos\u00ec che Tim descrive una sua giornata tipo.<\/p>\n<p>Per fare in modo che gli apprendisti sappiano perfettamente come rapportarsi con i clienti durante queste conversazioni, per i primi due mesi si siedono accanto a un collaboratore esperto e ascoltano le telefonate. Successivamente gli apprendisti rispondono alle prime telefonate nella propria lingua madre. \u00abUna volta acquisite le necessarie conoscenze e sviluppate gi\u00e0 alcune routine, si iniziano a fare telefonate anche in francese e, se si parla italiano, anche in italiano\u00bb, spiega Tim e aggiunge: \u00abSe si conosce il lessico, non \u00e8 un problema portare avanti una telefonata anche in una lingua straniera.\u00bb<\/p>\n<h3>\u00a0<\/h3>\n<h3>Il prossimo obiettivo \u00e8 gi\u00e0 chiaro: la maturit\u00e0 professionale<\/h3>\n<p>Per intraprendere un apprendistato come impiegato commerciale bisogna essere persone a cui interessa e piace collaborare, e con una buona comprensione. \u00abInoltre bisogna anche essere dei tipi da ufficio. Non a tutti piace stare seduti otto ore davanti a un computer o al telefono\u00bb, spiega Tim.<\/p>\n<p>Per potersi confrontare con gli altri apprendisti di AMAG Import SA che vogliono diventare impiegati di commercio, l\u2019ultimo mercoled\u00ec pomeriggio di ogni mese viene organizzato il cosiddetto \u00abpit stop\u00bb a Schinznach-Bad. \u00abQuesti incontri sono fantastici, perch\u00e9 permettono di rimanere in contatto con gli altri apprendisti e di scoprire cosa stanno facendo\u00bb, spiega Tim.<\/p>\n<p>Anche se finora ha apprezzato tutti i reparti in cui ha lavorato, Tim \u00e8 particolarmente interessato alle finanze. Sa anche gi\u00e0 cosa vuole fare dopo l\u2019apprendistato. \u00abDopo il diploma, voglio andare all\u2019AKAD di Oerlikon e ottenere la maturit\u00e0 professionale\u00bb, dice Tim. L\u00ec andr\u00e0 a scuola il luned\u00ec e il marted\u00ec e gli altri tre giorni potr\u00e0 lavorare. Questo \u00e8 stato il fattore decisivo che gli ha fatto scegliere l\u2019AKAD. \u00abNon voglio stare lontano dal lavoro per un anno, voglio continuare a fare esperienza pratica\u00bb, sottolinea Tim.<\/p>\n<div id=\"attachment_13883\" style=\"width: 1930px\" class=\"wp-caption aligncenter\"><img decoding=\"async\" aria-describedby=\"caption-attachment-13883\" class=\"wp-image-13883 size-full\" src=\"https:\/\/www.amag-group.ch\/blog\/wp-content\/uploads\/2019\/05\/Tim-Meyer_3_bearbeitet.jpg\" alt=\"Tim Meyer non ha dubbi, dopo l\u2019esame finale di apprendistato vuole prendere la maturit\u00e0 professionale.\" width=\"1920\" height=\"1280\" srcset=\"https:\/\/www.amag-group.ch\/blog\/wp-content\/uploads\/2019\/05\/Tim-Meyer_3_bearbeitet.jpg 1920w, https:\/\/www.amag-group.ch\/blog\/wp-content\/uploads\/2019\/05\/Tim-Meyer_3_bearbeitet-620x414.jpg 620w, https:\/\/www.amag-group.ch\/blog\/wp-content\/uploads\/2019\/05\/Tim-Meyer_3_bearbeitet-768x512.jpg 768w, https:\/\/www.amag-group.ch\/blog\/wp-content\/uploads\/2019\/05\/Tim-Meyer_3_bearbeitet-720x480.jpg 720w\" sizes=\"(max-width: 1920px) 100vw, 1920px\" \/><p id=\"caption-attachment-13883\" class=\"wp-caption-text\">Tim Meyer non ha dubbi, dopo l\u2019esame finale di apprendistato vuole prendere la maturit\u00e0 professionale.<\/p><\/div>\n<p>Ma per il momento pensa soltanto a studiare per l\u2019esame finale di apprendistato. \u00abDurante lo studio, per cercare di staccare un attimo, incontro regolarmente i miei colleghi\u00bb, racconta Tim.<\/p>\n<p>&nbsp;<\/p>\n<h2>Ulteriori articoli su questo argomento:<\/h2>\n<p><a href=\"https:\/\/www.amag-group.ch\/blog\/it\/focus-sugli-apprendisti-nico-hangartner\/\" target=\"_blank\" rel=\"noopener\">Focus sugli apprendisti: Nico Hangartner<\/a><\/p>\n<p><a href=\"https:\/\/www.amag-group.ch\/blog\/it\/apprendista-amag-in-primo-piano-valentina-rohner\/\" target=\"_blank\" rel=\"noopener\">Focus sugli apprendisti: Valentina Rohner<\/a><\/p>\n<p>&nbsp;<\/p>\n","protected":false},"excerpt":{"rendered":"<p>\u00c8 possibile giocare a pallamano a livello professionale e allo stesso tempo studiare per diventare impiegato di commercio? Tim Meyer ci ha provato e sta gi\u00e0 per sostenere l\u2019esame finale di apprendistato. <\/p>\n","protected":false},"author":40,"featured_media":13885,"comment_status":"open","ping_status":"open","sticky":false,"template":"","format":"standard","meta":{"_acf_changed":false,"inline_featured_image":false,"footnotes":""},"categories":[9828],"tags":[],"class_list":["post-13894","post","type-post","status-publish","format-standard","has-post-thumbnail","hentry","category-next-generation-it"],"acf":[],"_links":{"self":[{"href":"https:\/\/www.amag-group.ch\/blog\/it\/wp-json\/wp\/v2\/posts\/13894","targetHints":{"allow":["GET"]}}],"collection":[{"href":"https:\/\/www.amag-group.ch\/blog\/it\/wp-json\/wp\/v2\/posts"}],"about":[{"href":"https:\/\/www.amag-group.ch\/blog\/it\/wp-json\/wp\/v2\/types\/post"}],"author":[{"embeddable":true,"href":"https:\/\/www.amag-group.ch\/blog\/it\/wp-json\/wp\/v2\/users\/40"}],"replies":[{"embeddable":true,"href":"https:\/\/www.amag-group.ch\/blog\/it\/wp-json\/wp\/v2\/comments?post=13894"}],"version-history":[{"count":0,"href":"https:\/\/www.amag-group.ch\/blog\/it\/wp-json\/wp\/v2\/posts\/13894\/revisions"}],"wp:featuredmedia":[{"embeddable":true,"href":"https:\/\/www.amag-group.ch\/blog\/it\/wp-json\/wp\/v2\/media\/13885"}],"wp:attachment":[{"href":"https:\/\/www.amag-group.ch\/blog\/it\/wp-json\/wp\/v2\/media?parent=13894"}],"wp:term":[{"taxonomy":"category","embeddable":true,"href":"https:\/\/www.amag-group.ch\/blog\/it\/wp-json\/wp\/v2\/categories?post=13894"},{"taxonomy":"post_tag","embeddable":true,"href":"https:\/\/www.amag-group.ch\/blog\/it\/wp-json\/wp\/v2\/tags?post=13894"}],"curies":[{"name":"wp","href":"https:\/\/api.w.org\/{rel}","templated":true}]}}