{"id":1388,"date":"2017-09-07T16:32:02","date_gmt":"2017-09-07T14:32:02","guid":{"rendered":"http:\/\/www.amag-group.ch\/blog\/it\/?p=1388"},"modified":"2018-03-27T15:42:14","modified_gmt":"2018-03-27T13:42:14","slug":"tappa-vallesana-del-grand-tour-switzerland","status":"publish","type":"post","link":"https:\/\/www.amag-group.ch\/blog\/it\/tappa-vallesana-del-grand-tour-switzerland\/","title":{"rendered":"Tappa vallesana del Grand Tour of Switzerland"},"content":{"rendered":"<p>Per raggiungere il percorso previsto partiamo del Grand Tour da Zurigo in direzione Vallese valicando il passo della Furka. A bordo del nostro veicolo odierno, una Audi S4, percorrere la strada del passo \u00e8 ovviamente ancora pi\u00f9 divertente.<\/p>\n<h3><strong>La valle del Rodano<\/strong><\/h3>\n<p>Quando arriviamo a Visp scorgiamo gi\u00e0 i primi vigneti. Il nostro percorso ci conduce attraverso la valle del Rodano. Ed ecco che raggiungiamo gi\u00e0 il punto di partenza ufficiale della gita odierna: Raron. Attraversiamo il piccolo paese sulla strada cantonale, dalla quale si ha una bella vista sul fondovalle. Ammiriamo i vigneti e il campo da golf, poi attraversiamo il Rodano e passiamo attraverso altri paesini.<\/p>\n<p>Presso Leuk scorgiamo gi\u00e0 da lontano le imponenti antenne che dominano il paese dell&#8217;alto. Durante il nostro tour non ci fermiamo a Leuk, vogliamo infatti iniziare con l&#8217;attrazione principale di questo Grand Tour of Switzerland. La prossima tappa \u00e8 Grimentz, con l&#8217;affascinante vecchio nucleo del paese.<\/p>\n<div id=\"attachment_1390\" style=\"width: 630px\" class=\"wp-caption alignnone\"><img decoding=\"async\" aria-describedby=\"caption-attachment-1390\" class=\"size-medium wp-multi-image wp-multi-image-1390\" src=\"https:\/\/www.amag-group.ch\/blog\/wp-content\/uploads\/sites\/3\/2017\/09\/01-Grand_Tour_of_Switzerland_Val_d_Anniviers-620x414.jpg\" alt=\"Nell'immagine \u00e8 raffigurata la Val d'Anniviers\" width=\"620\" height=\"414\" \/><p id=\"caption-attachment-1390\" class=\"wp-caption-text\">Vista sulla Val d&#8217;Anniviers, sulla strada per Grimentz<\/p><\/div>\n<p>&nbsp;<\/p>\n<h3><strong>Visita a Grimentz<\/strong><\/h3>\n<p>La strada che porta al villaggio di Grimentz si rivela una splendida salita in un panorama montano. Seguendo una strada a serpentina ci si addentra nella Val d&#8217;Anniviers. Grimentz si raggiunge dopo ca. 30 minuti di automobile. Il viaggio per raggiungere il paese \u00e8 davvero suggestivo. In prossimit\u00e0 del villaggio, nelle curve le strade sono addirittura ornate con dei gerani.<\/p>\n<div id=\"attachment_1391\" style=\"width: 630px\" class=\"wp-caption alignnone\"><img decoding=\"async\" aria-describedby=\"caption-attachment-1391\" class=\"size-medium wp-multi-image wp-multi-image-1391\" src=\"https:\/\/www.amag-group.ch\/blog\/wp-content\/uploads\/sites\/3\/2017\/09\/02-Grand_Tour_of_Switzerland_S4_arrivo_Grimentz-620x414.jpg\" alt=\"Una S4 davanti a una curva ornata con gerani. Sullo sfondo Grimentz \" width=\"620\" height=\"414\" \/><p id=\"caption-attachment-1391\" class=\"wp-caption-text\">Le curve prima di Grimentz ornate con gerani<\/p><\/div>\n<p>&nbsp;<\/p>\n<p>Grimentz \u00e8 davvero un luogo incantevole: un piccolo villaggio di montagna con vecchio nucleo senz&#8217;auto e innumerevoli chalet meravigliosi. I ristoranti all&#8217;inizio del paese invitano a concedersi una bella pausa.<\/p>\n<div id=\"attachment_1392\" style=\"width: 630px\" class=\"wp-caption alignnone\"><img decoding=\"async\" aria-describedby=\"caption-attachment-1392\" class=\"size-medium wp-multi-image wp-multi-image-1392\" src=\"https:\/\/www.amag-group.ch\/blog\/wp-content\/uploads\/sites\/3\/2017\/09\/03-Grand_Tour_of_Switzerland_Grimentz-620x414.jpg\" alt=\"Numerosi vecchi chalet a Grimentz ornati con gerani rossi\" width=\"620\" height=\"414\" \/><p id=\"caption-attachment-1392\" class=\"wp-caption-text\">Gli incantevoli chalet di Grimentz<\/p><\/div>\n<p>&nbsp;<\/p>\n<h3><strong>Da Saillon a Montreux passando per Aigle<\/strong><\/h3>\n<p>Di ritorno nella valle del Rodano, che gli autoctoni chiamano anche \u00abRottental\u00bb, ci spostiamo verso Saillon lungo strade costeggiate da vigneti. Nell&#8217;odierna giornata estiva non ci fermiamo a St.\u00a0L\u00e9onard, con il suo lago sotterraneo. Saillon appare come un grazioso villaggio con il suo intrigante vecchio centro storico, insediato su una piccola collina.<\/p>\n<div id=\"attachment_1393\" style=\"width: 630px\" class=\"wp-caption alignnone\"><img decoding=\"async\" aria-describedby=\"caption-attachment-1393\" class=\"size-medium wp-multi-image wp-multi-image-1393\" src=\"https:\/\/www.amag-group.ch\/blog\/wp-content\/uploads\/sites\/3\/2017\/09\/04-Grand_Tour_of_Switzerland_Saillon-620x414.jpg\" alt=\"La citt\u00e0 vecchia di Saillon con torre e chiesa visibili sulla collina\" width=\"620\" height=\"414\" \/><p id=\"caption-attachment-1393\" class=\"wp-caption-text\">Vista su Saillon<\/p><\/div>\n<p>&nbsp;<\/p>\n<p>La prossima fermata del nostro Grand Tour of Switzerland \u00e8 Saint-Maurice, dove passiamo accanto alla bella abbazia, anch&#8217;essa un&#8217;attrazione del nostro tragitto. Ci limitiamo a osservarla dall&#8217;esterno visto che vogliamo ancora visitare Aigle, da dove possiamo ammirare l&#8217;omonimo Castello circondato dai vigneti.<\/p>\n<div id=\"attachment_1394\" style=\"width: 630px\" class=\"wp-caption alignnone\"><img decoding=\"async\" aria-describedby=\"caption-attachment-1394\" class=\"size-medium wp-multi-image wp-multi-image-1394\" src=\"https:\/\/www.amag-group.ch\/blog\/wp-content\/uploads\/sites\/3\/2017\/09\/05-Grand_Tour_of_Switzerland_Chauteau_dAigle-620x414.jpg\" alt=\"A destra il Castello di Aigle, in primo piano i molti vigneti e sullo sfondo le montagne\" width=\"620\" height=\"414\" \/><p id=\"caption-attachment-1394\" class=\"wp-caption-text\">Il Castello di Aigle circondato da vigneti<\/p><\/div>\n<p>&nbsp;<\/p>\n<p>L&#8217;ultima tratta ci porta al traguardo dell&#8217;odierno Grand Tour of Switzerland. Sulla route du Simplon, passando per aree agricole e vitivinicole fertili e attraversando pittoreschi paesi, da Aigle si raggiunge Montreux. Presso Villeneuve passiamo davanti al Castello di Chillon, dove ci si potrebbe anche fermare, noi proseguiamo per\u00f2 direttamente verso il nostro traguardo: Montreux. Una visita a questa bella citt\u00e0 sul lago Lemano \u00e8 davvero d&#8217;obbligo!<\/p>\n<p><span style=\"text-decoration: underline;\"><strong><a href=\"http:\/\/www.amag.ch\/amagch\/corp\/it\/newsletter\/anmeldeformular_Blog.html\">Attualit\u00e0 e retroscena dall&#8217;universo dell&#8217;auto.\u00a0Abbonatevi subito.<\/a><\/strong><\/span><\/p>\n","protected":false},"excerpt":{"rendered":"<p>Nella nostra nuova tappa del Grand Tour of Switzerland andiamo alla scoperta della valle del Rodano da Raron a Montreux. <\/p>\n","protected":false},"author":27,"featured_media":7752,"comment_status":"open","ping_status":"open","sticky":false,"template":"","format":"standard","meta":{"_acf_changed":false,"inline_featured_image":false,"footnotes":""},"categories":[8121],"tags":[],"class_list":["post-1388","post","type-post","status-publish","format-standard","has-post-thumbnail","hentry","category-auto-e-tecnologia"],"acf":[],"_links":{"self":[{"href":"https:\/\/www.amag-group.ch\/blog\/it\/wp-json\/wp\/v2\/posts\/1388","targetHints":{"allow":["GET"]}}],"collection":[{"href":"https:\/\/www.amag-group.ch\/blog\/it\/wp-json\/wp\/v2\/posts"}],"about":[{"href":"https:\/\/www.amag-group.ch\/blog\/it\/wp-json\/wp\/v2\/types\/post"}],"author":[{"embeddable":true,"href":"https:\/\/www.amag-group.ch\/blog\/it\/wp-json\/wp\/v2\/users\/27"}],"replies":[{"embeddable":true,"href":"https:\/\/www.amag-group.ch\/blog\/it\/wp-json\/wp\/v2\/comments?post=1388"}],"version-history":[{"count":0,"href":"https:\/\/www.amag-group.ch\/blog\/it\/wp-json\/wp\/v2\/posts\/1388\/revisions"}],"wp:featuredmedia":[{"embeddable":true,"href":"https:\/\/www.amag-group.ch\/blog\/it\/wp-json\/wp\/v2\/media\/7752"}],"wp:attachment":[{"href":"https:\/\/www.amag-group.ch\/blog\/it\/wp-json\/wp\/v2\/media?parent=1388"}],"wp:term":[{"taxonomy":"category","embeddable":true,"href":"https:\/\/www.amag-group.ch\/blog\/it\/wp-json\/wp\/v2\/categories?post=1388"},{"taxonomy":"post_tag","embeddable":true,"href":"https:\/\/www.amag-group.ch\/blog\/it\/wp-json\/wp\/v2\/tags?post=1388"}],"curies":[{"name":"wp","href":"https:\/\/api.w.org\/{rel}","templated":true}]}}