{"id":11811,"date":"2018-12-11T12:04:11","date_gmt":"2018-12-11T11:04:11","guid":{"rendered":"https:\/\/www.amag-group.ch\/blog\/?p=11811"},"modified":"2018-12-11T12:04:11","modified_gmt":"2018-12-11T11:04:11","slug":"cupra-ateca-suv-dal-cuore-sportivo","status":"publish","type":"post","link":"https:\/\/www.amag-group.ch\/blog\/it\/cupra-ateca-suv-dal-cuore-sportivo\/","title":{"rendered":"CUPRA Ateca \u2013 SUV dal cuore sportivo"},"content":{"rendered":"<p>Comunicato a inizio 2018, il lancio del nuovo brand CUPRA ha destato scalpore nell&#8217;industria automobilistica, suscitando alcune domande: cosa possono aspettarsi gli appassionati delle quattro ruote? Quali aspetti caratterizzeranno il nuovo brand? E ancora pi\u00f9 importante: com&#8217;\u00e8 fatta la primogenita CUPRA?<\/p>\n<p>Quest&#8217;autunno, l&#8217;attesa \u00e8 finalmente terminata. Con la CUPRA Ateca, un SUV sportivo conquista il settore delle quattro ruote. Il veicolo <a href=\"https:\/\/www.cupraofficial.ch\/it\/home.html\" target=\"_blank\" rel=\"noopener\">\u00e8 ordinabile<\/a> in Svizzera da novembre e i primi esemplari possono gi\u00e0 essere visionati e testati dai concessionari SEAT.<\/p>\n<div id=\"attachment_11790\" style=\"width: 630px\" class=\"wp-caption aligncenter\"><img decoding=\"async\" aria-describedby=\"caption-attachment-11790\" class=\"wp-image-11790 size-medium\" src=\"https:\/\/www.amag-group.ch\/blog\/wp-content\/uploads\/2018\/12\/CUPRA-Ateca_6-620x414.jpg\" alt=\"La CUPRA Ateca si presenta ai blocchi di partenza con la trazione integrale e un motore molto performante.\" width=\"620\" height=\"414\" srcset=\"https:\/\/www.amag-group.ch\/blog\/wp-content\/uploads\/2018\/12\/CUPRA-Ateca_6-620x414.jpg 620w, https:\/\/www.amag-group.ch\/blog\/wp-content\/uploads\/2018\/12\/CUPRA-Ateca_6-768x512.jpg 768w, https:\/\/www.amag-group.ch\/blog\/wp-content\/uploads\/2018\/12\/CUPRA-Ateca_6-720x480.jpg 720w, https:\/\/www.amag-group.ch\/blog\/wp-content\/uploads\/2018\/12\/CUPRA-Ateca_6.jpg 1920w\" sizes=\"(max-width: 620px) 100vw, 620px\" \/><p id=\"caption-attachment-11790\" class=\"wp-caption-text\">La CUPRA Ateca si presenta ai blocchi di partenza con la trazione integrale e un motore molto performante.<\/p><\/div>\n<h3>Motore: cuore e anima del veicolo<\/h3>\n<p>Il motore TSI benzina da 2 litri e quattro cilindri, sovralimentato e a iniezione diretta, sviluppa 300 CV (221 kW) e genera una coppia di 400 Nm. Pertanto, dal punto di vista tecnico, \u00e8 uno dei motori pi\u00f9 moderni nell&#8217;odierno mercato e costituisce il vero e proprio cuore della CUPRA Ateca. Per rispettare le pi\u00f9 recenti prescrizioni in materia di emissioni, il propulsore \u00e8 stato inoltre equipaggiato con un filtro antiparticolato di nuova concezione. Grazie a queste innovazioni, nel ciclo di test WLTP la CUPRA Ateca registra emissioni di CO2 comprese tra 192 g\/km e 201 g\/km e consumi di carburante compresi tra 7,4 e 8,9 litri ogni 100 chilometri.<\/p>\n<p>Inoltre, il cambio DSG a 7 rapporti garantisce passaggi di marcia precisi e rapidi e bassi consumi di carburante, mentre la moderna trazione integrale 4Drive garantisce la giusta sicurezza anche sui terreni pi\u00f9 accidentati.<\/p>\n<div id=\"attachment_11796\" style=\"width: 630px\" class=\"wp-caption aligncenter\"><img decoding=\"async\" aria-describedby=\"caption-attachment-11796\" class=\"wp-image-11796 size-medium\" src=\"https:\/\/www.amag-group.ch\/blog\/wp-content\/uploads\/2018\/12\/CUPRA-Ateca_8-620x414.jpg\" alt=\"La CUPRA Ateca accelera da 0 a 100 km\/h in soli 5,2 secondi.\" width=\"620\" height=\"414\" srcset=\"https:\/\/www.amag-group.ch\/blog\/wp-content\/uploads\/2018\/12\/CUPRA-Ateca_8-620x414.jpg 620w, https:\/\/www.amag-group.ch\/blog\/wp-content\/uploads\/2018\/12\/CUPRA-Ateca_8-768x512.jpg 768w, https:\/\/www.amag-group.ch\/blog\/wp-content\/uploads\/2018\/12\/CUPRA-Ateca_8-720x480.jpg 720w, https:\/\/www.amag-group.ch\/blog\/wp-content\/uploads\/2018\/12\/CUPRA-Ateca_8.jpg 1920w\" sizes=\"(max-width: 620px) 100vw, 620px\" \/><p id=\"caption-attachment-11796\" class=\"wp-caption-text\">La CUPRA Ateca accelera da 0 a 100 km\/h in soli 5,2 secondi.<\/p><\/div>\n<p>Grazie al suo ridotto peso a vuoto, pari a 1&#8217;735 kg, e al suo potente motore dalle elevate prestazioni da 300 CV (221 kW), la CUPRA Ateca accelera da ferma a 100 km\/h in soli 5,2 secondi.<\/p>\n<h3>Il telaio si adatta al meglio a tutte le sollecitazioni<\/h3>\n<p>La CUPRA Ateca dispone di sospensioni indipendenti con ammortizzatori MacPherson anteriori e di un asse posteriore multibraccio. Inoltre integra la regolazione adattiva dell&#8217;assetto DCC (Dynamic Chassis Control).<\/p>\n<p>La tecnologia 4Drive analizza in tempo reale le condizioni della strada, comprese la velocit\u00e0 del veicolo, quella delle singole ruote, la posizione del volante, nonch\u00e9 lo stile e la modalit\u00e0 di guida, per trasmettere in qualsiasi momento la forza propulsiva ottimale alle singole ruote rapidamente e in continuo. Il completo sistema 4Drive \u00e8 progettato per garantire sempre un comportamento di guida ottimale della CUPRA Ateca, a prescindere dalle condizioni esterne.<\/p>\n<div id=\"attachment_11775\" style=\"width: 1930px\" class=\"wp-caption aligncenter\"><img decoding=\"async\" aria-describedby=\"caption-attachment-11775\" class=\"wp-image-11775 size-full\" src=\"https:\/\/www.amag-group.ch\/blog\/wp-content\/uploads\/2018\/12\/CUPRA-Ateca_1.jpg\" alt=\"La tecnologia 4Drive analizza in tempo reale le condizioni stradali.\" width=\"1920\" height=\"1280\" srcset=\"https:\/\/www.amag-group.ch\/blog\/wp-content\/uploads\/2018\/12\/CUPRA-Ateca_1.jpg 1920w, https:\/\/www.amag-group.ch\/blog\/wp-content\/uploads\/2018\/12\/CUPRA-Ateca_1-620x414.jpg 620w, https:\/\/www.amag-group.ch\/blog\/wp-content\/uploads\/2018\/12\/CUPRA-Ateca_1-768x512.jpg 768w, https:\/\/www.amag-group.ch\/blog\/wp-content\/uploads\/2018\/12\/CUPRA-Ateca_1-720x480.jpg 720w\" sizes=\"(max-width: 1920px) 100vw, 1920px\" \/><p id=\"caption-attachment-11775\" class=\"wp-caption-text\">La tecnologia 4Drive analizza in tempo reale le condizioni stradali.<\/p><\/div>\n<p>Considerata l&#8217;enorme potenza sviluppata dalla CUPRA Ateca, l&#8217;impianto frenante \u00e8 stato ottimizzato. Il SUV dispone ora di dischi dei freni anteriori e posteriori maggiorati rispettivamente di 344 mm e 310 mm.<\/p>\n<div id=\"attachment_11793\" style=\"width: 410px\" class=\"wp-caption alignleft\"><img decoding=\"async\" aria-describedby=\"caption-attachment-11793\" class=\"wp-image-11793\" src=\"https:\/\/www.amag-group.ch\/blog\/wp-content\/uploads\/2018\/12\/CUPRA-Ateca_7-620x414.jpg\" alt=\"Il logo color rame si ritrova anche nei cerchi della CUPRA Ateca.\" width=\"400\" height=\"267\" srcset=\"https:\/\/www.amag-group.ch\/blog\/wp-content\/uploads\/2018\/12\/CUPRA-Ateca_7-620x414.jpg 620w, https:\/\/www.amag-group.ch\/blog\/wp-content\/uploads\/2018\/12\/CUPRA-Ateca_7-768x512.jpg 768w, https:\/\/www.amag-group.ch\/blog\/wp-content\/uploads\/2018\/12\/CUPRA-Ateca_7-720x480.jpg 720w, https:\/\/www.amag-group.ch\/blog\/wp-content\/uploads\/2018\/12\/CUPRA-Ateca_7.jpg 1920w\" sizes=\"(max-width: 400px) 100vw, 400px\" \/><p id=\"caption-attachment-11793\" class=\"wp-caption-text\">Il logo color rame si ritrova anche nei cerchi della CUPRA Ateca.<\/p><\/div>\n<h3>Esterni incomparabili e sportivi<\/h3>\n<p>Nella sua grembialatura anteriore, precisamente sulla griglia superiore con struttura a nido d&#8217;api del radiatore, la CUPRA Ateca sfoggia il nuovo logo CUPRA. La scritta CUPRA, molto discreta in alluminio opaco, si trova nella parte inferiore della grembialatura anteriore, i cui contorni racchiudono i fari Full-LED. <\/p>\n<p>I dettagli nero brillante del mancorrente al tetto, degli specchietti retrovisori esterni, dei telai dei cristalli, dei listelli decorativi, delle ruote, della griglia del radiatore anteriore, dei diffusori anteriori e posteriori, nonch\u00e9 dello spoiler che demarca il vertice alto del lunotto posteriore conferiscono alla CUPRA Ateca il suo inconfondibile look. Il design prosegue nelle pinze dei freni nere, nel logo color rame, nei quattro terminali di scarico e nel paraurti posteriore dalle forme sportive.<\/p>\n<h3>Gli interni promettono comfort in un design sportivo<\/h3>\n<div id=\"attachment_11784\" style=\"width: 210px\" class=\"wp-caption alignright\"><img decoding=\"async\" aria-describedby=\"caption-attachment-11784\" class=\"wp-image-11784\" src=\"https:\/\/www.amag-group.ch\/blog\/wp-content\/uploads\/2018\/12\/CUPRA-Ateca_4-276x414.jpg\" alt=\"I sedili sportivi sono ricoperti di Alcantara grigio\/nero con una cucitura decorativa grigia.\" width=\"200\" height=\"300\" srcset=\"https:\/\/www.amag-group.ch\/blog\/wp-content\/uploads\/2018\/12\/CUPRA-Ateca_4-276x414.jpg 276w, https:\/\/www.amag-group.ch\/blog\/wp-content\/uploads\/2018\/12\/CUPRA-Ateca_4-768x1152.jpg 768w, https:\/\/www.amag-group.ch\/blog\/wp-content\/uploads\/2018\/12\/CUPRA-Ateca_4.jpg 1280w\" sizes=\"(max-width: 200px) 100vw, 200px\" \/><p id=\"caption-attachment-11784\" class=\"wp-caption-text\">I sedili sportivi sono ricoperti di Alcantara grigio\/nero con una cucitura decorativa grigia.<\/p><\/div>\n<p>La sportivit\u00e0 prosegue nell&#8217;abitacolo. Il rivestimento delle portiere \u00e8 dotato di un&#8217;imbottitura in Alcantara grigio\/nero e i sedili danno gi\u00e0 a intendere che le velocit\u00e0 elevate non intimoriscono. Particolarmente elegante risulta il logo CUPRA in rilievo, applicato su una targhetta di alluminio in corrispondenza delle soglie delle portiere.<\/p>\n<p>Non appena il conducente prende posto nel veicolo, non pu\u00f2 fare a meno di notare le cuciture color rame sul volante e sulla leva del cambio. Come si addice a una vettura sportiva, i pedali sono realizzati in alluminio e accentuano anch&#8217;essi la sportivit\u00e0 del SUV.<\/p>\n<h3>Connettivit\u00e0 e infotainment di altissima qualit\u00e0<\/h3>\n<p>Con l&#8217;ultima generazione di Full Link (Apple CarPlayTM e AndroidAutoTM) e della DriveApp SEAT, oltre che con i pi\u00f9 moderni display digitali, la CUPRA Ateca offre connettivit\u00e0 e infotainment ai massimi livelli.<\/p>\n<div id=\"attachment_11781\" style=\"width: 630px\" class=\"wp-caption aligncenter\"><img decoding=\"async\" aria-describedby=\"caption-attachment-11781\" class=\"wp-image-11781 size-medium\" src=\"https:\/\/www.amag-group.ch\/blog\/wp-content\/uploads\/2018\/12\/CUPRA-Ateca_3-620x414.jpg\" alt=\"Grazie al nuovissimo cockpit digitale il conducente mantiene la visione d'insieme.\" width=\"620\" height=\"414\" srcset=\"https:\/\/www.amag-group.ch\/blog\/wp-content\/uploads\/2018\/12\/CUPRA-Ateca_3-620x414.jpg 620w, https:\/\/www.amag-group.ch\/blog\/wp-content\/uploads\/2018\/12\/CUPRA-Ateca_3-768x512.jpg 768w, https:\/\/www.amag-group.ch\/blog\/wp-content\/uploads\/2018\/12\/CUPRA-Ateca_3-720x480.jpg 720w, https:\/\/www.amag-group.ch\/blog\/wp-content\/uploads\/2018\/12\/CUPRA-Ateca_3.jpg 1920w\" sizes=\"(max-width: 620px) 100vw, 620px\" \/><p id=\"caption-attachment-11781\" class=\"wp-caption-text\">Grazie al nuovissimo cockpit digitale il conducente mantiene la visione d&#8217;insieme.<\/p><\/div>\n<p>Il SUV sportivo si impone anche per altri aspetti. I seguenti sistemi sono infatti gi\u00e0 presenti tra l&#8217;equipaggiamento di base: il sistema KESSY di chiusura e avviamento senza chiave, una postazione di ricarica wireless per lo smartphone, un amplificatore d&#8217;antenna GSM, una videocamera con visuale perimetrale a 360 gradi, il sistema di navigazione Plus con touch screen da 8 pollici, il nuovissimo cockpit digitale con display TFT da 10,25&#8243; e il park assist incl. assistente alla manovre di parcheggio.<\/p>\n<div id=\"attachment_11787\" style=\"width: 630px\" class=\"wp-caption aligncenter\"><img decoding=\"async\" aria-describedby=\"caption-attachment-11787\" class=\"wp-image-11787 size-medium\" src=\"https:\/\/www.amag-group.ch\/blog\/wp-content\/uploads\/2018\/12\/CUPRA-Ateca_5-620x414.jpg\" alt=\"Il touch screen da 8 pollici mostra, oltre alle informazioni di navigazione, anche importanti dati relativi alle prestazioni, come ad es. la temperatura dell'olio e le forze G.\" width=\"620\" height=\"414\" srcset=\"https:\/\/www.amag-group.ch\/blog\/wp-content\/uploads\/2018\/12\/CUPRA-Ateca_5-620x414.jpg 620w, https:\/\/www.amag-group.ch\/blog\/wp-content\/uploads\/2018\/12\/CUPRA-Ateca_5-768x512.jpg 768w, https:\/\/www.amag-group.ch\/blog\/wp-content\/uploads\/2018\/12\/CUPRA-Ateca_5-720x480.jpg 720w, https:\/\/www.amag-group.ch\/blog\/wp-content\/uploads\/2018\/12\/CUPRA-Ateca_5.jpg 1920w\" sizes=\"(max-width: 620px) 100vw, 620px\" \/><p id=\"caption-attachment-11787\" class=\"wp-caption-text\">Il touch screen da 8 pollici mostra, oltre alle informazioni di navigazione, anche importanti dati relativi alle prestazioni, come ad es. la temperatura dell&#8217;olio e le forze G.<\/p><\/div>\n<p>Grazie all&#8217;integrazione della DriveApp e al SEAT Full Link, anche sulla CUPRA Ateca \u00e8 possibile utilizzare numerose funzioni degli smartphone. Infatti Full Link consente di riprodurre i contenuti del cellulare sul display del veicolo. In tal modo si riducono al minimo le distrazioni e il conducente pu\u00f2 godersi appieno il proprio viaggio.<\/p>\n<p>&nbsp;<\/p>\n<h2>Ulteriori articoli sull&#8217;argomento<\/h2>\n<p><a href=\"https:\/\/www.amag-group.ch\/blog\/it\/cupra-un-nuovo-brand-che-rimescola-le-carte-in-gioco\/\" target=\"_blank\" rel=\"noopener\">CUPRA: Un nuovo brand che rimescola le carte in gioco<\/a><\/p>\n<p><a href=\"http:\/\/www.seatpress.ch\/it\/press\/linterpretazione-piu-contemporanea-della-sportivita\" target=\"_blank\" rel=\"noopener\">L\u2019interpretazione pi\u00f9 contemporanea della sportivit\u00e0 <\/a><\/p>\n<p><a href=\"http:\/\/www.seatpress.ch\/it\/press\/cupra-un-marchio-speciale\" target=\"_blank\" rel=\"noopener\">CUPRA, un marchio speciale<\/a><\/p>\n","protected":false},"excerpt":{"rendered":"<p>La CUPRA Ateca ha inaugurato l&#8217;era del nuovo brand CUPRA. Un modello che assicura piacere di guida e rimescola decisamente le carte dell&#8217;attuale mercato dei SUV. <\/p>\n","protected":false},"author":40,"featured_media":11780,"comment_status":"open","ping_status":"open","sticky":false,"template":"","format":"standard","meta":{"_acf_changed":false,"inline_featured_image":false,"footnotes":""},"categories":[8121],"tags":[],"class_list":["post-11811","post","type-post","status-publish","format-standard","has-post-thumbnail","hentry","category-auto-e-tecnologia"],"acf":[],"_links":{"self":[{"href":"https:\/\/www.amag-group.ch\/blog\/it\/wp-json\/wp\/v2\/posts\/11811","targetHints":{"allow":["GET"]}}],"collection":[{"href":"https:\/\/www.amag-group.ch\/blog\/it\/wp-json\/wp\/v2\/posts"}],"about":[{"href":"https:\/\/www.amag-group.ch\/blog\/it\/wp-json\/wp\/v2\/types\/post"}],"author":[{"embeddable":true,"href":"https:\/\/www.amag-group.ch\/blog\/it\/wp-json\/wp\/v2\/users\/40"}],"replies":[{"embeddable":true,"href":"https:\/\/www.amag-group.ch\/blog\/it\/wp-json\/wp\/v2\/comments?post=11811"}],"version-history":[{"count":0,"href":"https:\/\/www.amag-group.ch\/blog\/it\/wp-json\/wp\/v2\/posts\/11811\/revisions"}],"wp:featuredmedia":[{"embeddable":true,"href":"https:\/\/www.amag-group.ch\/blog\/it\/wp-json\/wp\/v2\/media\/11780"}],"wp:attachment":[{"href":"https:\/\/www.amag-group.ch\/blog\/it\/wp-json\/wp\/v2\/media?parent=11811"}],"wp:term":[{"taxonomy":"category","embeddable":true,"href":"https:\/\/www.amag-group.ch\/blog\/it\/wp-json\/wp\/v2\/categories?post=11811"},{"taxonomy":"post_tag","embeddable":true,"href":"https:\/\/www.amag-group.ch\/blog\/it\/wp-json\/wp\/v2\/tags?post=11811"}],"curies":[{"name":"wp","href":"https:\/\/api.w.org\/{rel}","templated":true}]}}