{"id":11535,"date":"2018-11-15T14:04:16","date_gmt":"2018-11-15T13:04:16","guid":{"rendered":"https:\/\/www.amag-group.ch\/blog\/auto-zuerich-2018\/"},"modified":"2019-01-16T04:48:55","modified_gmt":"2019-01-16T03:48:55","slug":"auto-zuerich-2018","status":"publish","type":"post","link":"https:\/\/www.amag-group.ch\/blog\/it\/auto-zuerich-2018\/","title":{"rendered":"Questo era il Salone dell\u2019auto di Zurigo 2018 \u00abAuto Z\u00fcrich 2018\u00bb \u2013 Videoclip"},"content":{"rendered":"<p style=\"text-align: left;\"><span style=\"font-weight: 400;\">La 32a edizione del Salone dell&#8217;auto di Zurigo \u00ab<a href=\"http:\/\/www.auto-zuerich.ch\/\" target=\"_blank\" rel=\"noopener\">Auto Z\u00fcrich Car Show<\/a>\u00bb \u00e8 ormai storia. Come ogni anno, \u00e8 stato un momento clou dell&#8217;AMAG. Nel video abbiamo catturato alcune impressioni e voci per Voi. (Video in tedesco)<br \/>\n<\/span><\/p>\n<p><iframe src=\"https:\/\/media10.simplex.tv\/content\/800\/919\/109873\/?embed=1\" width=\"560\" height=\"315\" frameborder=\"0\" scrolling=\"no\" allowfullscreen=\"allowfullscreen\"><\/iframe><\/p>\n<p><sup>01:02: Lorena Majoleth, Gestione vendite specializzata e marketing presso AMAG Leasing <br \/>\n<\/sup><\/p>\n<p><span style=\"font-weight: 400;\">Il programma ricco di attrazioni ha attirato quest\u2019anno al Salone dell&#8217;auto di Zurigo \u00abAuto Z\u00fcrich Car Show\u00bb 2018, una grande affluenza di visitatori: dall&#8217;8 all&#8217;11 novembre, 56.110 persone hanno gironzolato fra i sette padiglioni della fiera di Zurigo. Anche l\u2019unica anteprima europea alla fiera del <a href=\"https:\/\/www.volkswagen.ch\/de\/modelle\/t-cross.html\" target=\"_blank\" rel=\"noopener\">VW T-Cross<\/a> si \u00e8 trasformata in una vera e propria attrazione per il pubblico. L\u2019AMAG era rappresentata nel padiglione 7 con i suoi marchi, numerose novit\u00e0 ed un bar. Coloro che sono passati per un drink hanno potuto competere contro altri, nella gara virtuale attraverso la citt\u00e0 di Zurigo, con il gioco online \u00ab<a href=\"http:\/\/amag.opten.ch\/game_preview\/game_leasingplus_v2017-11-14\/index.html\" target=\"_blank\" rel=\"noopener\">Z\u00fcriCup<\/a>\u00bb e vincere fantastici premi.<br \/>\n<\/span><\/p>\n<p><span style=\"font-weight: 400;\">Un momento culminante dell&#8217; \u00abAuto Z\u00fcrich Car Show\u00bb \u00e8 stato il \u00abFire-up\u00bb del team Alfa Romeo Sauber F1 di Hinwil. Il motore ad alte prestazioni \u00e8 stato messo in moto e ha attraversato i padiglioni espositivi, tanto che i tappi per le orecchie sono stati distribuiti in anticipo agli spettatori. In contrasto a ci\u00f2, tuttavia, la fiera \u00e8 stata dominata anche dal futuro elettrico e digitale: la serie di corse elettriche di Formula E con i suoi simulatori ha attirato molti curiosi. Nel padiglione 6, i visitatori della \u00abUrban Street Mobility\u00bb hanno potuto provare veicoli elettrici come scooter, biciclette o skateboard. Alcune start-up sono state rappresentate anche con soluzioni innovative per il futuro della mobilit\u00e0, per esempio: autoSense, un assistente digitale che mette in rete in modo intelligente l&#8217;auto. Una collaborazione fra <a href=\"https:\/\/autosense.ch\/\" target=\"_blank\" rel=\"noopener\">autoSense<\/a> e AMAG Leasing \u00e8 stata di recente avviata e le prime proposte saranno presto disponibili sul mercato. Cos\u00ec non si pu\u00f2 fare altro che attendere con trepidazione!<\/span><\/p>\n<p>&nbsp;<\/p>\n","protected":false},"excerpt":{"rendered":"<p>Un GRAZIE di cuore alle migliaia di visitatori entusiasti nel nostro AMAG padiglione 7. <\/p>\n","protected":false},"author":54,"featured_media":11363,"comment_status":"open","ping_status":"open","sticky":false,"template":"","format":"standard","meta":{"_acf_changed":false,"inline_featured_image":false,"footnotes":""},"categories":[8121],"tags":[],"class_list":["post-11535","post","type-post","status-publish","format-standard","has-post-thumbnail","hentry","category-auto-e-tecnologia"],"acf":[],"_links":{"self":[{"href":"https:\/\/www.amag-group.ch\/blog\/it\/wp-json\/wp\/v2\/posts\/11535","targetHints":{"allow":["GET"]}}],"collection":[{"href":"https:\/\/www.amag-group.ch\/blog\/it\/wp-json\/wp\/v2\/posts"}],"about":[{"href":"https:\/\/www.amag-group.ch\/blog\/it\/wp-json\/wp\/v2\/types\/post"}],"author":[{"embeddable":true,"href":"https:\/\/www.amag-group.ch\/blog\/it\/wp-json\/wp\/v2\/users\/54"}],"replies":[{"embeddable":true,"href":"https:\/\/www.amag-group.ch\/blog\/it\/wp-json\/wp\/v2\/comments?post=11535"}],"version-history":[{"count":0,"href":"https:\/\/www.amag-group.ch\/blog\/it\/wp-json\/wp\/v2\/posts\/11535\/revisions"}],"wp:featuredmedia":[{"embeddable":true,"href":"https:\/\/www.amag-group.ch\/blog\/it\/wp-json\/wp\/v2\/media\/11363"}],"wp:attachment":[{"href":"https:\/\/www.amag-group.ch\/blog\/it\/wp-json\/wp\/v2\/media?parent=11535"}],"wp:term":[{"taxonomy":"category","embeddable":true,"href":"https:\/\/www.amag-group.ch\/blog\/it\/wp-json\/wp\/v2\/categories?post=11535"},{"taxonomy":"post_tag","embeddable":true,"href":"https:\/\/www.amag-group.ch\/blog\/it\/wp-json\/wp\/v2\/tags?post=11535"}],"curies":[{"name":"wp","href":"https:\/\/api.w.org\/{rel}","templated":true}]}}