{"id":11517,"date":"2018-11-19T09:24:43","date_gmt":"2018-11-19T08:24:43","guid":{"rendered":"https:\/\/www.amag-group.ch\/blog\/?p=11517"},"modified":"2022-01-31T08:56:48","modified_gmt":"2022-01-31T07:56:48","slug":"la-partnership-tra-amag-e-swiss-ski-compie-50-anni","status":"publish","type":"post","link":"https:\/\/www.amag-group.ch\/blog\/it\/la-partnership-tra-amag-e-swiss-ski-compie-50-anni\/","title":{"rendered":"La partnership tra AMAG e Swiss-Ski compie 50 anni"},"content":{"rendered":"<p>Da Maite Nadig, Vreni Schneider fino a Lara Gut \u2013 da 50 anni AMAG sostiene lo sci svizzero. Da mezzo secolo gli atleti e i funzionari ricevono veicoli di sponsorizzazione. Questo pu\u00f2 senz&#8217;altro essere uno stimolo per talenti emergenti \u2013 Vreni Schneider ad esempio racconta che quando andava a ritirare una nuova Audi era come una festa, praticamente come Pasqua e Natale nello stesso momento. Per ringraziare regalava poi al team AMAG una Glarner Pastete, una specialit\u00e0 dolciaria glaronese. Anche Simon Ammann, pi\u00f9 volte campione olimpico di salto con gli sci, apprezza l&#8217;affidabilit\u00e0: (video) \u00abQuesta collaborazione esiste sin da quando sono in pista. Da ragazzo mi spostavo con un&#8217;Audi, ora posso guidare io stesso queste vetture meravigliose.\u00bb<\/p>\n<h3>La stagione sciistica in cui tutto ebbe inizio<\/h3>\n<p>Tutto inizi\u00f2 nella stagione 1967\/68: il direttore di Swiss-Ski di allora, Adolf Ogi, voleva che gli atleti potessero raggiungere i luoghi delle gare senza preoccuparsi di nulla. Venne perci\u00f2 avviata una partnership con AMAG. Da quel momento, i primi bus Volkswagen con la scritta della nazionale svizzera di sci valicarono i passi alpini e, dal 1980 circa, anche e soprattutto veicoli del marchio Audi.<\/p>\n<h3>Alti e bassi nello sci<\/h3>\n<p>Negli anni 50, 8500 veicoli percorsero circa 200 milioni di chilometri. Con questo supporto gli atleti svizzeri riuscirono a portare a casa 287 medaglie. Sono cifre impressionanti, che danno solo un quadro approssimativo dell&#8217;entit\u00e0 di questa sponsorizzazione. Da cui, tra l&#8217;altro, sono nate anche relazioni personali. Ed \u00e8 anche per questo motivo che nei momenti brutti si soffriva insieme agli atleti. Come ad esempio nel 2001, quando Silvano Beltrametti fu protagonista di una brutta caduta sulle piste di Val d&#8217;Is\u00e8re. Tornato dalla riabilitazione, ricevette un&#8217;Audi allestita appositamente per lui, semplice da manovrare.<\/p>\n<h3>La collaborazione prosegue<\/h3>\n<p>Dal 2002 Audi non sostiene solo gli atleti, bens\u00ec interi eventi. Quell&#8217;anno \u00e8 stato ad esempio introdotta l&#8217;Audi FIS Ski World Cup e, dal 2011, Audi \u00e8 sponsor principale dell&#8217;Audi FIS Ski Cross World Cup. E per attirare l&#8217;attenzione di un pubblico pi\u00f9 giovane, dalla stagione 2013\/14 c&#8217;\u00e8 il Freeride World Tour. Tramite la federazione Swiss-Ski si promuovono anche i giovani talenti. Grazie al rinnovo del contratto di sponsorizzazione, le giovani promesse dello sci potranno apprezzare ancora a lungo i comfort di Audi, come il volante riscaldato \u2013 particolarmente gradito da Lara Gut \u2013 o il bagagliaio spazioso \u2013 irrinunciabile per Michelle Gisin.<\/p>\n","protected":false},"excerpt":{"rendered":"<p>Quest&#8217;anno AMAG, Audi e Swiss-Ski festeggiano 50 anni di collaborazione. Un lungo periodo in cui ci sono state salite e discese, nel vero senso della parola. Sono molti coloro che apprezzano l&#8217;affidabilit\u00e0 scaturita da questa partnership di sponsorizzazione, la pi\u00f9 longeva della Svizzera. Non da ultimo gli atleti.<\/p>\n","protected":false},"author":43,"featured_media":11513,"comment_status":"open","ping_status":"open","sticky":false,"template":"","format":"standard","meta":{"_acf_changed":false,"inline_featured_image":false,"footnotes":""},"categories":[2211],"tags":[],"class_list":["post-11517","post","type-post","status-publish","format-standard","has-post-thumbnail","hentry","category-sostenibilita"],"acf":[],"_links":{"self":[{"href":"https:\/\/www.amag-group.ch\/blog\/it\/wp-json\/wp\/v2\/posts\/11517","targetHints":{"allow":["GET"]}}],"collection":[{"href":"https:\/\/www.amag-group.ch\/blog\/it\/wp-json\/wp\/v2\/posts"}],"about":[{"href":"https:\/\/www.amag-group.ch\/blog\/it\/wp-json\/wp\/v2\/types\/post"}],"author":[{"embeddable":true,"href":"https:\/\/www.amag-group.ch\/blog\/it\/wp-json\/wp\/v2\/users\/43"}],"replies":[{"embeddable":true,"href":"https:\/\/www.amag-group.ch\/blog\/it\/wp-json\/wp\/v2\/comments?post=11517"}],"version-history":[{"count":1,"href":"https:\/\/www.amag-group.ch\/blog\/it\/wp-json\/wp\/v2\/posts\/11517\/revisions"}],"predecessor-version":[{"id":25735,"href":"https:\/\/www.amag-group.ch\/blog\/it\/wp-json\/wp\/v2\/posts\/11517\/revisions\/25735"}],"wp:featuredmedia":[{"embeddable":true,"href":"https:\/\/www.amag-group.ch\/blog\/it\/wp-json\/wp\/v2\/media\/11513"}],"wp:attachment":[{"href":"https:\/\/www.amag-group.ch\/blog\/it\/wp-json\/wp\/v2\/media?parent=11517"}],"wp:term":[{"taxonomy":"category","embeddable":true,"href":"https:\/\/www.amag-group.ch\/blog\/it\/wp-json\/wp\/v2\/categories?post=11517"},{"taxonomy":"post_tag","embeddable":true,"href":"https:\/\/www.amag-group.ch\/blog\/it\/wp-json\/wp\/v2\/tags?post=11517"}],"curies":[{"name":"wp","href":"https:\/\/api.w.org\/{rel}","templated":true}]}}