{"id":11462,"date":"2018-11-30T09:49:38","date_gmt":"2018-11-30T08:49:38","guid":{"rendered":"https:\/\/www.amag-group.ch\/blog\/?p=11462"},"modified":"2018-11-30T09:49:38","modified_gmt":"2018-11-30T08:49:38","slug":"cupra-un-nuovo-brand-che-rimescola-le-carte-in-gioco","status":"publish","type":"post","link":"https:\/\/www.amag-group.ch\/blog\/it\/cupra-un-nuovo-brand-che-rimescola-le-carte-in-gioco\/","title":{"rendered":"CUPRA: Un nuovo brand che rimescola le carte in gioco"},"content":{"rendered":"<p>A inizio 2018, SEAT ha annunciato il lancio del nuovo marchio sportivo CUPRA. Un marchio sinonimo di esclusivit\u00e0, eleganza e performance. Che strizza l&#8217;occhio non solo agli appassionati di auto sportive, ma anche ai clienti che in un&#8217;auto cercano il connubio perfetto fra potenza, guidabilit\u00e0 e idoneit\u00e0 all&#8217;uso quotidiano.<\/p>\n<div id=\"attachment_11457\" style=\"width: 286px\" class=\"wp-caption alignleft\"><img decoding=\"async\" aria-describedby=\"caption-attachment-11457\" class=\"size-medium wp-image-11457\" src=\"https:\/\/www.amag-group.ch\/blog\/wp-content\/uploads\/2018\/11\/Sandra-Grau-276x414.jpg\" alt=\"Sandra Grau, Brand Director SEAT Svizzera, \u00e8 convintissima della CUPRA Ateca e non vede l'ora che venga introdotta sul mercato svizzero.\" width=\"276\" height=\"414\" srcset=\"https:\/\/www.amag-group.ch\/blog\/wp-content\/uploads\/2018\/11\/Sandra-Grau-276x414.jpg 276w, https:\/\/www.amag-group.ch\/blog\/wp-content\/uploads\/2018\/11\/Sandra-Grau-768x1154.jpg 768w\" sizes=\"(max-width: 276px) 100vw, 276px\" \/><p id=\"caption-attachment-11457\" class=\"wp-caption-text\">Sandra Grau, Brand Director SEAT Svizzera, \u00e8 convintissima della CUPRA Ateca e non vede l&#8217;ora che venga introdotta sul mercato svizzero.<\/p><\/div>\n<p>\u00abSEAT \u00e8 una delle marche automobilistiche che cresce maggiormente in Europa. Di conseguenza, questo \u00e8 il momento migliore per introdurre il brand CUPRA sul mercato. Nel 2017, SEAT ha venduto oltre 10&#8217;100 modelli CUPRA, di cui oltre 760 unit\u00e0 nella sola Svizzera\u00bb, sottolinea Sandra Grau, Brand Director SEAT Svizzera.<br \/>\nIl marchio CUPRA continuer\u00e0 comunque a far parte di SEAT. Proprio come per le altre societ\u00e0 affiliate al 100%, ad esempio il SEAT Metropolis:Lab Barcelona o Xmoba.<\/p>\n<h3><strong>I valori CUPRA: passione, precisione, risolutezza e coraggio<\/strong><\/h3>\n<p>Contestualmente al lancio del nuovo marchio CUPRA \u00e8 stato disegnato anche un nuovo logo. Si tratta di due C incrociate: C come CUPRA. \u00abIl logo ricorda un simbolo tribale indiano e rispecchia i valori che desidera trasmettere CUPRA, ovvero passione, precisione, risolutezza e coraggio\u00bb, spiega Sandra Grau.<\/p>\n<p>Chi conosce bene il settore automobilistico conoscer\u00e0 sicuramente anche il significato di CUPRA. CUPRA sta per \u00abCup Racer\u00bb e gi\u00e0 con il primo modello CUPRA lanciato sul mercato \u2013 la SEAT Ibiza CUPRA \u2013 \u00e8 immediatamente diventato sinonimo di performance e sportivit\u00e0. Oltre che con i modelli CUPRA prodotti in serie,\u00a0 SEAT sottolinea la sua vocazione sportiva sostenendo massicciamente le scuderie private che partecipano alle competizioni motoristiche. Recentemente, ad esempio, la CUPRA TCR ha vinto la 24 Ore di Barcellona nella sua categoria. Inoltre, il nuovo marchio ha lanciato con la CUPRA e-Racer la prima auto da turismo completamente elettrica destinata all&#8217;uso in gare sportive.<\/p>\n<div id=\"attachment_11449\" style=\"width: 1930px\" class=\"wp-caption aligncenter\"><img decoding=\"async\" aria-describedby=\"caption-attachment-11449\" class=\"wp-image-11449 size-full\" src=\"https:\/\/www.amag-group.ch\/blog\/wp-content\/uploads\/2018\/11\/CUPRA-Logo.jpg\" alt=\"Un nuovo logo \u00e8 molto di pi\u00f9 di un \u00abmero\u00bb intervento di design. Le due \u00abC\u00bb incrociate dovranno trasmettere i valori CUPRA: passione, precisione, risolutezza e coraggio. \" width=\"1920\" height=\"1280\" srcset=\"https:\/\/www.amag-group.ch\/blog\/wp-content\/uploads\/2018\/11\/CUPRA-Logo.jpg 1920w, https:\/\/www.amag-group.ch\/blog\/wp-content\/uploads\/2018\/11\/CUPRA-Logo-620x414.jpg 620w, https:\/\/www.amag-group.ch\/blog\/wp-content\/uploads\/2018\/11\/CUPRA-Logo-768x512.jpg 768w, https:\/\/www.amag-group.ch\/blog\/wp-content\/uploads\/2018\/11\/CUPRA-Logo-720x480.jpg 720w\" sizes=\"(max-width: 1920px) 100vw, 1920px\" \/><p id=\"caption-attachment-11449\" class=\"wp-caption-text\">Un nuovo logo \u00e8 molto di pi\u00f9 di un \u00abmero\u00bb intervento di design. Le due \u00abC\u00bb incrociate dovranno trasmettere i valori CUPRA: passione, precisione, risolutezza e coraggio.<\/p><\/div>\n<h3><strong>CUPRA Ateca: unica nel suo segmento<\/strong><\/h3>\n<p>I primi esemplari dell&#8217;attesissima CUPRA Ateca arriveranno nelle concessionarie svizzere a met\u00e0 novembre. Il brand CUPRA sar\u00e0 inoltre disponibile presso tutte le concessionarie SEAT. Presso alcuni concessionari specializzati in CUPRA, i clienti potranno anche immergersi nel mondo del marchio CUPRA: gli specialisti CUPRA presentano il nuovo brand in un angolo della concessionaria appositamente dedicato, il cosiddetto CUPRA Corner. <br \/>\nI clienti possono sin d&#8217;ora preconfigurare la CUPRA Ateca sul sito <a href=\"https:\/\/www.cupraofficial.ch\/it\/home.html\" target=\"_blank\" rel=\"noopener\">www.cupraofficial.ch<\/a>.<\/p>\n<div id=\"attachment_11443\" style=\"width: 1510px\" class=\"wp-caption aligncenter\"><img decoding=\"async\" aria-describedby=\"caption-attachment-11443\" class=\"wp-image-11443 size-full\" src=\"https:\/\/www.amag-group.ch\/blog\/wp-content\/uploads\/2018\/11\/CUPRA-Ateca.jpg\" alt=\"La CUPRA Ateca si presenta ai blocchi di partenza con la trazione 4x4 e un motore molto performante.\" width=\"1500\" height=\"667\" srcset=\"https:\/\/www.amag-group.ch\/blog\/wp-content\/uploads\/2018\/11\/CUPRA-Ateca.jpg 1500w, https:\/\/www.amag-group.ch\/blog\/wp-content\/uploads\/2018\/11\/CUPRA-Ateca-620x276.jpg 620w, https:\/\/www.amag-group.ch\/blog\/wp-content\/uploads\/2018\/11\/CUPRA-Ateca-768x342.jpg 768w\" sizes=\"(max-width: 1500px) 100vw, 1500px\" \/><p id=\"caption-attachment-11443\" class=\"wp-caption-text\">La CUPRA Ateca si presenta ai blocchi di partenza con la trazione 4&#215;4 e un motore molto performante.<\/p><\/div>\n<p>Sandra Grau, a proposito della primogenita del marchio CUPRA: \u00abIl cuore nonch\u00e9 l&#8217;anima della CUPRA Ateca \u00e8 quello che viene considerato uno dei motori tecnicamente pi\u00f9 moderni sul mercato: il benzina TSI di 2 litri di cilindrata, quattro cilindri, con sovralimentazione turbo e iniezione diretta, il quale eroga 300 CV e una coppia massima di 400 Nm. Il propulsore \u00e8 abbinato alla trazione integrale 4Drive e al cambio DSG a 7 rapporti, il quale garantisce cambi marcia delicati ed estremamente precisi. La vettura accelera da 0 a 100 km\/h in soli 5,2 secondi e raggiunge una velocit\u00e0 massima di 247 km\/h. La CUPRA Ateca, in quanto SUV sportivo dalle forme compatte, \u00e8 unica nel suo genere e non pu\u00f2 quindi essere paragonata a nessun altro modello del segmento. Con un prezzo base di 48&#8217;500 franchi, vanta anche un eccellente rapporto prezzo\/prestazioni.\u00bb<\/p>\n<p>&nbsp;<\/p>\n<h2>Altri articoli:<\/h2>\n<p><a href=\"http:\/\/www.seatpress.ch\/it\/press\/cupra-un-marchio-speciale\" target=\"_blank\" rel=\"noopener\">CUPRA \u2013 un marchio speciale<\/a><\/p>\n<p><a href=\"http:\/\/www.seatpress.ch\/it\/press\/cupra-ateca-gia-ordinabile\" target=\"_blank\" rel=\"noopener\"><span class=\"field field--name-title field--type-string field--label-hidden\">CUPRA Ateca gi\u00e0 ordinabile<\/span><\/a><\/p>\n","protected":false},"excerpt":{"rendered":"<p>La presentazione del nuovo marchio di auto sportive CUPRA ha destato scalpore a inizio anno. Sandra Grau, Brand Director SEAT Svizzera, in questo articolo del blog ci svela alcuni interessantissimi dettagli su questa new-entry nel panorama automobilistico.<\/p>\n","protected":false},"author":40,"featured_media":11448,"comment_status":"open","ping_status":"open","sticky":false,"template":"","format":"standard","meta":{"_acf_changed":false,"inline_featured_image":false,"footnotes":""},"categories":[9589],"tags":[],"class_list":["post-11462","post","type-post","status-publish","format-standard","has-post-thumbnail","hentry","category-storia-e-tradizione"],"acf":[],"_links":{"self":[{"href":"https:\/\/www.amag-group.ch\/blog\/it\/wp-json\/wp\/v2\/posts\/11462","targetHints":{"allow":["GET"]}}],"collection":[{"href":"https:\/\/www.amag-group.ch\/blog\/it\/wp-json\/wp\/v2\/posts"}],"about":[{"href":"https:\/\/www.amag-group.ch\/blog\/it\/wp-json\/wp\/v2\/types\/post"}],"author":[{"embeddable":true,"href":"https:\/\/www.amag-group.ch\/blog\/it\/wp-json\/wp\/v2\/users\/40"}],"replies":[{"embeddable":true,"href":"https:\/\/www.amag-group.ch\/blog\/it\/wp-json\/wp\/v2\/comments?post=11462"}],"version-history":[{"count":0,"href":"https:\/\/www.amag-group.ch\/blog\/it\/wp-json\/wp\/v2\/posts\/11462\/revisions"}],"wp:featuredmedia":[{"embeddable":true,"href":"https:\/\/www.amag-group.ch\/blog\/it\/wp-json\/wp\/v2\/media\/11448"}],"wp:attachment":[{"href":"https:\/\/www.amag-group.ch\/blog\/it\/wp-json\/wp\/v2\/media?parent=11462"}],"wp:term":[{"taxonomy":"category","embeddable":true,"href":"https:\/\/www.amag-group.ch\/blog\/it\/wp-json\/wp\/v2\/categories?post=11462"},{"taxonomy":"post_tag","embeddable":true,"href":"https:\/\/www.amag-group.ch\/blog\/it\/wp-json\/wp\/v2\/tags?post=11462"}],"curies":[{"name":"wp","href":"https:\/\/api.w.org\/{rel}","templated":true}]}}