{"id":11,"date":"2014-08-25T16:50:23","date_gmt":"2014-08-25T14:50:23","guid":{"rendered":"http:\/\/www.amag-group.ch\/blog\/it\/?p=11"},"modified":"2019-07-09T16:32:09","modified_gmt":"2019-07-09T14:32:09","slug":"catch-a-car","status":"publish","type":"post","link":"https:\/\/www.amag-group.ch\/blog\/it\/catch-a-car\/","title":{"rendered":"Car sharing sempre pi\u00f9 semplice: Catch a Car avvia progetto pilota a Basilea"},"content":{"rendered":"<blockquote>\n<p>Nei prossimi due anni vogliamo migliorare Catch a Car in modo da renderlo adatto a soddisfare le esigenze di altre citt\u00e0.<\/p>\n<\/blockquote>\n<div id=\"attachment_12\" style=\"width: 4938px\" class=\"wp-caption alignnone\"><img decoding=\"async\" aria-describedby=\"caption-attachment-12\" class=\"wp-multi-image wp-multi-image-12 size-full\" src=\"https:\/\/www.amag-group.ch\/blog\/wp-content\/uploads\/sites\/3\/2014\/08\/catch-a-car.jpg\" alt=\"catch a car\" width=\"4928\" height=\"3280\" \/><p id=\"caption-attachment-12\" class=\"wp-caption-text\">Patrick Eigenmann, responsabile Comunicazione e media della cooperativa Mobility<\/p><\/div>\n<p><a href=\"http:\/\/www.amag.ch\/content\/amagch\/corp\/it\/newsletter\/anmeldeformular_Blog.html\" target=\"_blank\" rel=\"noopener\"><span style=\"text-decoration: underline;\">Attualit\u00e0 e retroscena dal mondo dell&#8217;automobile. Abbonatevi ora.<\/span><\/a><\/p>\n<p><strong>Patrick Eigenmann, quali esigenze di mobilit\u00e0 dovr\u00e0 soddisfare Catch a Car?<\/strong><\/p>\n<p>Patrick Eigenmann: Con Catch a Car andiamo innanzitutto incontro alla richiesta di mobilit\u00e0 individuale e a breve termine nelle citt\u00e0 svizzere. Il nostro obiettivo \u00e8 sviluppare l&#8217;offerta come nuova parte integrante della mobilit\u00e0 combinata.<\/p>\n<p><strong>A chi vi rivolgete con questa offerta?<\/strong><\/p>\n<p>P.E.: Catch a Car \u00e8 aperto a tutti. Pensiamo tuttavia che saranno soprattutto persone giovani, indipendenti e moderne ad apprezzare l&#8217;idea di Catch a Car. Sono spontaneamente inclini agli spostamenti, hanno dimestichezza con la tecnologia e danno pi\u00f9 importanza all&#8217;accesso ai servizi di mobilit\u00e0 che al possesso di un&#8217;auto.<\/p>\n<p><strong>In cosa si differenzia esattamente dall&#8217;offerta Mobility? Non sono due servizi in concorrenza tra loro?<\/strong><\/p>\n<p>P.E.: No, Catch a Car e Mobility Carsharing sono due entit\u00e0 distinte, che si completano l&#8217;un l&#8217;altra e offrono ai nostri clienti un&#8217;ampia gamma di servizi di car sharing. Il classico principio di car sharing, che Mobility offre da tempo, si basa sul fatto che l&#8217;utente ha precedentemente prenotato il veicolo e dopo il viaggio lo restituisce nello stesso punto in cui l&#8217;aveva prelevato. Con Catch a Car invece i membri localizzano le auto tramite smartphone e si spostano semplicemente da A a B. Si paga a minuto di viaggio, mentre Mobility funziona su base oraria.<\/p>\n<p><img decoding=\"async\" class=\"alignnone size-full wp-multi-image wp-multi-image-14\" src=\"https:\/\/www.amag-group.ch\/blog\/wp-content\/uploads\/sites\/3\/2014\/08\/catch-a-car_amag.jpg\" alt=\"catch a car amag\" width=\"1200\" height=\"602\" \/><\/p>\n<p><strong>Quando conviene spostarsi con Mobility piuttosto che con Catch a Car?<\/strong><\/p>\n<p>Catch a Car \u00e8 pensato soprattutto per tragitti brevi, fino a un&#8217;ora, Mobility per viaggi pi\u00f9 lunghi.<\/p>\n<p><strong>Dove si pu\u00f2 andare con le auto Catch-Car? E dove si pu\u00f2 parcheggiare?<\/strong><\/p>\n<p>P.E.: Si pu\u00f2 viaggiare senza limiti di tempo e spazio, addirittura nei Paesi limitrofi \u2013 a condizione che al termine del viaggio si riporti l&#8217;auto nella zona coperta da Catch a Car. Qui si pu\u00f2 posteggiare l&#8217;auto su un&#8217;area per la quale \u00e8 richiesto un permesso di parcheggio per residenti. La zona Catch-Car comprende l&#8217;intera area di Basilea Citt\u00e0, a eccezione di Riehen e Bettingen.<\/p>\n<p><iframe src=\"\/\/www.youtube.com\/embed\/_Kbn6vAhXiM?rel=0\" width=\"560\" height=\"315\" frameborder=\"0\" allowfullscreen=\"allowfullscreen\"><\/iframe><\/p>\n<p><strong>Anche l&#8217;aeroporto si trova nella zona esclusa. Non sarebbe pi\u00f9 ragionevole integrare queste aree?\u00a0<\/strong><\/p>\n<p>P.E.: Il progetto pilota ci aiuta a sperimentare l&#8217;idea e capire in che modo i clienti sfruttano l&#8217;offerta. Monitoreremo costantemente la domanda e se necessario apporteremo modifiche anche nell&#8217;estensione della zona Catch-Car.<\/p>\n<p><strong>In che modo i membri possono informarsi sulle aree in cui restituire i veicoli?<\/strong><\/p>\n<p>P.E.: Tramite piattaforme come il sito web www.catch-a-car.ch, il portale dei membri e l&#8217;app Catch a Car. Inoltre vengono trasmesse ai membri istruzioni audio all&#8217;interno del veicolo. Ad esempio se vogliono parcheggiare al di fuori della zona Catch a Car.<\/p>\n<p><strong>A quali citt\u00e0 sar\u00e0 estesa l&#8217;offerta al termine del progetto pilota di Basilea?<\/strong><\/p>\n<p>Al momento non siamo ancora in grado di dirlo. Prima di dare il via alla fase pilota abbiamo instaurato il dialogo con pi\u00f9 citt\u00e0 e le reazioni sono state molto positive. Basilea si addice perfettamente per testare l&#8217;iniziativa perch\u00e9 dispone di un&#8217;ampia superficie e di un numero sufficiente di abitanti e soluzioni di parcheggio. Nei prossimi due anni vogliamo migliorare Catch a Car in modo da renderlo adatto a soddisfare le esigenze di altre citt\u00e0. Siamo fiduciosi.<\/p>\n<p><strong>Grazie della sua disponibilit\u00e0 e in bocca al lupo!<\/strong><\/p>\n<p>P.E.: Grazie a lei! Per maggiori informazioni e iscrizioni: <span style=\"text-decoration: underline;\"><a href=\"http:\/\/catch-a-car.ch\" target=\"_blank\" rel=\"noopener\">www.catch-a-car.ch<\/a><\/span><\/p>\n<h2>Update 2 marzo<\/h2>\n<p>Durante la fase pilota Catch a Car estende la zona di copertura alla regione di Allschwil. In questo modo la societ\u00e0 reagisce rapidamente alle esigenze della clientela.<\/p>\n<h2>Buono a sapersi<\/h2>\n<ul>\n<li><strong>Come sono assicurate le auto Catch-Car?\u00a0<\/strong>Assicurazione di responsabilit\u00e0 civile, casco totale e infortunio passeggeri, tutto incluso<\/li>\n<li><strong>A quanto ammontano gli oneri in caso di parcheggio sbagliato? <\/strong>All&#8217;interno della zona Catch-Car: CHF 50 pi\u00f9 eventuale multa.\u00a0Al di fuori della zona Catch-Car: conteggio a consumo (min. CHF 50) pi\u00f9 eventuale multa.<\/li>\n<li><strong>A quanto ammontano i costi del servizio Catch a Car?\u00a0<\/strong>Quota di registrazione una tantum CHF 25 (per clienti Mobility CHF 15).\u00a0Tariffa di viaggio CHF 0.37 al minuto &#8211; Tappe intermedie CHF 0.27 al minuto.<\/li>\n<li><strong>Cosa coprono questi costi?\u00a0<\/strong>Assistenza e manutenzione, Utilizzo, Benzina, Assicurazione, Pulizia, Vignetta autostradale, Pneumatici, Tariffe di parcheggio<\/li>\n<li><strong>Si applicano tariffe diverse per il giorno e la notte?\u00a0<\/strong>No<\/li>\n<li><strong>Come comportarsi in caso di incidente?\u00a0<\/strong>Contattare subito la polizia.\u00a0Informare il centro assistenza 24h<\/li>\n<\/ul>\n<h2>AMAG arricchisce il proprio<\/h2>\n<p>AMAG sostiene il progetto pilota Catch a Car di Basilea mettendo a disposizione 100 veicoli VW up! e servizi di assistenza. In quanto leader nell&#8217;offerta di soluzioni di mobilit\u00e0, vogliamo tenerci aggiornati sulle mutevoli esigenze, abitudini e aspirazioni degli abitanti delle aree urbane. Catch a Car offre ad AMAG l&#8217;opportunit\u00e0 di apportare il proprio know-how e di acquisirne di nuovo.<\/p>\n<p>&nbsp;<\/p>\n<h5>L\u2019attivit\u00e0 di Catch a Car \u00e8 stata completamente integrata nell\u2019offerta di Mobility all\u2019inizio del 2019. In questo contesto, Mobility ha riacquistato tutte le azioni dei partner di progetto AMAG e Allianz Suisse. AMAG continuer\u00e0 a mantenere Mobility come fornitore di veicoli.<\/h5>\n<p>&nbsp;<\/p>\n<p><a title=\"car policy\" href=\"http:\/\/www.amag.ch\/amagch\/corp\/it\/newsletter\/anmeldeformular_Blog.html\" target=\"_blank\" rel=\"noopener\">Attualit\u00e0 e retroscena dall\u2019universo dell\u2019auto.\u00a0<span style=\"text-decoration: underline;\"><strong>Abbonatevi subito.<\/strong><\/span><\/a><\/p>\n","protected":false},"excerpt":{"rendered":"<p>Con la nuova offerta della cooperativa Mobility, il car sharing diventa ancora pi\u00f9 semplice: Catch a Car consente agli utenti di localizzare le auto in tempo reale e riconsegnarle a seconda delle esigenze su parcheggi pubblici di aree urbane. Abbiamo parlato con Patrick Eigenmann, responsabile Comunicazione e media della cooperativa Mobility, di questa innovativa offerta.<\/p>\n","protected":false},"author":27,"featured_media":6345,"comment_status":"open","ping_status":"open","sticky":false,"template":"","format":"standard","meta":{"_acf_changed":false,"inline_featured_image":false,"footnotes":""},"categories":[9963],"tags":[],"class_list":["post-11","post","type-post","status-publish","format-standard","has-post-thumbnail","hentry","category-soluzioni-del-futuro"],"acf":[],"_links":{"self":[{"href":"https:\/\/www.amag-group.ch\/blog\/it\/wp-json\/wp\/v2\/posts\/11","targetHints":{"allow":["GET"]}}],"collection":[{"href":"https:\/\/www.amag-group.ch\/blog\/it\/wp-json\/wp\/v2\/posts"}],"about":[{"href":"https:\/\/www.amag-group.ch\/blog\/it\/wp-json\/wp\/v2\/types\/post"}],"author":[{"embeddable":true,"href":"https:\/\/www.amag-group.ch\/blog\/it\/wp-json\/wp\/v2\/users\/27"}],"replies":[{"embeddable":true,"href":"https:\/\/www.amag-group.ch\/blog\/it\/wp-json\/wp\/v2\/comments?post=11"}],"version-history":[{"count":0,"href":"https:\/\/www.amag-group.ch\/blog\/it\/wp-json\/wp\/v2\/posts\/11\/revisions"}],"wp:featuredmedia":[{"embeddable":true,"href":"https:\/\/www.amag-group.ch\/blog\/it\/wp-json\/wp\/v2\/media\/6345"}],"wp:attachment":[{"href":"https:\/\/www.amag-group.ch\/blog\/it\/wp-json\/wp\/v2\/media?parent=11"}],"wp:term":[{"taxonomy":"category","embeddable":true,"href":"https:\/\/www.amag-group.ch\/blog\/it\/wp-json\/wp\/v2\/categories?post=11"},{"taxonomy":"post_tag","embeddable":true,"href":"https:\/\/www.amag-group.ch\/blog\/it\/wp-json\/wp\/v2\/tags?post=11"}],"curies":[{"name":"wp","href":"https:\/\/api.w.org\/{rel}","templated":true}]}}