{"id":10942,"date":"2018-10-08T12:09:40","date_gmt":"2018-10-08T10:09:40","guid":{"rendered":"https:\/\/www.amag-group.ch\/blog\/?p=10942"},"modified":"2018-10-08T12:11:14","modified_gmt":"2018-10-08T10:11:14","slug":"porsche-911-da-niente-male-a-perfetta","status":"publish","type":"post","link":"https:\/\/www.amag-group.ch\/blog\/it\/porsche-911-da-niente-male-a-perfetta\/","title":{"rendered":"Porsche 911: da \u00abniente male\u00bb a perfetta"},"content":{"rendered":"<p>A dire il vero la \u00abvecchia nove-undici\u00bb non sembrava tanto malconcia. Ha trascorso i suoi primi 28 anni in Italia e nel 2010 \u00e8 stata importata in Svizzera, era \u00absenza ruggine\u00bb: un paio di piccole riparazioni sarebbero state sufficienti per ridare lustro alla vettura. Quando il Centro Porsche Zurigo di Schlieren ha preso in permuta la Porsche 911 T, ha scoperto che l&#8217;acquisto italiano non era per nulla una garanzia di automobile \u00absenza ruggine\u00bb. C&#8217;era molto di pi\u00f9 da fare che rimettere in sesto l&#8217;auto e riportarla allo stato originario del 1972.<\/p>\n<p>\u00c8 cos\u00ec che la 911 T \u00e8 stata scelta per il Classic Restauration Challenge. La 911 T ha richiesto moltissima attenzione, in tutti gli ambiti: dalla carrozzeria alla meccanica, ivi inclusi gli interni. Un team composto da otto esperti, con il responsabile di progetto e responsabile del service Sascha Leardi, si \u00e8 occupato di rimettere in forma la paziente italiana.<\/p>\n<div id=\"attachment_10921\" style=\"width: 321px\" class=\"wp-caption aligncenter\"><img decoding=\"async\" aria-describedby=\"caption-attachment-10921\" class=\"wp-image-10921 size-medium\" src=\"https:\/\/www.amag-group.ch\/blog\/wp-content\/uploads\/2018\/10\/Porsche_Zentrum_Zu\u0308rich_gewinnt_Classic_Restauration_Challenge_DE_911_Team-311x414.jpg\" alt=\"Si \u00e8 aggiudicato il concorso con il restauro parziale di una Porsche 911 T: il Centro Porsche Zurigo. \" width=\"311\" height=\"414\" srcset=\"https:\/\/www.amag-group.ch\/blog\/wp-content\/uploads\/2018\/10\/Porsche_Zentrum_Zu\u0308rich_gewinnt_Classic_Restauration_Challenge_DE_911_Team-311x414.jpg 311w, https:\/\/www.amag-group.ch\/blog\/wp-content\/uploads\/2018\/10\/Porsche_Zentrum_Zu\u0308rich_gewinnt_Classic_Restauration_Challenge_DE_911_Team-768x1024.jpg 768w, https:\/\/www.amag-group.ch\/blog\/wp-content\/uploads\/2018\/10\/Porsche_Zentrum_Zu\u0308rich_gewinnt_Classic_Restauration_Challenge_DE_911_Team.jpg 1200w\" sizes=\"(max-width: 311px) 100vw, 311px\" \/><p id=\"caption-attachment-10921\" class=\"wp-caption-text\">Il team del Centro Porsche Zurigo con la Porsche 911 T e il certificato per il vincitore<\/p><\/div>\n<p>La sfida principale durante il restauro parziale \u00e8 quella di lasciare invariata la sostanza, ossia la struttura di base dell&#8217;auto. Il veicolo non pu\u00f2 essere smontato completamente in tutte le sue componenti, il regolamento prevede che determinati pezzi debbano rimanere montati. Per\u00f2 alla fine il lavoro non \u00e8 stato poco: si \u00e8 reso necessario saldare e riverniciare la carrozzeria, revisionare completamente il motore, il cambio e il telaio e anche rifare parte degli interni.<\/p>\n<div id=\"attachment_10927\" style=\"width: 491px\" class=\"wp-caption aligncenter\"><img decoding=\"async\" aria-describedby=\"caption-attachment-10927\" class=\"wp-image-10927 size-full\" src=\"https:\/\/www.amag-group.ch\/blog\/wp-content\/uploads\/2018\/10\/Porsche_Zentrum_Zu\u0308rich_gewinnt_Classic_Restauration_Challenge_DE_911_3D-Ersatzteil.png\" alt=\"Anche le stampanti 3D possono creare pezzi di ricambio per l'auto.  \" width=\"481\" height=\"360\" \/><p id=\"caption-attachment-10927\" class=\"wp-caption-text\">Presa di chiusura per lo schienale del sedile realizzata tramite stampante 3D<\/p><\/div>\n<p>La sfida pi\u00f9 grande \u00e8 stata quella di trovare la presa di chiusura per lo schienale del sedile. Un ricambio piccolo, ma praticamente introvabile sia sul mercato dei ricambi nuovi che su quello dei ricambi usati. Quindi il team ha deciso di costruire da solo il ricambio mancante. Sulla base del pezzo originale, ne \u00e8 stato creato uno nuovo tramite processo di stampa 3D. Alla fine \u00e8 stato necessario affilare e lucidare il ricambio.<\/p>\n<div id=\"attachment_10930\" style=\"width: 630px\" class=\"wp-caption aligncenter\"><img decoding=\"async\" aria-describedby=\"caption-attachment-10930\" class=\"wp-image-10930 size-medium\" src=\"https:\/\/www.amag-group.ch\/blog\/wp-content\/uploads\/2018\/10\/Porsche_Zentrum_Zu\u0308rich_gewinnt_Classic_Restauration_Challenge_DE_911_Sascha_Leardi-620x414.jpg\" alt=\"Il responsabile di progetto nonch\u00e9 responsabile del servizio assistenza Sascha Leardi\" width=\"620\" height=\"414\" srcset=\"https:\/\/www.amag-group.ch\/blog\/wp-content\/uploads\/2018\/10\/Porsche_Zentrum_Zu\u0308rich_gewinnt_Classic_Restauration_Challenge_DE_911_Sascha_Leardi-620x414.jpg 620w, https:\/\/www.amag-group.ch\/blog\/wp-content\/uploads\/2018\/10\/Porsche_Zentrum_Zu\u0308rich_gewinnt_Classic_Restauration_Challenge_DE_911_Sascha_Leardi-768x512.jpg 768w, https:\/\/www.amag-group.ch\/blog\/wp-content\/uploads\/2018\/10\/Porsche_Zentrum_Zu\u0308rich_gewinnt_Classic_Restauration_Challenge_DE_911_Sascha_Leardi-720x480.jpg 720w, https:\/\/www.amag-group.ch\/blog\/wp-content\/uploads\/2018\/10\/Porsche_Zentrum_Zu\u0308rich_gewinnt_Classic_Restauration_Challenge_DE_911_Sascha_Leardi.jpg 1920w\" sizes=\"(max-width: 620px) 100vw, 620px\" \/><p id=\"caption-attachment-10930\" class=\"wp-caption-text\">Sascha Leardi, Responsabile service Centro Porsche Zurigo<\/p><\/div>\n<p>Il team \u00e8 estremamente lieto che la Porsche 911 T abbia convinto la giuria specializzata e si sia aggiudicato la vittoria nella categoria \u00abRestauro parziale\u00bb. Sascha Leardi ha commentato cos\u00ec la vittoria: \u00abPer tutto il team \u00e8 una gran bella soddisfazione sapere che il nostro lavoro sia stato apprezzato. L&#8217;impiego della tecnologia della stampa 3D \u00e8 stato un provvedimento completamente nuovo per noi, dal quale per\u00f2 abbiamo imparato moltissimo. Anche in vista di possibili incarichi futuri.\u00bb<\/p>\n<p>&nbsp;<\/p>\n","protected":false},"excerpt":{"rendered":"<p>Porsche Schweiz AG indice ogni anno il Porsche Restauration Challenge. In questo concorso vince l&#8217;azienda Porsche della rete ufficiale che si distingue per il miglior restauro di una Porsche d&#8217;epoca. Nel 2018 ha vinto il Centro Porsche Zurigo, sede di Schlieren, con una Porsche 911 T bianca nella categoria \u00abRestauro parziale\u00bb. <\/p>\n","protected":false},"author":29,"featured_media":10935,"comment_status":"open","ping_status":"open","sticky":false,"template":"","format":"standard","meta":{"_acf_changed":false,"inline_featured_image":false,"footnotes":""},"categories":[2228],"tags":[],"class_list":["post-10942","post","type-post","status-publish","format-standard","has-post-thumbnail","hentry","category-classic-car-it"],"acf":[],"_links":{"self":[{"href":"https:\/\/www.amag-group.ch\/blog\/it\/wp-json\/wp\/v2\/posts\/10942","targetHints":{"allow":["GET"]}}],"collection":[{"href":"https:\/\/www.amag-group.ch\/blog\/it\/wp-json\/wp\/v2\/posts"}],"about":[{"href":"https:\/\/www.amag-group.ch\/blog\/it\/wp-json\/wp\/v2\/types\/post"}],"author":[{"embeddable":true,"href":"https:\/\/www.amag-group.ch\/blog\/it\/wp-json\/wp\/v2\/users\/29"}],"replies":[{"embeddable":true,"href":"https:\/\/www.amag-group.ch\/blog\/it\/wp-json\/wp\/v2\/comments?post=10942"}],"version-history":[{"count":0,"href":"https:\/\/www.amag-group.ch\/blog\/it\/wp-json\/wp\/v2\/posts\/10942\/revisions"}],"wp:featuredmedia":[{"embeddable":true,"href":"https:\/\/www.amag-group.ch\/blog\/it\/wp-json\/wp\/v2\/media\/10935"}],"wp:attachment":[{"href":"https:\/\/www.amag-group.ch\/blog\/it\/wp-json\/wp\/v2\/media?parent=10942"}],"wp:term":[{"taxonomy":"category","embeddable":true,"href":"https:\/\/www.amag-group.ch\/blog\/it\/wp-json\/wp\/v2\/categories?post=10942"},{"taxonomy":"post_tag","embeddable":true,"href":"https:\/\/www.amag-group.ch\/blog\/it\/wp-json\/wp\/v2\/tags?post=10942"}],"curies":[{"name":"wp","href":"https:\/\/api.w.org\/{rel}","templated":true}]}}