{"id":10263,"date":"2018-08-21T09:00:43","date_gmt":"2018-08-21T07:00:43","guid":{"rendered":"https:\/\/www.amag-group.ch\/blog\/?p=10263"},"modified":"2018-08-15T09:16:07","modified_gmt":"2018-08-15T07:16:07","slug":"consigli-per-un-apprendistato-di-successo","status":"publish","type":"post","link":"https:\/\/www.amag-group.ch\/blog\/it\/consigli-per-un-apprendistato-di-successo\/","title":{"rendered":"Consigli per un apprendistato di successo"},"content":{"rendered":"<p>Ha gi\u00e0 in tasca il l&#8217;attestato di verniciatrice e per giunta con i voti pi\u00f9 alti nel Cantone di Zurigo. Quest&#8217;estate Isabella Joss ha portato a termine con successo il suo tirocinio quadriennale <a href=\"https:\/\/www.uster.amag.ch\/de\" target=\"_blank\" rel=\"noopener\">all&#8217;AMAG Uster<\/a>. \u00abQuesti quattro anni sono passati in un lampo\u00bb, racconta Isabella. Un buon spirito di squadra, un lavoro vario e stimolante e un&#8217;azienda formatrice che l&#8217;ha sempre sostenuta hanno contribuito a infonderle la motivazione, sottolinea Isabella.<\/p>\n<p>Abbiamo raccolto con Isabella Joss e Fitore Velija, responsabile del progetto Formazione professionale AMAG, alcuni consigli su come portare a termine con successo l&#8217;apprendistato.<\/p>\n<div id=\"attachment_10243\" style=\"width: 562px\" class=\"wp-caption aligncenter\"><img decoding=\"async\" aria-describedby=\"caption-attachment-10243\" class=\"wp-image-10243 size-medium\" src=\"https:\/\/www.amag-group.ch\/blog\/wp-content\/uploads\/2018\/08\/Isabella-Joos-552x414.jpg\" alt=\"Isabella Joss prepara un veicolo ai lavori di verniciatura coprendone alcune parti con pellicola e nastro adesivo.\" width=\"552\" height=\"414\" srcset=\"https:\/\/www.amag-group.ch\/blog\/wp-content\/uploads\/2018\/08\/Isabella-Joos-552x414.jpg 552w, https:\/\/www.amag-group.ch\/blog\/wp-content\/uploads\/2018\/08\/Isabella-Joos-768x576.jpg 768w, https:\/\/www.amag-group.ch\/blog\/wp-content\/uploads\/2018\/08\/Isabella-Joos.jpg 1920w\" sizes=\"(max-width: 552px) 100vw, 552px\" \/><p id=\"caption-attachment-10243\" class=\"wp-caption-text\">Isabella Joss prepara un veicolo ai lavori di verniciatura.<\/p><\/div>\n<h3><strong>Puntualit\u00e0 e impegno sono fattori che si ripagano<\/strong><\/h3>\n<p>\u00c8 importante iniziare il lavoro puntuali al mattino, perch\u00e9 questo infonde affidabilit\u00e0. Mostrando inoltre impegno e apertura al nuovo, si manifesta interesse verso ci\u00f2 che si fa e questo viene molto apprezzato sia dal formatore che dagli altri membri del team. \u00abPer me \u00e8 importante che gli apprendisti apportino le loro idee, pensino in anticipo, vadano oltre alle aspettative e abbiano coraggio\u00bb, dice Fitore Velija.<\/p>\n<div id=\"attachment_10244\" style=\"width: 389px\" class=\"wp-caption alignleft\"><img decoding=\"async\" aria-describedby=\"caption-attachment-10244\" class=\"wp-image-10244 size-medium\" src=\"https:\/\/www.amag-group.ch\/blog\/wp-content\/uploads\/2018\/08\/Velija-Fitore-379x414.jpg\" alt=\"Fitore Velija, responsabile del progetto Formazione professionale AMAG, apprezza gli apprendisti impegnati e coraggiosi.\" width=\"379\" height=\"414\" srcset=\"https:\/\/www.amag-group.ch\/blog\/wp-content\/uploads\/2018\/08\/Velija-Fitore-379x414.jpg 379w, https:\/\/www.amag-group.ch\/blog\/wp-content\/uploads\/2018\/08\/Velija-Fitore-768x839.jpg 768w, https:\/\/www.amag-group.ch\/blog\/wp-content\/uploads\/2018\/08\/Velija-Fitore.jpg 1758w\" sizes=\"(max-width: 379px) 100vw, 379px\" \/><p id=\"caption-attachment-10244\" class=\"wp-caption-text\">Fitore Velija, responsabile del progetto Formazione professionale AMAG, apprezza gli apprendisti impegnati e coraggiosi.<\/p><\/div>\n<h3>\u00a0<\/h3>\n<h3>\u00a0<\/h3>\n<h3><strong>Attenzione e curiosit\u00e0 fanno progredire<\/strong><\/h3>\n<p>Non esistono domande stupide. \u00abSia nel primo che nel quarto anno di apprendistato, ho sempre fatto domande se non capivo qualcosa o volevo saperne di pi\u00f9\u00bb, racconta Isabella su questo tema. Perch\u00e9 le domande sono quelle che fanno progredire e aiutano a capire meglio i processi.<\/p>\n<h3><strong>Autonomia sul lavoro e fiducia<\/strong><\/h3>\n<p>Fitore Velija \u00e8 certa: \u00abAnche offrire agli apprendisti la possibilit\u00e0 di lavorare autonomamente \u00e8 una carta vincente. Perch\u00e9 in questo modo il formatore manifesta la propria fiducia verso gli apprendisti, il che \u00e8 un importante fattore motivazionale.\u00bb<\/p>\n<h3>\u00a0<\/h3>\n<h3>\u00a0<\/h3>\n<h3>\u00a0<\/h3>\n<h3>\u00a0<\/h3>\n<h3>\u00a0<\/h3>\n<h3><strong>Rispetto e gentilezza in primo piano<\/strong><\/h3>\n<p>Che si tratti di clienti o di colleghi di lavoro, \u00e8 importante trattare gli altri come vorresti che gli altri trattassero te. Questo \u00e8 il credo che Ruedi Schoch, responsabile aziendale di AMAG Uster, cerca di trasmettere e si aspetta dai suoi collaboratori: \u00abSolo un team ben funzionante, dove ci si rispetta a vicenda, pu\u00f2 portare a performance d&#8217;eccellenza. E queste performance si rispecchiano direttamente nella qualit\u00e0 del servizio offerto ai nostri clienti.\u00bb<\/p>\n<h3><strong>Scuola e studio sono d&#8217;obbligo<\/strong><\/h3>\n<p>A scuola \u00e8 bene stare attenti, fare riassunti e superare le prove di esame che vengono sottoposte regolarmente. \u00abSi deve prevedere tempo sufficiente per prepararsi all&#8217;esame finale. Se a scuola si \u00e8 stati attenti e si sono presi appunti, si ha gi\u00e0 una buona preparazione di base\u00bb, sottolinea Isabella. Scambiare le conoscenze tra compagni di scuola e creare gruppi di studio sono anche validi aiuti all&#8217;apprendimento. Inoltre, aggiunge Isabella, \u00abstudiare insieme \u00e8 anche molto pi\u00f9 divertente\u00bb.<\/p>\n<div id=\"attachment_10242\" style=\"width: 1930px\" class=\"wp-caption aligncenter\"><img decoding=\"async\" aria-describedby=\"caption-attachment-10242\" class=\"wp-image-10242 size-full\" src=\"https:\/\/www.amag-group.ch\/blog\/wp-content\/uploads\/2018\/08\/Farbpalette.jpg\" alt=\"Isabella Joss sceglie il colore giusto da aggiungere alla mescola.\" width=\"1920\" height=\"1440\" srcset=\"https:\/\/www.amag-group.ch\/blog\/wp-content\/uploads\/2018\/08\/Farbpalette.jpg 1920w, https:\/\/www.amag-group.ch\/blog\/wp-content\/uploads\/2018\/08\/Farbpalette-552x414.jpg 552w, https:\/\/www.amag-group.ch\/blog\/wp-content\/uploads\/2018\/08\/Farbpalette-768x576.jpg 768w\" sizes=\"(max-width: 1920px) 100vw, 1920px\" \/><p id=\"caption-attachment-10242\" class=\"wp-caption-text\">Saper mescolare i colori giusti fa parte del lavoro quotidiano di un carrozziere verniciatore.<\/p><\/div>\n<h3><strong>Non avere paura di sbagliare<\/strong><\/h3>\n<p>Tutti possono sbagliare, perch\u00e9 dagli errori si impara molto. L&#8217;importante \u00e8 soprattutto saper riconoscere i propri errori. \u00abLa capacit\u00e0 di gestire gli errori rende i nostri apprendisti ancora pi\u00f9 consapevoli di s\u00e9\u00bb, racconta Fitore Velija per esperienza.<\/p>\n<h3><strong>Buon equilibrio tra vita privata e lavoro<\/strong><\/h3>\n<p>Durante la formazione, per\u00f2, non si devono trascurare la famiglia e gli amici. Anche un buon equilibrio tra vita professione e privata incentiva la motivazione e libera la mente. \u00ab\u00c8 una questione di giusto mix!\u00bb, dice Isabella con un sorriso di compiacimento.<\/p>\n<p>&nbsp;<\/p>\n<h2><strong>Ulteriori articoli<\/strong>:<\/h2>\n<p><a href=\"https:\/\/www.amag-group.ch\/blog\/it\/professione_di_carrozziere_verniciatore\/\" target=\"_blank\" rel=\"noopener\">La mia esaltante professione di carrozziere verniciatore<\/a><\/p>\n<p><a href=\"https:\/\/www.amag-group.ch\/blog\/it\/duello-tra-i-mestieri-della-carrozzeria\/\" target=\"_blank\" rel=\"noopener\">Duello tra i mestieri della carrozzeria<\/a><\/p>\n<p><a href=\"https:\/\/www.amag-group.ch\/blog\/it\/carrozziere-lattoniere_carrozziere-verniciatore\/\" target=\"_blank\" rel=\"noopener\">Professioni nel settore carrozzeria: potenziale futuro e carenza di personale specializzato<\/a><\/p>\n","protected":false},"excerpt":{"rendered":"<p>Una volta firmato il contratto di apprendistato, sembra che il tempo che manca all&#8217;inizio del tirocinio non passi mai, tanto ci si sente motivati e impazienti di partire. Affinch\u00e9 questa sensazione permanga fino alla fine dell&#8217;apprendistato, abbiamo raccolto qui per voi alcuni consigli.<\/p>\n","protected":false},"author":40,"featured_media":10265,"comment_status":"open","ping_status":"open","sticky":false,"template":"","format":"standard","meta":{"_acf_changed":false,"inline_featured_image":false,"footnotes":""},"categories":[9828],"tags":[],"class_list":["post-10263","post","type-post","status-publish","format-standard","has-post-thumbnail","hentry","category-next-generation-it"],"acf":[],"_links":{"self":[{"href":"https:\/\/www.amag-group.ch\/blog\/it\/wp-json\/wp\/v2\/posts\/10263","targetHints":{"allow":["GET"]}}],"collection":[{"href":"https:\/\/www.amag-group.ch\/blog\/it\/wp-json\/wp\/v2\/posts"}],"about":[{"href":"https:\/\/www.amag-group.ch\/blog\/it\/wp-json\/wp\/v2\/types\/post"}],"author":[{"embeddable":true,"href":"https:\/\/www.amag-group.ch\/blog\/it\/wp-json\/wp\/v2\/users\/40"}],"replies":[{"embeddable":true,"href":"https:\/\/www.amag-group.ch\/blog\/it\/wp-json\/wp\/v2\/comments?post=10263"}],"version-history":[{"count":0,"href":"https:\/\/www.amag-group.ch\/blog\/it\/wp-json\/wp\/v2\/posts\/10263\/revisions"}],"wp:featuredmedia":[{"embeddable":true,"href":"https:\/\/www.amag-group.ch\/blog\/it\/wp-json\/wp\/v2\/media\/10265"}],"wp:attachment":[{"href":"https:\/\/www.amag-group.ch\/blog\/it\/wp-json\/wp\/v2\/media?parent=10263"}],"wp:term":[{"taxonomy":"category","embeddable":true,"href":"https:\/\/www.amag-group.ch\/blog\/it\/wp-json\/wp\/v2\/categories?post=10263"},{"taxonomy":"post_tag","embeddable":true,"href":"https:\/\/www.amag-group.ch\/blog\/it\/wp-json\/wp\/v2\/tags?post=10263"}],"curies":[{"name":"wp","href":"https:\/\/api.w.org\/{rel}","templated":true}]}}