{"id":34,"name":"Daniel H\u00fcppi","url":"http:\/\/www.amag-leasing.ch","description":"Daniel H\u00fcppi arbeitet seit 17 Jahren f\u00fcr AMAG Leasing AG und ist seit 2007 in der Funktion als Managing Director t\u00e4tig.","link":"https:\/\/www.amag-group.ch\/blog\/fr\/author\/authorhueppi\/","slug":"authorhueppi","avatar_urls":{"24":"https:\/\/secure.gravatar.com\/avatar\/bdf921f874177a5f10a39c0ac99e669d2b15cef8683b35fd494d6ca4ebcf2fd6?s=24&d=mm&r=g","48":"https:\/\/secure.gravatar.com\/avatar\/bdf921f874177a5f10a39c0ac99e669d2b15cef8683b35fd494d6ca4ebcf2fd6?s=48&d=mm&r=g","96":"https:\/\/secure.gravatar.com\/avatar\/bdf921f874177a5f10a39c0ac99e669d2b15cef8683b35fd494d6ca4ebcf2fd6?s=96&d=mm&r=g"},"meta":[],"acf":[],"_links":{"self":[{"href":"https:\/\/www.amag-group.ch\/blog\/fr\/wp-json\/wp\/v2\/users\/34","targetHints":{"allow":["GET"]}}],"collection":[{"href":"https:\/\/www.amag-group.ch\/blog\/fr\/wp-json\/wp\/v2\/users"}]}}