{"id":9567,"date":"2018-06-07T13:08:32","date_gmt":"2018-06-07T11:08:32","guid":{"rendered":"https:\/\/www.amag-group.ch\/blog\/?p=9567"},"modified":"2018-06-07T13:08:32","modified_gmt":"2018-06-07T11:08:32","slug":"wir-sagen-danke-andre-luescher-fuer-42-jahre-bei-der-amag","status":"publish","type":"post","link":"https:\/\/www.amag-group.ch\/blog\/fr\/wir-sagen-danke-andre-luescher-fuer-42-jahre-bei-der-amag\/","title":{"rendered":"Nous remercions Andr\u00e9 L\u00fcscher pour 42 ans au service d\u2019AMAG"},"content":{"rendered":"<p>Le sourire aux l\u00e8vres, Andr\u00e9 L\u00fcscher se souvient de ses d\u00e9buts chez AMAG. Lorsqu\u2019il a commenc\u00e9 son apprentissage en 1968, l\u2019entreprise s\u2019appelait encore Automontage Schinznach AG, ASAG en abr\u00e9g\u00e9. Une soixantaine d\u2019apprentis \u00e9taient form\u00e9s dans le domaine de la carrosserie et de la t\u00f4lerie \u00e0 Schinznach.<\/p>\n<p>\u00c0 l\u2019\u00e9poque, les pi\u00e8ces des carrosseries \u00e9taient encore soud\u00e9es \u00e0 la main. Lors de journ\u00e9es particuli\u00e8rement efficientes, jusqu\u2019\u00e0 sept voitures pouvaient \u00eatre assembl\u00e9es.<\/p>\n<h3><strong>Br\u00e8ve escapade vers d\u2019autres horizons mais AMAG tient une place particuli\u00e8re<\/strong><\/h3>\n<p>Apr\u00e8s avoir termin\u00e9 avec succ\u00e8s son apprentissage de carrossier-t\u00f4lier en avril 1972, Andr\u00e9 L\u00fcscher voulait \u00e9largir son horizon. Il est all\u00e9 acqu\u00e9rir des exp\u00e9riences professionnelles dans les secteurs de l\u2019atelier et de la logistique dans d\u2019autres entreprises. Le 15\u00a0janvier 1980, pr\u00e8s de huit ans plus tard, il revient chez AMAG et entre au d\u00e9partement de promotion de vente des voitures d\u2019occasion.<\/p>\n<p>Les domaines de responsabilit\u00e9 comprenaient les cours de formation de vente pour les concessionnaires et leurs collaborateurs, l\u2019organisation et la fourniture du mat\u00e9riel publicitaire ainsi que l\u2019organisation de salons d\u00e9di\u00e9s aux voitures d\u2019occasion. Andr\u00e9 L\u00fcscher se souvient encore bien de cette p\u00e9riode: \u00abNous devions louer des halls dans toute la Suisse et les concessionnaires r\u00e9gionaux pouvaient louer le nombre de places d\u2019exposition dont ils avaient besoin. S\u2019ils vendaient une voiture pendant le salon, elle \u00e9tait remplac\u00e9e le plus vite possible par une nouvelle. Et chaque fois qu\u2019une voiture \u00e9tait vendue, on sonnait une grande cloche pour indiquer qu\u2019une autre belle voiture avait quitt\u00e9 la foire.\u00bb<\/p>\n<div id=\"attachment_9542\" style=\"width: 630px\" class=\"wp-caption aligncenter\"><img decoding=\"async\" aria-describedby=\"caption-attachment-9542\" class=\"wp-image-9542 size-medium\" src=\"https:\/\/www.amag-group.ch\/blog\/wp-content\/uploads\/2018\/06\/IMG_1109-620x414.jpg\" alt=\"Andr\u00e9 L\u00fcscher dans l\u2019Audi SQ5 sponsoris\u00e9e.\" width=\"620\" height=\"414\" srcset=\"https:\/\/www.amag-group.ch\/blog\/wp-content\/uploads\/2018\/06\/IMG_1109-620x414.jpg 620w, https:\/\/www.amag-group.ch\/blog\/wp-content\/uploads\/2018\/06\/IMG_1109-768x512.jpg 768w, https:\/\/www.amag-group.ch\/blog\/wp-content\/uploads\/2018\/06\/IMG_1109-720x480.jpg 720w, https:\/\/www.amag-group.ch\/blog\/wp-content\/uploads\/2018\/06\/IMG_1109.jpg 1920w\" sizes=\"(max-width: 620px) 100vw, 620px\" \/><p id=\"caption-attachment-9542\" class=\"wp-caption-text\">Andr\u00e9 L\u00fcscher est toujours de la partie avec un sourire aux l\u00e8vres.<\/p><\/div>\n<h3><strong>Le sponsoring et les exp\u00e9riences de conduite gagnent en importance<\/strong><\/h3>\n<p>Dans les ann\u00e9es 1990, le sponsoring commen\u00e7ait \u00e0 prendre de plus en plus d\u2019importance. Les stages de conduite, qui sont encore tr\u00e8s populaires aujourd\u2019hui, ont \u00e9galement fait l\u2019objet d\u2019un engouement croissant pendant cette p\u00e9riode.<\/p>\n<p>Andr\u00e9 L\u00fcscher se rem\u00e9more son premier stage de conduite avec Audi en Allemagne: \u00abEn 1990, j\u2019y ai particip\u00e9 pour la premi\u00e8re fois et je me suis dit que c\u2019est quelque chose que nous devions absolument aussi faire en Suisse.\u00bb Et c\u2019est ainsi qu\u2019au d\u00e9but des ann\u00e9es 1990, les premiers stages de conduite ont \u00e9t\u00e9 organis\u00e9s sur le sol suisse.<\/p>\n<h3><span lang=\"fr\">Le d\u00e9partement\u00a0Sponsoring dans les ann\u00e9es 90<\/span><\/h3>\n<p>De 1990 \u00e0 1999, Andr\u00e9 L\u00fcscher a largement contribu\u00e9 \u00e0 la cr\u00e9ation du d\u00e9partement AMAG Sponsoring. En suivant une formation continue commerciale et de marketing, il a acquis des connaissances approfondies dans les deux domaines ce qui qui lui a \u00e9t\u00e9 profitable par la suite.<\/p>\n<p>Dans les ann\u00e9es 1990 notamment, \u00e9poque \u00e0 laquelle nous avons commenc\u00e9 \u00e0 collaborer avec la coupe Spengler \u00e0 Davos et le festival Menuhin \u00e0 Gstaad. On y proposait des essais routiers et des stages de conduite, agr\u00e9ment\u00e9s de la participation \u00e0 un match de hockey sur glace ou \u00e0 un concert. Pour Andr\u00e9 L\u00fcscher, ces \u00e9v\u00e9nements restent des moments forts dans sa carri\u00e8re: \u00abLes r\u00e9actions positives des clients et le plaisir que nos invit\u00e9s ont \u00e9prouv\u00e9 nous ont confort\u00e9s dans nos efforts\u00bb.<\/p>\n<p>De nombreux \u00e9v\u00e9nements de ce genre ont suivi. Il s\u2019agit notamment de la Swiss Inline Cup, dont Volkswagen \u00e9tait sponsor, des stages de conduite \u00e0 Andermatt, Ambri et sur le circuit de l\u2019Anneau du Rhin, du Grand Prix de tennis VW avec la participation de Roger Federer et Martina Hingis, des com\u00e9dies musicales ABBA et Beatles ou encore du 60<sup>e<\/sup> anniversaire d\u2019AMAG \u00e0 Interlaken en 2008.<\/p>\n<div id=\"attachment_9545\" style=\"width: 630px\" class=\"wp-caption aligncenter\"><img decoding=\"async\" aria-describedby=\"caption-attachment-9545\" class=\"wp-image-9545 size-medium\" src=\"https:\/\/www.amag-group.ch\/blog\/wp-content\/uploads\/2018\/06\/Sponsoring-Anlass-VW-Tennis-Grand-Prix-620x351.jpg\" alt=\"Au Grand Prix du tennis 2003\/2004, Andr\u00e9 L\u00fcscher a notamment rencontr\u00e9 Martina Hingis et Roger Federer. \" width=\"620\" height=\"351\" srcset=\"https:\/\/www.amag-group.ch\/blog\/wp-content\/uploads\/2018\/06\/Sponsoring-Anlass-VW-Tennis-Grand-Prix-620x351.jpg 620w, https:\/\/www.amag-group.ch\/blog\/wp-content\/uploads\/2018\/06\/Sponsoring-Anlass-VW-Tennis-Grand-Prix-768x435.jpg 768w, https:\/\/www.amag-group.ch\/blog\/wp-content\/uploads\/2018\/06\/Sponsoring-Anlass-VW-Tennis-Grand-Prix.jpg 892w\" sizes=\"(max-width: 620px) 100vw, 620px\" \/><p id=\"caption-attachment-9545\" class=\"wp-caption-text\">Andr\u00e9 L\u00fcscher (en haut \u00e0 droite) en compagnie de Roger Federer (en haut au centre) et Martina Hingis (en haut \u00e0 gauche) au Grand Prix de tennis 2003\/2004.<\/p><\/div>\n<p>Au cours de ces derni\u00e8res ann\u00e9es, Andr\u00e9 L\u00fcscher a \u00e9t\u00e9 le principal responsable des engagements de VW dans le domaine du football. C\u2019est ainsi que des partenariats avec l\u2019\u00e9quipe nationale suisse de football, la Coupe de Suisse de football et le FC B\u00e2le ont vu le jour. Il n\u2019est donc pas \u00e9tonnant qu\u2019Andr\u00e9 lui-m\u00eame ait jou\u00e9 activement au football pendant 30\u00a0ans!<\/p>\n<h3><strong>Une vie active m\u00eame \u00e0 la retraite<\/strong><\/h3>\n<p>Et bien que sa vie professionnelle soit tr\u00e8s vari\u00e9e et passionnante, Andr\u00e9 L\u00fcscher se r\u00e9jouit de ce qui l\u2019attend comme retrait\u00e9 et fait d\u00e9j\u00e0 des projets. \u00abJ\u2019ai d\u00e9j\u00e0 pr\u00e9vu un ou deux voyages intervilles. Et je veux aussi am\u00e9liorer mon handicap au golf. Mais ma premi\u00e8re priorit\u00e9 sera de passer plus de temps avec ma famille et tout sp\u00e9cialement avec mes deux petits-enfants.\u00bb<\/p>\n<p><a href=\"https:\/\/www.amag-group.ch\/blog\/wp-content\/uploads\/2018\/06\/Zeitachse_FR.jpg\" target=\"_blank\" rel=\"noopener\"><img decoding=\"async\" class=\"aligncenter wp-image-9570 size-full\" src=\"https:\/\/www.amag-group.ch\/blog\/wp-content\/uploads\/2018\/06\/Zeitachse_FR.jpg\" alt=\"\" width=\"1920\" height=\"272\" srcset=\"https:\/\/www.amag-group.ch\/blog\/wp-content\/uploads\/2018\/06\/Zeitachse_FR.jpg 1920w, https:\/\/www.amag-group.ch\/blog\/wp-content\/uploads\/2018\/06\/Zeitachse_FR-620x88.jpg 620w, https:\/\/www.amag-group.ch\/blog\/wp-content\/uploads\/2018\/06\/Zeitachse_FR-768x109.jpg 768w\" sizes=\"(max-width: 1920px) 100vw, 1920px\" \/><\/a><\/p>\n<p>&nbsp;<\/p>\n<p>&nbsp;<\/p>\n","protected":false},"excerpt":{"rendered":"<p>Andr\u00e9 L\u00fcscher travaille pour AMAG depuis plus de 42 ans. Sa carri\u00e8re, qui a d\u00e9but\u00e9 en 1972 par la r\u00e9ussite de son examen de fin d\u2019apprentissage en tant que carrossier-t\u00f4lier, se termine la fin du mois de mai 2018 en tant que Manager \u00e9v\u00e8nementiel. Avant partir \u00e0 la retraite, il nous emm\u00e8ne dans un voyage passionnant dans le temps.<\/p>\n","protected":false},"author":40,"featured_media":9540,"comment_status":"open","ping_status":"open","sticky":false,"template":"","format":"standard","meta":{"_acf_changed":false,"inline_featured_image":false,"footnotes":""},"categories":[1786],"tags":[],"class_list":["post-9567","post","type-post","status-publish","format-standard","has-post-thumbnail","hentry","category-emplois-et-carriere"],"acf":[],"_links":{"self":[{"href":"https:\/\/www.amag-group.ch\/blog\/fr\/wp-json\/wp\/v2\/posts\/9567","targetHints":{"allow":["GET"]}}],"collection":[{"href":"https:\/\/www.amag-group.ch\/blog\/fr\/wp-json\/wp\/v2\/posts"}],"about":[{"href":"https:\/\/www.amag-group.ch\/blog\/fr\/wp-json\/wp\/v2\/types\/post"}],"author":[{"embeddable":true,"href":"https:\/\/www.amag-group.ch\/blog\/fr\/wp-json\/wp\/v2\/users\/40"}],"replies":[{"embeddable":true,"href":"https:\/\/www.amag-group.ch\/blog\/fr\/wp-json\/wp\/v2\/comments?post=9567"}],"version-history":[{"count":0,"href":"https:\/\/www.amag-group.ch\/blog\/fr\/wp-json\/wp\/v2\/posts\/9567\/revisions"}],"wp:featuredmedia":[{"embeddable":true,"href":"https:\/\/www.amag-group.ch\/blog\/fr\/wp-json\/wp\/v2\/media\/9540"}],"wp:attachment":[{"href":"https:\/\/www.amag-group.ch\/blog\/fr\/wp-json\/wp\/v2\/media?parent=9567"}],"wp:term":[{"taxonomy":"category","embeddable":true,"href":"https:\/\/www.amag-group.ch\/blog\/fr\/wp-json\/wp\/v2\/categories?post=9567"},{"taxonomy":"post_tag","embeddable":true,"href":"https:\/\/www.amag-group.ch\/blog\/fr\/wp-json\/wp\/v2\/tags?post=9567"}],"curies":[{"name":"wp","href":"https:\/\/api.w.org\/{rel}","templated":true}]}}