{"id":9298,"date":"2018-04-24T08:46:31","date_gmt":"2018-04-24T06:46:31","guid":{"rendered":"https:\/\/www.amag-group.ch\/blog\/?p=9298"},"modified":"2018-04-24T09:06:44","modified_gmt":"2018-04-24T07:06:44","slug":"grace-au-stationnement-autonome-le-recherche-dune-place-de-stationnement-sera-bientot-de-lhistoire-ancienne","status":"publish","type":"post","link":"https:\/\/www.amag-group.ch\/blog\/fr\/grace-au-stationnement-autonome-le-recherche-dune-place-de-stationnement-sera-bientot-de-lhistoire-ancienne\/","title":{"rendered":"Gr\u00e2ce au stationnement autonome, le recherche d\u2019une place de stationnement sera bient\u00f4t de l\u2019histoire ancienne"},"content":{"rendered":"<p>La recherche d\u2019une place de parking n\u2019est pas la chose la plus importante pour les automobilistes en termes de mobilit\u00e9 individuelle. Cependant, selon l\u2019endroit, cela prend beaucoup de temps. En milieu urbain, les conducteurs passent environ 30 % de leur temps en voiture \u00e0 chercher une place de stationnement.<\/p>\n<p>\n Le groupe Volkswagen travaille donc sur un projet visant \u00e0 restituer ce temps \u00e0 ses clients. Dans le cadre du projet pilote, le groupe et des experts testent depuis plusieurs mois d\u00e9j\u00e0 \u00e0 l\u2019a\u00e9roport de Hambourg le stationnement autonome avec des prototypes. La vision est claire: la voiture est remise \u00e0 l\u2019entr\u00e9e du parking et le v\u00e9hicule se charge de trouver une place de stationnement et de se garer de son propre chef. Pas de stress, pas d\u2019\u00e9gratignure et surtout pas de perte de temps. Autre avantage: les v\u00e9hicules qui se garent de mani\u00e8re autonome n\u00e9cessitent beaucoup moins d\u2019espace dans le parking, car aucun conducteur n\u2019a besoin d\u2019entrer ou de sortir du v\u00e9hicule.<\/p>\n<p><span lang=\"FR-CH\"><span style=\"color: #000000; font-family: Calibri;\">\u00a0<\/span><\/span><\/p>\n<div id=\"attachment_9285\" style=\"width: 1930px\" class=\"wp-caption aligncenter\"><img decoding=\"async\" aria-describedby=\"caption-attachment-9285\" class=\"wp-image-9285 size-full\" src=\"https:\/\/www.amag-group.ch\/blog\/wp-content\/uploads\/2018\/04\/Panamera-ehybrid-autonomes-parkieren2.jpg\" alt=\"Le groupe Volkswagen teste le stationnement autonome \u00e0 l\u2019a\u00e9roport de Hambourg. La Panamera E-Hybrid trouve sa propre place de parking \u00e9quip\u00e9e d\u2019une station de recharge. \" width=\"1920\" height=\"1213\" srcset=\"https:\/\/www.amag-group.ch\/blog\/wp-content\/uploads\/2018\/04\/Panamera-ehybrid-autonomes-parkieren2.jpg 1920w, https:\/\/www.amag-group.ch\/blog\/wp-content\/uploads\/2018\/04\/Panamera-ehybrid-autonomes-parkieren2-620x392.jpg 620w, https:\/\/www.amag-group.ch\/blog\/wp-content\/uploads\/2018\/04\/Panamera-ehybrid-autonomes-parkieren2-768x485.jpg 768w\" sizes=\"(max-width: 1920px) 100vw, 1920px\" \/><p id=\"caption-attachment-9285\" class=\"wp-caption-text\">La Porsche Panamera E-Hybrid se gare de mani\u00e8re autonome lors du test<\/p><\/div>\n<p>Actuellement, dans un parking pr\u00e8s du terminal de l\u2019a\u00e9roport de Hambourg, on teste le stationnement autonome avec une VW Passat, un Audi Q7 et une Porsche Panamera E-Hybrid. Le sc\u00e9nario du test: le client r\u00e9serve la place de parking \u00e0 l\u2019a\u00e9roport de Hambourg via une appli. \u00c0 l\u2019entr\u00e9e du parking, la voiture est gar\u00e9e et le mode parking est s\u00e9lectionn\u00e9 dans le v\u00e9hicule ou via une appli. Ensuite, le conducteur quitte le v\u00e9hicule, prend ses bagages et la voiture est verrouill\u00e9e. La voiture se charge elle-m\u00eame de la suite des op\u00e9rations. Elle cherche une place de parking libre, si n\u00e9cessaire \u00e9quip\u00e9e une station de charge. La recherche autonome d\u2019une place stationnement est possible gr\u00e2ce \u00e0 des marqueurs figuratifs install\u00e9s dans le parking. Les capteurs du v\u00e9hicule se basent sur ces derniers.<\/p>\n<div id=\"attachment_9288\" style=\"width: 1930px\" class=\"wp-caption aligncenter\"><img decoding=\"async\" aria-describedby=\"caption-attachment-9288\" class=\"wp-image-9288 size-full\" src=\"https:\/\/www.amag-group.ch\/blog\/wp-content\/uploads\/2018\/04\/Bildmarker_autonomes-Parkieren.jpg\" alt=\"Test de stationnement autonome. Avec les marqueurs figuratifs install\u00e9s \u00e0 l\u2019a\u00e9roport de Hambourg, les v\u00e9hicules pilotes trouvent une place de parking libre.  \" width=\"1920\" height=\"1118\" srcset=\"https:\/\/www.amag-group.ch\/blog\/wp-content\/uploads\/2018\/04\/Bildmarker_autonomes-Parkieren.jpg 1920w, https:\/\/www.amag-group.ch\/blog\/wp-content\/uploads\/2018\/04\/Bildmarker_autonomes-Parkieren-620x361.jpg 620w, https:\/\/www.amag-group.ch\/blog\/wp-content\/uploads\/2018\/04\/Bildmarker_autonomes-Parkieren-768x447.jpg 768w\" sizes=\"(max-width: 1920px) 100vw, 1920px\" \/><p id=\"caption-attachment-9288\" class=\"wp-caption-text\">Les capteurs mont\u00e9s sur les prototypes trouvent la place de parking gr\u00e2ce \u00e0 ces marqueurs figuratifs.<\/p><\/div>\n<p>D\u2019autres prestations sont \u00e9galement disponibles pendant que le propri\u00e9taire est en voyage. Les paquets command\u00e9s peuvent \u00eatre d\u00e9pos\u00e9s dans le coffre, ou m\u00eame le service de pressing accroche les v\u00eatements propres directement dans le v\u00e9hicule. Apr\u00e8s son retour de voyage, le client signale via l\u2019application qu\u2019il arrive au parking dans cinq minutes. Peu de temps apr\u00e8s, sa voiture se trouve \u00e0 la sortie du parking, pr\u00eate pour le retour au domicile. La facturation du stationnement se fait simplement \u00e0 l\u2019aide d\u2019une application. On \u00e9vite de perdre du temps \u00e0 attendre dans les files devant les caisses du parking de l\u2019a\u00e9roport.<\/p>\n<h3><strong>Vid\u00e9o de d\u00e9monstration du sc\u00e9nario de test \u00abStationnement autonome\u00bb<\/strong><\/h3>\n<p><iframe src=\"https:\/\/www.youtube.com\/embed\/Kq1RkaYHZ_A\" width=\"560\" height=\"315\" frameborder=\"0\" allowfullscreen=\"allowfullscreen\"><\/iframe><\/p>\n<p>Ce projet pilote repr\u00e9sente une \u00e9tape importante sur la voie en direction de la conduite autonome. D\u00e9j\u00e0 au d\u00e9but de la prochaine d\u00e9cennie, les premiers clients pourront tester la nouvelle prestation de stationnement autonome. Cela signifie enfin: bye bye la recherche d\u2019une place de parking, l\u2019avion n\u2019attend pas!<\/p>\n<h3>\u00a0<\/h3>\n<h3><span lang=\"FR-CH\"><span style=\"color: #000000; font-family: Calibri;\">\u00a0<\/span><\/span><\/h3>\n<h3>Lire d\u2019autres articles de blog sur le th\u00e8me de l conduite autonome<\/h3>\n<p><a href=\"https:\/\/www.amag-group.ch\/blog\/fr\/la-conduite-autonome-en-bonne-conscience\/\" target=\"_blank\" rel=\"noopener\"><span style=\"text-decoration: underline;\">La conduite autonome en bonne conscience<\/span><\/a><br \/>\n<a href=\"https:\/\/www.amag-group.ch\/blog\/fr\/lavenir-de-la-conduite-automobile-cest-lautonomie\/\" target=\"_blank\" rel=\"noopener\"><span style=\"text-decoration: underline;\">L\u2019avenir de la conduite automobile, c\u2019est l\u2019autonomie<\/span><\/a><\/p>\n<p>&nbsp;<\/p>\n","protected":false},"excerpt":{"rendered":"<p>Le Groupe Volkswagen teste actuellement le stationnement autonome \u00e0 l\u2019a\u00e9roport de Hambourg. Dans le cadre de ce projet pilote, le v\u00e9hicule trouve une place de stationnement sans effort et sans conducteur. Une \u00e9tape importante vers la conduite autonome.<\/p>\n","protected":false},"author":27,"featured_media":9292,"comment_status":"open","ping_status":"open","sticky":false,"template":"","format":"standard","meta":{"_acf_changed":false,"inline_featured_image":false,"footnotes":""},"categories":[9962],"tags":[],"class_list":["post-9298","post","type-post","status-publish","format-standard","has-post-thumbnail","hentry","category-solutions-du-futur"],"acf":[],"_links":{"self":[{"href":"https:\/\/www.amag-group.ch\/blog\/fr\/wp-json\/wp\/v2\/posts\/9298","targetHints":{"allow":["GET"]}}],"collection":[{"href":"https:\/\/www.amag-group.ch\/blog\/fr\/wp-json\/wp\/v2\/posts"}],"about":[{"href":"https:\/\/www.amag-group.ch\/blog\/fr\/wp-json\/wp\/v2\/types\/post"}],"author":[{"embeddable":true,"href":"https:\/\/www.amag-group.ch\/blog\/fr\/wp-json\/wp\/v2\/users\/27"}],"replies":[{"embeddable":true,"href":"https:\/\/www.amag-group.ch\/blog\/fr\/wp-json\/wp\/v2\/comments?post=9298"}],"version-history":[{"count":0,"href":"https:\/\/www.amag-group.ch\/blog\/fr\/wp-json\/wp\/v2\/posts\/9298\/revisions"}],"wp:featuredmedia":[{"embeddable":true,"href":"https:\/\/www.amag-group.ch\/blog\/fr\/wp-json\/wp\/v2\/media\/9292"}],"wp:attachment":[{"href":"https:\/\/www.amag-group.ch\/blog\/fr\/wp-json\/wp\/v2\/media?parent=9298"}],"wp:term":[{"taxonomy":"category","embeddable":true,"href":"https:\/\/www.amag-group.ch\/blog\/fr\/wp-json\/wp\/v2\/categories?post=9298"},{"taxonomy":"post_tag","embeddable":true,"href":"https:\/\/www.amag-group.ch\/blog\/fr\/wp-json\/wp\/v2\/tags?post=9298"}],"curies":[{"name":"wp","href":"https:\/\/api.w.org\/{rel}","templated":true}]}}