{"id":8003,"date":"2017-12-12T07:41:57","date_gmt":"2017-12-12T05:41:57","guid":{"rendered":"http:\/\/www.amag-group.ch\/blog\/fr\/?p=1532"},"modified":"2018-02-23T10:04:13","modified_gmt":"2018-02-23T10:04:13","slug":"impulsion-start-up-en-provenance-disrael","status":"publish","type":"post","link":"https:\/\/www.amag-group.ch\/blog\/fr\/impulsion-start-up-en-provenance-disrael\/","title":{"rendered":"Impulsion start-up en provenance d\u2019Isra\u00ebl"},"content":{"rendered":"<p>Accompagn\u00e9e par la Swiss Start Up Factory, une d\u00e9l\u00e9gation d\u2019AMAG compos\u00e9e de cadres de la distribution, de New Mobility, de l\u2019informatique, du Business Development et du Leasing, a effectu\u00e9 un voyage d\u2019\u00e9tude en Isra\u00ebl. Le programme pr\u00e9voyait des visites de diverses start-up&rsquo;s du secteur de la mobilit\u00e9 et de l\u2019automobile \u00e0 Tel Aviv. Lors d\u2019un entretien avec Philipp Wetzel, responsable Marketing &amp; Business Development &amp; CDO AMAG Import, nous avons pu apprendre des faits int\u00e9ressants sur la visite.<\/p>\n<p>Accompagn\u00e9e par la Swiss Start Up Factory, une d\u00e9l\u00e9gation d\u2019AMAG compos\u00e9e de cadres de la distribution, de New Mobility, de l\u2019informatique, du Business Development et du Leasing, a effectu\u00e9 un voyage d\u2019\u00e9tude en Isra\u00ebl. Le programme pr\u00e9voyait des visites de diverses start-ups du secteur de la mobilit\u00e9 et de l\u2019automobile \u00e0 Tel\u00a0Aviv. Lors d\u2019un entretien avec Philipp Wetzel, responsable Marketing &amp; Business Development &amp; CDO AMAG Import, nous avons pu apprendre des faits int\u00e9ressants sur la visite.<\/p>\n<h3><strong>Bonjour Philipp. R\u00e9cemment tu es all\u00e9 \u00e0 Tel\u00a0Aviv avec une d\u00e9l\u00e9gation d\u2019AMAG. Quel \u00e9tait le contexte de cette visite?<\/strong><\/h3>\n<p>Nous voulions faire l\u2019exp\u00e9rience de la num\u00e9risation et de la New Mobility \u00aben direct\u00bb sur place. Nous sommes \u00e9galement partis \u00e0 la recherche d\u2019id\u00e9es commerciales et de start-up&rsquo;s \u00e9voluant dans l\u2019environnement de la mobilit\u00e9.<\/p>\n<h3><strong>Pourquoi en Isra\u00ebl?<\/strong><\/h3>\n<p>Isra\u00ebl est le site d\u2019investissement le plus impressionnant du monde apr\u00e8s la Silicon Valley. Elle compte plus de 200 start-up&rsquo;s dans le secteur de la mobilit\u00e9, renomm\u00e9es dans les domaines des technologies de l\u2019information, de la navigation, du Deep Learning, de l\u2019Augmented &amp; Virtual Reality et Safety &amp; Security. Le potentiel des start-up&rsquo;s n\u2019y est pas encore autant \u00e9puis\u00e9 qu\u2019\u00e0 la Silicon Valley. En outre, le temps de trajet de 3,5 heures est consid\u00e9rablement plus court qu\u2019un d\u00e9placement en Am\u00e9rique.<\/p>\n<h3><strong>Pourquoi, \u00e0 ton avis, c\u2019est justement en Isra\u00ebl que le secteur des start-up&rsquo;s est en pleine effervescence? <\/strong><\/h3>\n<p>D\u2019une part, de nombreuses start-up&rsquo;s qui y ont vu le jour ces derniers temps, comme Waze ou Mobileye, sont des spin-offs provenant de projets d\u2019origine militaire. En Isra\u00ebl, l\u2019arm\u00e9e rev\u00eat une tr\u00e8s grande importance et elle poss\u00e8de les technologies et les syst\u00e8mes les plus r\u00e9cents et les plus consid\u00e9rables. Ainsi, la plupart des Isra\u00e9liens qui ont suivi une formation dans l\u2019arm\u00e9e et qui ont int\u00e9gr\u00e9 des unit\u00e9s d\u2019\u00e9lite sont d\u00e9j\u00e0 bien pr\u00e9par\u00e9s. Et ils sont nombreux, parce qu\u2019en Isra\u00ebl, le service militaire est obligatoire pour les hommes et les femmes.<\/p>\n<p>D\u2019autre part, les Isra\u00e9liens ont une mentalit\u00e9 bien adapt\u00e9e aux start-up&rsquo;s: on sait qu\u2019ils remettent tout en question et n\u2019ont pas peur de l\u2019\u00e9chec. La soci\u00e9t\u00e9 isra\u00e9lienne accepte les \u00e9checs et de nombreux entrepreneurs ont fond\u00e9 une entreprise \u00e0 plusieurs reprises. En outre, il y a bien s\u00fbr beaucoup de bonnes universit\u00e9s dans ce pays et les Isra\u00e9liens ont la r\u00e9putation d\u2019avoir une approche globale des probl\u00e8mes.<\/p>\n<h3><strong>Quelle a \u00e9t\u00e9 ton exp\u00e9rience la plus impressionnante?<\/strong><\/h3>\n<p>Isra\u00ebl est un pays d\u2019immigration, il r\u00e9unit des gens de plus de 90\u00a0pays. Sa position g\u00e9opolitique est tr\u00e8s d\u00e9licate. Comme d\u00e9j\u00e0 mentionn\u00e9, les militaires ont un statut tr\u00e8s diff\u00e9rent de chez nous. Nous avons rencontr\u00e9 des Suisses et des Allemands qui ont choisi d\u2019accomplir trois ans de service militaire pour Isra\u00ebl. Par la suite, bon nombre d\u2019entre eux apportent une contribution active \u00e0 ce pays, que ce soit dans le cadre d\u2019une start-up ou de leur propre projet La d\u00e9termination et la motivation sont incroyables et imm\u00e9diatement perceptibles, sans toutefois m\u2019avoir donn\u00e9 l\u2019impression d\u2019\u00eatre dogmatiques.<\/p>\n<h3><strong>La Swiss Startup Factory SSUF vous a accompagn\u00e9s lors de votre visite.\u00a0 Comment se pr\u00e9sente votre coop\u00e9ration?<\/strong><\/h3>\n<p>La SSUF avait \u00e9t\u00e9 charg\u00e9e d\u2019\u00e9tablir le programme en fonction de nos besoins. Ils ont mis \u00e0 notre disposition leur r\u00e9seau d\u00e9j\u00e0 \u00e9tabli. Curieusement, le conseiller f\u00e9d\u00e9ral Schneider-Ammann \u00e9tait \u00e0 Tel-Aviv deux semaines avant nous et il a effectu\u00e9 quelques-unes des m\u00eames visites. Nous avons \u00e9galement eu le plaisir de rencontrer l\u2019ambassadeur de Suisse Jean-Daniel Ruch avec qui nous avons eu un \u00e9change int\u00e9ressant.<\/p>\n<div id=\"attachment_1534\" style=\"width: 630px\" class=\"wp-caption alignnone\"><img decoding=\"async\" aria-describedby=\"caption-attachment-1534\" class=\"size-medium wp-multi-image wp-multi-image-1534\" src=\"https:\/\/www.amag-group.ch\/blog\/wp-content\/uploads\/sites\/2\/2017\/12\/Start-up-Besuch-Israel2017_2-620x365.jpg\" alt=\"Photo de groupe de la d\u00e9l\u00e9gation d\u2019AMAG lors de la visite des start-ups \u00e0 Tel Aviv\" width=\"620\" height=\"365\" \/><p id=\"caption-attachment-1534\" class=\"wp-caption-text\">La d\u00e9l\u00e9gation d\u2019AMAG avec les repr\u00e9sentants de la Swiss Startup Factory<\/p><\/div>\n<p>&nbsp;<\/p>\n<h3><strong>De ton point de vue, quels sont les principaux learnings qui tu as retenu?<\/strong><\/h3>\n<p>Isra\u00ebl se distingue par ses comp\u00e9tences dans les domaines d\u00e9crits ci-dessus, dues \u00e0 la formation militaire. De plus, les Isra\u00e9liens sont tr\u00e8s dou\u00e9s pour mettre en place rapidement des projets pilotes et ma\u00eetrisent parfaitement les m\u00e9thodes de projet agiles. Il existe de nombreux parall\u00e8les, mais aussi des diff\u00e9rences avec la Suisse. La Suisse dispose de capacit\u00e9s compl\u00e9mentaires et, en tant que pays et en tant qu\u2019AMAG, nous pourrions tirer profit des caract\u00e9ristiques positives en les regroupant. La Swiss Startup Factory envisage d\u2019ouvrir une filiale \u00e0 Tel-Aviv. Nous aurons ainsi un acc\u00e8s indirect \u00e0 l\u2019industrie locale.<\/p>\n<h3><strong>Quelle est la prochaine \u00e9tape pour AMAG? Peux-tu nous donner un aper\u00e7u des futurs projets?<\/strong><\/h3>\n<p>Nous avons r\u00e9colt\u00e9 de nombreuses informations que nous aimerions aligner sur nos start-up&rsquo;s et nos projets. Nous examinons les cas pour lesquels il existe d\u00e9j\u00e0 des solutions et o\u00f9, par exemple, une combinaison serait judicieuse. J\u2019esp\u00e8re \u00e9galement que nous pourrons renforcer les contacts que nous avons nou\u00e9s sur le terrain.<\/p>\n<p><strong>\u00a0<\/strong><strong>Nous te remercions pour cet entretien.<\/strong><\/p>\n<h3><a href=\"http:\/\/www.amag.ch\/amagch\/corp\/fr\/newsletter\/anmeldeformular_Blog.html\" target=\"_blank\" rel=\"noopener\">Les actualit\u00e9s et le contexte de l\u2019univers automobile.<\/a><span style=\"text-decoration: underline;\"><a href=\"http:\/\/www.amag.ch\/amagch\/corp\/fr\/newsletter\/anmeldeformular_Blog.html\" target=\"_blank\" rel=\"noopener\">\u00a0<strong>Abonnez-vous d\u00e8s maintenant.<\/strong><\/a><\/span><\/h3>\n<p>&nbsp;<\/p>\n","protected":false},"excerpt":{"rendered":"<p>Les start-up&rsquo;s isra\u00e9liennes des domaines de la num\u00e9risation et de New Mobility comptent parmi les leaders mondiaux. La meilleure fa\u00e7on de s\u2019en faire une id\u00e9e et de chercher l\u2019inspiration, c\u2019est de se rendre sur place. Aussit\u00f4t dit, aussit\u00f4t fait: une d\u00e9l\u00e9gation d\u2019AMAG s\u2019est rendue \u00e0 Tel Aviv.<\/p>\n","protected":false},"author":27,"featured_media":7889,"comment_status":"open","ping_status":"open","sticky":false,"template":"","format":"standard","meta":{"_acf_changed":false,"inline_featured_image":false,"footnotes":""},"categories":[1795],"tags":[],"class_list":["post-8003","post","type-post","status-publish","format-standard","has-post-thumbnail","hentry","category-durabilite"],"acf":[],"_links":{"self":[{"href":"https:\/\/www.amag-group.ch\/blog\/fr\/wp-json\/wp\/v2\/posts\/8003","targetHints":{"allow":["GET"]}}],"collection":[{"href":"https:\/\/www.amag-group.ch\/blog\/fr\/wp-json\/wp\/v2\/posts"}],"about":[{"href":"https:\/\/www.amag-group.ch\/blog\/fr\/wp-json\/wp\/v2\/types\/post"}],"author":[{"embeddable":true,"href":"https:\/\/www.amag-group.ch\/blog\/fr\/wp-json\/wp\/v2\/users\/27"}],"replies":[{"embeddable":true,"href":"https:\/\/www.amag-group.ch\/blog\/fr\/wp-json\/wp\/v2\/comments?post=8003"}],"version-history":[{"count":0,"href":"https:\/\/www.amag-group.ch\/blog\/fr\/wp-json\/wp\/v2\/posts\/8003\/revisions"}],"wp:featuredmedia":[{"embeddable":true,"href":"https:\/\/www.amag-group.ch\/blog\/fr\/wp-json\/wp\/v2\/media\/7889"}],"wp:attachment":[{"href":"https:\/\/www.amag-group.ch\/blog\/fr\/wp-json\/wp\/v2\/media?parent=8003"}],"wp:term":[{"taxonomy":"category","embeddable":true,"href":"https:\/\/www.amag-group.ch\/blog\/fr\/wp-json\/wp\/v2\/categories?post=8003"},{"taxonomy":"post_tag","embeddable":true,"href":"https:\/\/www.amag-group.ch\/blog\/fr\/wp-json\/wp\/v2\/tags?post=8003"}],"curies":[{"name":"wp","href":"https:\/\/api.w.org\/{rel}","templated":true}]}}